{"id":997,"date":"2011-11-03T19:15:21","date_gmt":"2011-11-03T18:15:21","guid":{"rendered":"http:\/\/www.konstantin-goerlich.de\/wordpress\/?p=997"},"modified":"2011-11-03T19:26:18","modified_gmt":"2011-11-03T18:26:18","slug":"wenn-privates-politisch-ist-salomons-trennung-in-den-medien","status":"publish","type":"post","link":"https:\/\/www.konstantin-goerlich.de\/wordpress\/2011\/11\/03\/wenn-privates-politisch-ist-salomons-trennung-in-den-medien\/","title":{"rendered":"Wenn Privates politisch ist: Salomons Trennung in den Medien."},"content":{"rendered":"<p>Als ich vorhin zuf\u00e4llig auf badische-zeitung.de war fand ich eine kurze <a href=\"http:\/\/www.badische-zeitung.de\/freiburg\/ob-salomon-trennt-sich-von-seiner-ehefrau\">Meldung<\/a> von heute Mittag, die bisher nicht \u00fcber Twitter und Facebook herumging: Freiburgs Oberb\u00fcrgermeister Salomon habe sich von seiner Frau getrennt. Mein Tweet dazu:<\/p>\n<blockquote><p><a href=\"http:\/\/twitter.com\/#!\/konstantin_frbg\/status\/132136900956930048\">@konstantin_frbg<\/a>: Da es sich um ne reine Privatangelegenheit handelt, ist dieser Artikel nie erschienen:\u00a0<a href=\"http:\/\/t.co\/GnW9uBu8\" rel=\"nofollow nofollow\" target=\"_blank\">http:\/\/t.co\/GnW9uBu8<\/a>\u00a0#salomon #freiburg #trennung<\/p><\/blockquote>\n<p>war als Anspielung darauf gemeint, da\u00df die Kommentare zum Artikel mit eben diesem Verweis auf eine reine Privatsache geschlossen sind. Nun entbrennt aber u.a. auf Facebook eine Debatte dar\u00fcber, ob eine solche Privatsache denn <em>\u00fcberhaupt<\/em> in die Zeitung geh\u00f6rt. Salomonanh\u00e4nger meinen wenig \u00fcberraschend nein, sie beinhalte keinerlei politische Aussage:<\/p>\n<blockquote><p><a href=\"http:\/\/twitter.com\/#!\/DVaulont\/status\/132144335197184000\">@DVaulont<\/a>: Das Privatleben von Politikern interessiert mich nicht. #Privatsache<\/p><\/blockquote>\n<p>Dem habe ich entgegnet, da\u00df es f\u00fcr viele eben doch relevant sein kann, wer sie politisch vertritt, auch und gerade au\u00dferhalb der Zeiten gesch\u00f6nter Wahlkampfbilder. Genau genommen haben sie sogar ein Recht drauf. Wowereit sagt auf einem Parteitag: &#8222;Ich bin schwul und das ist auch gut so&#8220;. Salomon gibt in der BZ bekannt, da\u00df er sich von seiner Frau trennt und schon &#8222;seit einiger Zeit&#8220; in einer neuen Beziehung ist. Na und? W\u00fcnschen wir ihm doch einfach neues Gl\u00fcck!<\/p>\n<blockquote><p><a href=\"https:\/\/twitter.com\/_tillwe_\/status\/132160137455607809\">@_tillwe_<\/a>: Solange PolitikerInnen bei Empf\u00e4ngen als Paar auftreten, ist deren Privates nur halb-privat. #ob #freiburg<\/p><\/blockquote>\n<p>Hier gleich mit dem Boulevardzeitungsvorwurf die ganz gro\u00dfe Keule zu schwingen ist sicherlich etwas weit ausgeholt, auch wenn man durchaus die Frage stellen darf, ob der Name der Neuen an Salomons Seite gleich genannt und eine zeitliche \u00dcberlappung beider Beziehungen zumindest angedeutet (&#8222;hat sich getrennt&#8220;, &#8222;seit einiger Zeit&#8220;) werden muss. Andererseits handelt es sich laut BZ um seine B\u00fcroleiterin:<\/p>\n<blockquote><p><a href=\"https:\/\/twitter.com\/mikes1985\/status\/132160510346014720\">@mikes1985<\/a>: das ganze kann schon politisch sein, da seine Neue sein B\u00fcro leitet, er also vllcht. \u00a0seine neue bevorzugt hat<\/p><\/blockquote>\n<p>Das Verst\u00e4ndnis f\u00fcr die geschlossenen Kommentare h\u00e4lt sich hingegen in sehr engen Grenzen. Meinungen verhindert man damit nicht, schon gar nicht in einem auf Kommunikation in beiden Richtungen angelegten Medium. Und egal ob unter Pseudonym oder nicht ist immernoch jeder Kommentator selbst f\u00fcr das verantwortlich, was er schreibt.<\/p>\n<p>Insgesamt finde ich, bis auf die mit Verweis auf eine reine Privatsache geschlossenen Kommentare, die Meldung genau auf der Linie. Was meint Ihr?<\/p>\n<p>[Update (19:25 Uhr): Tweets von @_tillwe_ und @mikes1985 herbeizitiert.]<\/p>\n","protected":false},"excerpt":{"rendered":"<p>Als ich vorhin zuf\u00e4llig auf badische-zeitung.de war fand ich eine kurze Meldung von heute Mittag, die bisher nicht \u00fcber Twitter und Facebook herumging: Freiburgs Oberb\u00fcrgermeister Salomon habe sich von seiner Frau getrennt. Mein Tweet dazu: @konstantin_frbg: Da es sich um ne reine Privatangelegenheit handelt, ist dieser Artikel nie erschienen:\u00a0http:\/\/t.co\/GnW9uBu8\u00a0#salomon #freiburg #trennung war als Anspielung darauf &#8230; <\/p>\n<p class=\"read-more-container\"><a title=\"Wenn Privates politisch ist: Salomons Trennung in den Medien.\" class=\"read-more button\" href=\"https:\/\/www.konstantin-goerlich.de\/wordpress\/2011\/11\/03\/wenn-privates-politisch-ist-salomons-trennung-in-den-medien\/#more-997\" aria-label=\"Mehr Informationen \u00fcber Wenn Privates politisch ist: Salomons Trennung in den Medien.\">weiterlesen<\/a><\/p>\n","protected":false},"author":1,"featured_media":0,"comment_status":"open","ping_status":"open","sticky":false,"template":"","format":"standard","meta":{"footnotes":""},"categories":[1],"tags":[],"_links":{"self":[{"href":"https:\/\/www.konstantin-goerlich.de\/wordpress\/wp-json\/wp\/v2\/posts\/997"}],"collection":[{"href":"https:\/\/www.konstantin-goerlich.de\/wordpress\/wp-json\/wp\/v2\/posts"}],"about":[{"href":"https:\/\/www.konstantin-goerlich.de\/wordpress\/wp-json\/wp\/v2\/types\/post"}],"author":[{"embeddable":true,"href":"https:\/\/www.konstantin-goerlich.de\/wordpress\/wp-json\/wp\/v2\/users\/1"}],"replies":[{"embeddable":true,"href":"https:\/\/www.konstantin-goerlich.de\/wordpress\/wp-json\/wp\/v2\/comments?post=997"}],"version-history":[{"count":2,"href":"https:\/\/www.konstantin-goerlich.de\/wordpress\/wp-json\/wp\/v2\/posts\/997\/revisions"}],"predecessor-version":[{"id":1001,"href":"https:\/\/www.konstantin-goerlich.de\/wordpress\/wp-json\/wp\/v2\/posts\/997\/revisions\/1001"}],"wp:attachment":[{"href":"https:\/\/www.konstantin-goerlich.de\/wordpress\/wp-json\/wp\/v2\/media?parent=997"}],"wp:term":[{"taxonomy":"category","embeddable":true,"href":"https:\/\/www.konstantin-goerlich.de\/wordpress\/wp-json\/wp\/v2\/categories?post=997"},{"taxonomy":"post_tag","embeddable":true,"href":"https:\/\/www.konstantin-goerlich.de\/wordpress\/wp-json\/wp\/v2\/tags?post=997"}],"curies":[{"name":"wp","href":"https:\/\/api.w.org\/{rel}","templated":true}]}}