{"id":995,"date":"2011-10-18T16:05:22","date_gmt":"2011-10-18T14:05:22","guid":{"rendered":"http:\/\/www.konstantin-goerlich.de\/wordpress\/?p=995"},"modified":"2011-10-18T16:05:22","modified_gmt":"2011-10-18T14:05:22","slug":"was-macht-eigentlich-der-vorstand-er-bloggt","status":"publish","type":"post","link":"https:\/\/www.konstantin-goerlich.de\/wordpress\/2011\/10\/18\/was-macht-eigentlich-der-vorstand-er-bloggt\/","title":{"rendered":"Was macht eigentlich der Vorstand? Er bloggt."},"content":{"rendered":"<p>Es ist wieder soweit: Der u-asta, die Studierendenvertretung an der Uni Freiburg, hat einen neuen Vorstand. Diesmal hat es unter anderem Lenni erwischt, den manch einer vielleicht noch von seinem <a href=\"http:\/\/djangovisitsiowa.wordpress.com\/\" target=\"_blank\">Blog aus Iowa<\/a> kennt, wo er \u2013 damals noch als <a href=\"http:\/\/fudder.de\/artikel\/2011\/02\/24\/ein-freiburger-bloggt-aus-iowa-5-antworten-von-django\/\" target=\"_blank\">Django<\/a>\u00a0\u2013 seine Auslandssemester unterhaltsam vertextet hat. Jetzt ist er wieder in der Blogosph\u00e4re zu finden, und es verspricht, spannend zu werden. Das Mission-Statement vom wasmachteigentlichdervorstand-Blog:<\/p>\n<blockquote><p>In diesem Blog ist der Name Programm. Hier soll im folgenden Jahr dar\u00fcber geblogt werden, was der u-asta Vorstand der Uni Freiburg eigentlich so macht. Was genau ist der u-asta? Das kann man\u00a0<a title=\"hier\" href=\"http:\/\/www.u-asta.uni-freiburg.de\/struktur\/studischaft\">hier<\/a>\u00a0erfahren. Bloggen tut bis auf weiteres Lennart, der seit dem 1.10. zusammen mit Laura und Till mit dem Vorstandsamt betraut ist. Dabei soll nicht erneut erkl\u00e4rt werden, was anderswo bereits steht, sondern es soll ein pers\u00f6nlicher Blick auf das Uni-Geschehen geworfen werden.<\/p><\/blockquote>\n<p>Sicherlich wird <a href=\"http:\/\/wasmachteigentlichdervorstand.wordpress.com\/\" target=\"_blank\">http:\/\/wasmachteigentlichdervorstand.wordpress.com\/<\/a>\u00a0ein kleiner Lichtblick an Pers\u00f6nlichkeit und Transparenz in der f\u00fcr au\u00dfenstehende Ottonormalstudierende sonst so undurchsichtigen, unpers\u00f6nlichen und propagandistisch-monotonen Studierendenvertretung. Folgen lohnt sich bestimmt!<\/p>\n","protected":false},"excerpt":{"rendered":"<p>Es ist wieder soweit: Der u-asta, die Studierendenvertretung an der Uni Freiburg, hat einen neuen Vorstand. Diesmal hat es unter anderem Lenni erwischt, den manch einer vielleicht noch von seinem Blog aus Iowa kennt, wo er \u2013 damals noch als Django\u00a0\u2013 seine Auslandssemester unterhaltsam vertextet hat. Jetzt ist er wieder in der Blogosph\u00e4re zu finden, &#8230; <\/p>\n<p class=\"read-more-container\"><a title=\"Was macht eigentlich der Vorstand? Er bloggt.\" class=\"read-more button\" href=\"https:\/\/www.konstantin-goerlich.de\/wordpress\/2011\/10\/18\/was-macht-eigentlich-der-vorstand-er-bloggt\/#more-995\" aria-label=\"Mehr Informationen \u00fcber Was macht eigentlich der Vorstand? Er bloggt.\">weiterlesen<\/a><\/p>\n","protected":false},"author":1,"featured_media":0,"comment_status":"open","ping_status":"open","sticky":false,"template":"","format":"standard","meta":{"footnotes":""},"categories":[1],"tags":[],"_links":{"self":[{"href":"https:\/\/www.konstantin-goerlich.de\/wordpress\/wp-json\/wp\/v2\/posts\/995"}],"collection":[{"href":"https:\/\/www.konstantin-goerlich.de\/wordpress\/wp-json\/wp\/v2\/posts"}],"about":[{"href":"https:\/\/www.konstantin-goerlich.de\/wordpress\/wp-json\/wp\/v2\/types\/post"}],"author":[{"embeddable":true,"href":"https:\/\/www.konstantin-goerlich.de\/wordpress\/wp-json\/wp\/v2\/users\/1"}],"replies":[{"embeddable":true,"href":"https:\/\/www.konstantin-goerlich.de\/wordpress\/wp-json\/wp\/v2\/comments?post=995"}],"version-history":[{"count":1,"href":"https:\/\/www.konstantin-goerlich.de\/wordpress\/wp-json\/wp\/v2\/posts\/995\/revisions"}],"predecessor-version":[{"id":996,"href":"https:\/\/www.konstantin-goerlich.de\/wordpress\/wp-json\/wp\/v2\/posts\/995\/revisions\/996"}],"wp:attachment":[{"href":"https:\/\/www.konstantin-goerlich.de\/wordpress\/wp-json\/wp\/v2\/media?parent=995"}],"wp:term":[{"taxonomy":"category","embeddable":true,"href":"https:\/\/www.konstantin-goerlich.de\/wordpress\/wp-json\/wp\/v2\/categories?post=995"},{"taxonomy":"post_tag","embeddable":true,"href":"https:\/\/www.konstantin-goerlich.de\/wordpress\/wp-json\/wp\/v2\/tags?post=995"}],"curies":[{"name":"wp","href":"https:\/\/api.w.org\/{rel}","templated":true}]}}