{"id":985,"date":"2011-07-20T18:40:20","date_gmt":"2011-07-20T16:40:20","guid":{"rendered":"http:\/\/www.konstantin-goerlich.de\/wordpress\/?p=985"},"modified":"2011-07-21T13:13:59","modified_gmt":"2011-07-21T11:13:59","slug":"uberblick-in-letzter-zeit-auf-fudder-de-erschienen","status":"publish","type":"post","link":"https:\/\/www.konstantin-goerlich.de\/wordpress\/2011\/07\/20\/uberblick-in-letzter-zeit-auf-fudder-de-erschienen\/","title":{"rendered":"\u00dcberblick: In letzter Zeit auf fudder.de erschienen."},"content":{"rendered":"<p>Bis vor einiger Zeit hatte ich ja zu jedem andernorts ver\u00f6ffentlichten Artikel hier einen eigenen Blogpost angelegt. Das ist nun nicht mehr so, daher hier eine handliche \u00dcbersicht \u00fcber mein gefuddertes der letzten Wochen:<\/p>\n<ul>\n<li>Gerade heute erschien die Sache mit den Social Media Cops: <a href=\"http:\/\/fudder.de\/artikel\/2011\/07\/20\/fahndungshelfer-facebook-wie-die-polizei-social-media-nutzt\/\" target=\"_blank\">Fahndungshelfer Facebook. Wie die Polizei Social Media nutzt.<\/a> Oder auch nicht nutzt. Sollte sie?<\/li>\n<li>Auf dem ZMF war ich auch, und zwar beim ziemlich einzigartig-genialen Konzert von <a href=\"http:\/\/fudder.de\/artikel\/2011\/07\/14\/katzenjammer-im-spiegelzelt-die-fabelhafte-welt-der-vielfalt\/\" target=\"_blank\">Katzenjammer im Spiegelzelt: Die fabelhafte Welt der Vielfalt.<\/a><\/li>\n<li>Nach Blitzbesetzung und Blitzr\u00e4umung der Goethestra\u00dfe 2 wartet so mancher auf das Finale der <a href=\"http:\/\/fudder.de\/artikel\/2011\/07\/04\/die-hausbesetzungs-castingshow-freiburg-sucht-den-supersquat\/\" target=\"_blank\">Hausbesetzungscastingshow: Freiburg sucht den Supersquat<\/a>, deren Macher ich zu Hinter- und Beweggr\u00fcnden befragt hatte.<\/li>\n<li>\u00c4hnlich bunt geht es bei Burschenschaften zu. Als deren Dachverband vor einem Rechts- bzw. Braunruck stand, stellte sich erst die Frage: <a href=\"http:\/\/fudder.de\/artikel\/2011\/06\/16\/verlangen-zwei-freiburger-burschenschaften-bald-ariernachweise\/\" target=\"_blank\">Verlangen zwei Freiburger Burschenschaften bald &#8218;Ariernachweise&#8216;?<\/a><\/li>\n<li>Nein, tun sie nicht, war ein paar Tage sp\u00e4ter die Antwort auf den\u00a0<a href=\"http:\/\/fudder.de\/artikel\/2011\/06\/21\/rassismus-in-der-deutschen-burschenschaft-was-ein-freiburger-teutone-dazu-sagt\/\" target=\"_blank\">Rassismus in der Deutschen Burschenschaft: Was ein Freiburger Teutone dazu sagt.<\/a><\/li>\n<\/ul>\n<p>Und wenn ich mal gar nichts zu tun habe, dann bastel ich eine frisch-gefuddert-Box f\u00fcr die Seitenspalte. Allerdings m\u00fcssten daf\u00fcr erstmal all meine Fudder-Artikel den gleichen Autor-Tag haben&#8230; Es gibt eben immer was zu tun ;-)<\/p>\n","protected":false},"excerpt":{"rendered":"<p>Bis vor einiger Zeit hatte ich ja zu jedem andernorts ver\u00f6ffentlichten Artikel hier einen eigenen Blogpost angelegt. Das ist nun nicht mehr so, daher hier eine handliche \u00dcbersicht \u00fcber mein gefuddertes der letzten Wochen: Gerade heute erschien die Sache mit den Social Media Cops: Fahndungshelfer Facebook. Wie die Polizei Social Media nutzt. Oder auch nicht &#8230; <\/p>\n<p class=\"read-more-container\"><a title=\"\u00dcberblick: In letzter Zeit auf fudder.de erschienen.\" class=\"read-more button\" href=\"https:\/\/www.konstantin-goerlich.de\/wordpress\/2011\/07\/20\/uberblick-in-letzter-zeit-auf-fudder-de-erschienen\/#more-985\" aria-label=\"Mehr Informationen \u00fcber \u00dcberblick: In letzter Zeit auf fudder.de erschienen.\">weiterlesen<\/a><\/p>\n","protected":false},"author":1,"featured_media":0,"comment_status":"open","ping_status":"open","sticky":false,"template":"","format":"standard","meta":{"footnotes":""},"categories":[1],"tags":[],"_links":{"self":[{"href":"https:\/\/www.konstantin-goerlich.de\/wordpress\/wp-json\/wp\/v2\/posts\/985"}],"collection":[{"href":"https:\/\/www.konstantin-goerlich.de\/wordpress\/wp-json\/wp\/v2\/posts"}],"about":[{"href":"https:\/\/www.konstantin-goerlich.de\/wordpress\/wp-json\/wp\/v2\/types\/post"}],"author":[{"embeddable":true,"href":"https:\/\/www.konstantin-goerlich.de\/wordpress\/wp-json\/wp\/v2\/users\/1"}],"replies":[{"embeddable":true,"href":"https:\/\/www.konstantin-goerlich.de\/wordpress\/wp-json\/wp\/v2\/comments?post=985"}],"version-history":[{"count":3,"href":"https:\/\/www.konstantin-goerlich.de\/wordpress\/wp-json\/wp\/v2\/posts\/985\/revisions"}],"predecessor-version":[{"id":987,"href":"https:\/\/www.konstantin-goerlich.de\/wordpress\/wp-json\/wp\/v2\/posts\/985\/revisions\/987"}],"wp:attachment":[{"href":"https:\/\/www.konstantin-goerlich.de\/wordpress\/wp-json\/wp\/v2\/media?parent=985"}],"wp:term":[{"taxonomy":"category","embeddable":true,"href":"https:\/\/www.konstantin-goerlich.de\/wordpress\/wp-json\/wp\/v2\/categories?post=985"},{"taxonomy":"post_tag","embeddable":true,"href":"https:\/\/www.konstantin-goerlich.de\/wordpress\/wp-json\/wp\/v2\/tags?post=985"}],"curies":[{"name":"wp","href":"https:\/\/api.w.org\/{rel}","templated":true}]}}