{"id":977,"date":"2011-07-06T07:30:05","date_gmt":"2011-07-06T05:30:05","guid":{"rendered":"http:\/\/www.konstantin-goerlich.de\/wordpress\/?p=977"},"modified":"2011-07-06T11:34:10","modified_gmt":"2011-07-06T09:34:10","slug":"uniwahl-bestatigt-bisherige-verhaltnisse-uberraschungen-im-detail","status":"publish","type":"post","link":"https:\/\/www.konstantin-goerlich.de\/wordpress\/2011\/07\/06\/uniwahl-bestatigt-bisherige-verhaltnisse-uberraschungen-im-detail\/","title":{"rendered":"Uniwahl best\u00e4tigt bisherige Verh\u00e4ltnisse &#8211; \u00dcberraschungen im Detail"},"content":{"rendered":"<p>Bei der gestrigen Wahl an der Uni Freiburg gab es keine Ver\u00e4nderungen bei den Sitzverteilungen in AStA und Senat: Liberale Hochschulgruppe und RCDS sind weiter mit je einem Sitz vertreten, die Jusos konnten, trotz herber Verluste von knapp 10% an drei Fakult\u00e4ten, mit einem Minus von insgesamt 2,6% ihre 3 Sitze halten und buf, das Fachschaftenb\u00fcndnis f\u00fcr den u-asta, konnte mit seinen beiden Listen die komfortable Zweidrittelmehrheit von 10 Sitzen ebenfalls halten. Auch im Senat bleibt alles beim alten: 3 buf-Vertreter und ein Juso gehen in das wichtige Gremium. Die Wahlbeteiligung lag mit 16,1% leicht h\u00f6her als bei vergangenen Wahlen, ist aber immernoch ein Armutszeugnis f\u00fcr 83,9% der Studierenden.<\/p>\n<p>Im Detail jedoch gab es einige \u00dcberraschungen. So verpasste der auf Platz 1 der RCDS-Liste kandidierende Jan Philip Unger den anvisierten Einzug in den AStA um ganze 10 Stimmen. An seiner statt schaffte es die auf Platz 2 ins Rennen gestartete Eva-Maria Bauer und durchbricht damit eine gl\u00e4serne Decke: Wann war zuletzt eine Frau f\u00fcr den RCDS im AStA? Man wei\u00df es nicht. \u00dcberhaupt sind 3 der 4 Senatsvertreter weiblich, dem AStA geh\u00f6ren bei 15 Sitzen k\u00fcnftig 9 Frauen an. Jetzt m\u00fcsste der AStA nur noch etwas zu sagen haben &#8230;<\/p>\n<p>Bei den buf-Listen gab es eine \u00e4hnliche, jedoch noch faustdickere Sensation: anstelle der auf buf b Platz 1 kandidierenden designierten u-asta-Vorst\u00e4ndin Laura Maylein erhielt \u00fcberraschend Hannah Wallenfels (Platz 3) den dritten buf-Senatsplatz. Es passiert immer, da\u00df Leute dramatisch hochgew\u00e4hlt werden. Beispielsweise schaffte es die auf buf a kandidierende Medizinstudentin Janine G\u00fcnther von Platz 12 aus in den AStA. Ein erster Platz auf einer buf-Liste war aber in der Vergangenheit immer ein sicheres Senatsticket.<\/p>\n<p>So konnte man bei aller Planung mal wieder eines lernen: Am Ende macht der W\u00e4hler einfach was er will.<\/p>\n<p>\u00dcbrigens: Stimmenk\u00f6nig wurde der Senats- und u-asta-Vorstandskandidat Lennart Lein (buf a Platz 1), der allein mehr Stimmen bekam als die gesamte Liberale Hochschulgruppe.<\/p>\n<p><strong>Update<\/strong>: Juso-Verluste korrigiert und RCDS-Absatz um Frauenanteil erg\u00e4nzt. Und noch ein Link: Die Gesamtergebnisse mit Grafiken und allen Fakult\u00e4tsr\u00e4ten gibts beim <a href=\"http:\/\/www.u-asta.uni-freiburg.de\/politik\/uniwahlen\/archiv\/ergebnisse-uniwahl-2011\" target=\"_blank\">u-asta<\/a>.<\/p>\n","protected":false},"excerpt":{"rendered":"<p>Bei der gestrigen Wahl an der Uni Freiburg gab es keine Ver\u00e4nderungen bei den Sitzverteilungen in AStA und Senat: Liberale Hochschulgruppe und RCDS sind weiter mit je einem Sitz vertreten, die Jusos konnten, trotz herber Verluste von knapp 10% an drei Fakult\u00e4ten, mit einem Minus von insgesamt 2,6% ihre 3 Sitze halten und buf, das &#8230; <\/p>\n<p class=\"read-more-container\"><a title=\"Uniwahl best\u00e4tigt bisherige Verh\u00e4ltnisse &#8211; \u00dcberraschungen im Detail\" class=\"read-more button\" href=\"https:\/\/www.konstantin-goerlich.de\/wordpress\/2011\/07\/06\/uniwahl-bestatigt-bisherige-verhaltnisse-uberraschungen-im-detail\/#more-977\" aria-label=\"Mehr Informationen \u00fcber Uniwahl best\u00e4tigt bisherige Verh\u00e4ltnisse &#8211; \u00dcberraschungen im Detail\">weiterlesen<\/a><\/p>\n","protected":false},"author":1,"featured_media":0,"comment_status":"open","ping_status":"open","sticky":false,"template":"","format":"standard","meta":{"footnotes":""},"categories":[1],"tags":[],"_links":{"self":[{"href":"https:\/\/www.konstantin-goerlich.de\/wordpress\/wp-json\/wp\/v2\/posts\/977"}],"collection":[{"href":"https:\/\/www.konstantin-goerlich.de\/wordpress\/wp-json\/wp\/v2\/posts"}],"about":[{"href":"https:\/\/www.konstantin-goerlich.de\/wordpress\/wp-json\/wp\/v2\/types\/post"}],"author":[{"embeddable":true,"href":"https:\/\/www.konstantin-goerlich.de\/wordpress\/wp-json\/wp\/v2\/users\/1"}],"replies":[{"embeddable":true,"href":"https:\/\/www.konstantin-goerlich.de\/wordpress\/wp-json\/wp\/v2\/comments?post=977"}],"version-history":[{"count":4,"href":"https:\/\/www.konstantin-goerlich.de\/wordpress\/wp-json\/wp\/v2\/posts\/977\/revisions"}],"predecessor-version":[{"id":979,"href":"https:\/\/www.konstantin-goerlich.de\/wordpress\/wp-json\/wp\/v2\/posts\/977\/revisions\/979"}],"wp:attachment":[{"href":"https:\/\/www.konstantin-goerlich.de\/wordpress\/wp-json\/wp\/v2\/media?parent=977"}],"wp:term":[{"taxonomy":"category","embeddable":true,"href":"https:\/\/www.konstantin-goerlich.de\/wordpress\/wp-json\/wp\/v2\/categories?post=977"},{"taxonomy":"post_tag","embeddable":true,"href":"https:\/\/www.konstantin-goerlich.de\/wordpress\/wp-json\/wp\/v2\/tags?post=977"}],"curies":[{"name":"wp","href":"https:\/\/api.w.org\/{rel}","templated":true}]}}