{"id":962,"date":"2011-06-15T17:32:44","date_gmt":"2011-06-15T15:32:44","guid":{"rendered":"http:\/\/www.konstantin-goerlich.de\/wordpress\/?p=962"},"modified":"2011-06-30T00:58:35","modified_gmt":"2011-06-29T22:58:35","slug":"die-klarung-eines-sachverhalts","status":"publish","type":"post","link":"https:\/\/www.konstantin-goerlich.de\/wordpress\/2011\/06\/15\/die-klarung-eines-sachverhalts\/","title":{"rendered":"Die Kl\u00e4rung eines Sachverhalts."},"content":{"rendered":"<p>F\u00fcr die Deutsche Demokratische Republik, einen meiner Studienschwerpunkte und Teil meiner Heimat, gab es schon viele Einordnungen. Als Diktatur (n\u00e4mlich des Proletariats) bezeichnete sie sich, nicht ganz ohne Zynismus, gelegentlich sogar selbst. Heute ist die Bezeichnung &#8222;Unrechtsstaat&#8220; \u2013 als Gegenteil unseres Rechtsstaats \u2013 wohl die treffendste.<\/p>\n<p>Was ist das aber, ein Unrechtsstaat? Er kennt keine Gewaltenteilung, sondern die Allmacht. Damit kennt er auch keine unabh\u00e4ngigen Gerichte, keine Rechtsweggarantie, keine Grundrechte. Fundamentale Grunds\u00e4tze und gleichzeitig kaum fassbare Selbstverst\u00e4ndlichkeiten. Der Kurzfilm &#8222;Die Kl\u00e4rung eines Sachverhalts&#8220;, den ich <a href=\"http:\/\/www.zeit.de\/kultur\/film\/2011-06\/kurzfilm-wendland-klaerung-sachverhalts\" target=\"_blank\">bei ZeitOnline gefunden<\/a> habe, macht das Ganze greifbarer als, so meine ich, es nicht einmal &#8222;Das Leben der Anderen&#8220; vermochte.<\/p>\n<p>Anhand eines Verh\u00f6rs beim Ministerium f\u00fcr Staatssicherheit wird die Allmacht der herrschenden Partei, als deren Schild und Schwert sich das MfS stilisierte, greifbar dargestellt. Eine Perfidit\u00e4tsspirale, an deren Ende das Unrecht steht. Ein\u00a0authentischer,\u00a0einzelner Fall, aber kein Einzelfall, sondern einer von Zehntausenden, die in aller Regel mit einem ganz bestimmten Satz begannen: &#8222;Bitte folgen Sie mir zur Kl\u00e4rung eines Sachverhalts!&#8220;<\/p>\n<p><object id=\"flashObj\" classid=\"clsid:D27CDB6E-AE6D-11cf-96B8-444553540000\" width=\"600\" height=\"336\" codebase=\"http:\/\/download.macromedia.com\/pub\/shockwave\/cabs\/flash\/swflash.cab#version=9,0,47,0\"><param name=\"movie\" value=\"http:\/\/c.brightcove.com\/services\/viewer\/federated_f9?isVid=1&amp;isUI=1\" \/><param name=\"bgcolor\" value=\"#FFFFFF\" \/><param name=\"flashVars\" value=\"videoId=973748495001&amp;linkBaseURL=http%3A%2F%2Fvideo.zeit.de%2Fvideo%2F973748495001&amp;playerID=71239018001&amp;playerKey=AQ~~,AAAABDk7jCk~,Hc7JUgOccNrJEfCrmXm47o33h5TBn3UD&amp;domain=embed&amp;dynamicStreaming=true\" \/><param name=\"base\" value=\"http:\/\/admin.brightcove.com\" \/><param name=\"seamlesstabbing\" value=\"false\" \/><param name=\"allowFullScreen\" value=\"true\" \/><param name=\"swLiveConnect\" value=\"true\" \/><param name=\"allowScriptAccess\" value=\"always\" \/><embed type=\"application\/x-shockwave-flash\" width=\"600\" height=\"336\" src=\"http:\/\/c.brightcove.com\/services\/viewer\/federated_f9?isVid=1&amp;isUI=1\" pluginspage=\"http:\/\/www.macromedia.com\/shockwave\/download\/index.cgi?P1_Prod_Version=ShockwaveFlash\" swliveconnect=\"true\" allowscriptaccess=\"always\" allowfullscreen=\"true\" seamlesstabbing=\"false\" name=\"flashObj\" base=\"http:\/\/admin.brightcove.com\" flashvars=\"videoId=973748495001&amp;linkBaseURL=http%3A%2F%2Fvideo.zeit.de%2Fvideo%2F973748495001&amp;playerID=71239018001&amp;playerKey=AQ~~,AAAABDk7jCk~,Hc7JUgOccNrJEfCrmXm47o33h5TBn3UD&amp;domain=embed&amp;dynamicStreaming=true\" bgcolor=\"#FFFFFF\"><\/embed><\/object><\/p>\n","protected":false},"excerpt":{"rendered":"<p>F\u00fcr die Deutsche Demokratische Republik, einen meiner Studienschwerpunkte und Teil meiner Heimat, gab es schon viele Einordnungen. Als Diktatur (n\u00e4mlich des Proletariats) bezeichnete sie sich, nicht ganz ohne Zynismus, gelegentlich sogar selbst. Heute ist die Bezeichnung &#8222;Unrechtsstaat&#8220; \u2013 als Gegenteil unseres Rechtsstaats \u2013 wohl die treffendste. Was ist das aber, ein Unrechtsstaat? Er kennt keine &#8230; <\/p>\n<p class=\"read-more-container\"><a title=\"Die Kl\u00e4rung eines Sachverhalts.\" class=\"read-more button\" href=\"https:\/\/www.konstantin-goerlich.de\/wordpress\/2011\/06\/15\/die-klarung-eines-sachverhalts\/#more-962\" aria-label=\"Mehr Informationen \u00fcber Die Kl\u00e4rung eines Sachverhalts.\">weiterlesen<\/a><\/p>\n","protected":false},"author":1,"featured_media":0,"comment_status":"open","ping_status":"open","sticky":false,"template":"","format":"standard","meta":{"footnotes":""},"categories":[1],"tags":[],"_links":{"self":[{"href":"https:\/\/www.konstantin-goerlich.de\/wordpress\/wp-json\/wp\/v2\/posts\/962"}],"collection":[{"href":"https:\/\/www.konstantin-goerlich.de\/wordpress\/wp-json\/wp\/v2\/posts"}],"about":[{"href":"https:\/\/www.konstantin-goerlich.de\/wordpress\/wp-json\/wp\/v2\/types\/post"}],"author":[{"embeddable":true,"href":"https:\/\/www.konstantin-goerlich.de\/wordpress\/wp-json\/wp\/v2\/users\/1"}],"replies":[{"embeddable":true,"href":"https:\/\/www.konstantin-goerlich.de\/wordpress\/wp-json\/wp\/v2\/comments?post=962"}],"version-history":[{"count":4,"href":"https:\/\/www.konstantin-goerlich.de\/wordpress\/wp-json\/wp\/v2\/posts\/962\/revisions"}],"predecessor-version":[{"id":972,"href":"https:\/\/www.konstantin-goerlich.de\/wordpress\/wp-json\/wp\/v2\/posts\/962\/revisions\/972"}],"wp:attachment":[{"href":"https:\/\/www.konstantin-goerlich.de\/wordpress\/wp-json\/wp\/v2\/media?parent=962"}],"wp:term":[{"taxonomy":"category","embeddable":true,"href":"https:\/\/www.konstantin-goerlich.de\/wordpress\/wp-json\/wp\/v2\/categories?post=962"},{"taxonomy":"post_tag","embeddable":true,"href":"https:\/\/www.konstantin-goerlich.de\/wordpress\/wp-json\/wp\/v2\/tags?post=962"}],"curies":[{"name":"wp","href":"https:\/\/api.w.org\/{rel}","templated":true}]}}