{"id":957,"date":"2011-06-09T17:58:07","date_gmt":"2011-06-09T15:58:07","guid":{"rendered":"http:\/\/www.konstantin-goerlich.de\/wordpress\/?p=957"},"modified":"2011-06-09T17:58:07","modified_gmt":"2011-06-09T15:58:07","slug":"papamobile-papstwerbung","status":"publish","type":"post","link":"https:\/\/www.konstantin-goerlich.de\/wordpress\/2011\/06\/09\/papamobile-papstwerbung\/","title":{"rendered":"Papamobile Papstwerbung."},"content":{"rendered":"<p><img loading=\"lazy\" decoding=\"async\" class=\"alignnone size-full wp-image-958\" title=\"papawerbemobil\" src=\"https:\/\/www.konstantin-goerlich.de\/wordpress\/wp-content\/uploads\/2011\/06\/papawerbemobil.jpg\" alt=\"\" width=\"600\" height=\"293\" srcset=\"https:\/\/www.konstantin-goerlich.de\/wordpress\/wp-content\/uploads\/2011\/06\/papawerbemobil.jpg 600w, https:\/\/www.konstantin-goerlich.de\/wordpress\/wp-content\/uploads\/2011\/06\/papawerbemobil-150x73.jpg 150w, https:\/\/www.konstantin-goerlich.de\/wordpress\/wp-content\/uploads\/2011\/06\/papawerbemobil-300x147.jpg 300w\" sizes=\"(max-width: 600px) 100vw, 600px\" \/><\/p>\n<p>Diese Werbemobile kann man derzeit durch Freiburg rollen sehen. Offensichtlich geht es um den Papstbesuch im November. Beworben wird die Kartenreservierung zum Papstgucken. Als ob man daf\u00fcr werben m\u00fcsste!<\/p>\n<p>Merkw\u00fcrdig finde ich die Werbeform, insbesondere in Freiburg, der selbsternannten Green City. W\u00e4ren Werbefahrr\u00e4der vielleicht angebrachter gewesen? Und ist das \u00fcberhaupt erlaubt? Der Umweltschutzparagraph 30 der Stra\u00dfenverkehrsordnung (StVO) sagt hierzu in Absatz 1 Satz 3:<\/p>\n<blockquote><p>Unn\u00fctzes Hin- und\u00a0Herfahren ist innerhalb geschlossener Ortschaften verboten, wenn andere dadurch\u00a0bel\u00e4stigt werden.<\/p><\/blockquote>\n<p>Vielleicht sollte man in dieser Sache eines nicht sein: p\u00e4pstlicher als der Papst.<\/p>\n<p>&nbsp;<\/p>\n","protected":false},"excerpt":{"rendered":"<p>Diese Werbemobile kann man derzeit durch Freiburg rollen sehen. Offensichtlich geht es um den Papstbesuch im November. Beworben wird die Kartenreservierung zum Papstgucken. Als ob man daf\u00fcr werben m\u00fcsste! Merkw\u00fcrdig finde ich die Werbeform, insbesondere in Freiburg, der selbsternannten Green City. W\u00e4ren Werbefahrr\u00e4der vielleicht angebrachter gewesen? Und ist das \u00fcberhaupt erlaubt? Der Umweltschutzparagraph 30 der &#8230; <\/p>\n<p class=\"read-more-container\"><a title=\"Papamobile Papstwerbung.\" class=\"read-more button\" href=\"https:\/\/www.konstantin-goerlich.de\/wordpress\/2011\/06\/09\/papamobile-papstwerbung\/#more-957\" aria-label=\"Mehr Informationen \u00fcber Papamobile Papstwerbung.\">weiterlesen<\/a><\/p>\n","protected":false},"author":1,"featured_media":0,"comment_status":"open","ping_status":"open","sticky":false,"template":"","format":"standard","meta":{"footnotes":""},"categories":[1],"tags":[],"_links":{"self":[{"href":"https:\/\/www.konstantin-goerlich.de\/wordpress\/wp-json\/wp\/v2\/posts\/957"}],"collection":[{"href":"https:\/\/www.konstantin-goerlich.de\/wordpress\/wp-json\/wp\/v2\/posts"}],"about":[{"href":"https:\/\/www.konstantin-goerlich.de\/wordpress\/wp-json\/wp\/v2\/types\/post"}],"author":[{"embeddable":true,"href":"https:\/\/www.konstantin-goerlich.de\/wordpress\/wp-json\/wp\/v2\/users\/1"}],"replies":[{"embeddable":true,"href":"https:\/\/www.konstantin-goerlich.de\/wordpress\/wp-json\/wp\/v2\/comments?post=957"}],"version-history":[{"count":2,"href":"https:\/\/www.konstantin-goerlich.de\/wordpress\/wp-json\/wp\/v2\/posts\/957\/revisions"}],"predecessor-version":[{"id":960,"href":"https:\/\/www.konstantin-goerlich.de\/wordpress\/wp-json\/wp\/v2\/posts\/957\/revisions\/960"}],"wp:attachment":[{"href":"https:\/\/www.konstantin-goerlich.de\/wordpress\/wp-json\/wp\/v2\/media?parent=957"}],"wp:term":[{"taxonomy":"category","embeddable":true,"href":"https:\/\/www.konstantin-goerlich.de\/wordpress\/wp-json\/wp\/v2\/categories?post=957"},{"taxonomy":"post_tag","embeddable":true,"href":"https:\/\/www.konstantin-goerlich.de\/wordpress\/wp-json\/wp\/v2\/tags?post=957"}],"curies":[{"name":"wp","href":"https:\/\/api.w.org\/{rel}","templated":true}]}}