{"id":933,"date":"2011-04-08T21:35:12","date_gmt":"2011-04-08T19:35:12","guid":{"rendered":"http:\/\/www.konstantin-goerlich.de\/wordpress\/?p=933"},"modified":"2011-04-08T21:38:22","modified_gmt":"2011-04-08T19:38:22","slug":"akw-fessenheim-am-sonntag-hinradeln-und-abschalten","status":"publish","type":"post","link":"https:\/\/www.konstantin-goerlich.de\/wordpress\/2011\/04\/08\/akw-fessenheim-am-sonntag-hinradeln-und-abschalten\/","title":{"rendered":"AKW Fessenheim: Am Sonntag hinradeln und abschalten!"},"content":{"rendered":"<p><a href=\"http:\/\/www.facebook.com\/event.php?eid=202860789735810\" target=\"_blank\"><img loading=\"lazy\" decoding=\"async\" class=\"alignleft size-full wp-image-934\" style=\"margin-left: 7px; margin-right: 7px;\" title=\"211192_202860789735810_5088855_n\" src=\"https:\/\/www.konstantin-goerlich.de\/wordpress\/wp-content\/uploads\/2011\/04\/211192_202860789735810_5088855_n.jpg\" alt=\"\" width=\"160\" height=\"167\" srcset=\"https:\/\/www.konstantin-goerlich.de\/wordpress\/wp-content\/uploads\/2011\/04\/211192_202860789735810_5088855_n.jpg 160w, https:\/\/www.konstantin-goerlich.de\/wordpress\/wp-content\/uploads\/2011\/04\/211192_202860789735810_5088855_n-144x150.jpg 144w\" sizes=\"(max-width: 160px) 100vw, 160px\" \/><\/a>Es ist eines der \u00e4ltesten Kernkraftwerke Europas. Wahrscheinlich geh\u00f6rt es auch zu den st\u00f6ranf\u00e4lligsten dieser Harakirimaschinen, aber welchem Betreiber kann man hinsichtlicher seiner Informationspolitik eigentlich noch Glauben schenken? Die Rede ist vom AKW Fessenheim. Eine halbe Rheinbreite von Deutschland entfernt ist es die gr\u00f6\u00dfte Bedrohung dieser Art f\u00fcr unsere Region. Neckarwestheim, Biblis und wie sie nicht alle hei\u00dfen, sind vergleichsweise weit weg.<\/p>\n<p>Immer wieder sorgt der Schrottreaktor mit der Qualit\u00e4tsanmutung einer Wellblechgarage f\u00fcr Schlagzeilen. Zuletzt gestern, als ein schon Tage zur\u00fcckliegender St\u00f6rfall mit Selbstabschaltung und allem drum und dran <a href=\"http:\/\/www.badische-zeitung.de\/elsass-x2x\/bedienungsfehler-im-akw-fessenheim-block-1-heruntergefahren--43942155.html\" target=\"_blank\">bekannt wurde<\/a>. Nun soll auch noch <a href=\"http:\/\/www.badische-zeitung.de\/stoerung-im-akw-fessenheim-bund-weist-auf-erhoehte-strahlenwerte-hin\" target=\"_blank\">Strahlung ausgetreten<\/a> sein &#8211; vielleicht aber auch nicht. Zuviel Spekulation um sich noch sicher zu f\u00fchlen!<\/p>\n<p>Das alles geschieht gerademal gut 20 km von der Fahrradstadt Freiburg entfernt. Was liegt also n\u00e4her, als es den europ\u00e4ischen Atombonzen auf unsere Weise zu zeigen? Start der Radtour ist 12 Uhr, High Noon, am Haslacher Dorfbrunnen (wo sich Carl-Kistner- und Markgrafenstra\u00dfen Guten Tag sagen). Um 14 Uhr (es braucht also niemand zu rasen, es sind nur ca. 22 km) soll dann die Rheininsel erreicht sein, von wo aus das Kraftwerk in Sicht- und Rufweite liegt.<\/p>\n<p>Zusammengefasst:<br \/>&#8211; <strong>Wer?<\/strong> RADTOUR zur deutsch-franz\u00f6sischen Auftakt-Protestaktion f\u00fcr eine strahlenfreie Zukunft des AktionsB\u00fcndnis FESSENHEIM stillegen JETZT!<br \/>&#8211; <strong>Was?<\/strong> ab 14.00 Uhr Picknick-Reden-Kultur-Musik-Ballonaktion\u00a0Picknickutensilien bitte mitbringen!<br \/>&#8211; <strong>Warum?<\/strong> Fessenheim ist verdammt nah an Freiburg &#8211; so nah, dass man locker mit dem Rad hinfahren kann.<br \/>&#8211; <strong>Wo?<\/strong> Treffen um 12 Uhr am Dorfbrunnen in Haslach.<\/p>\n<p>Und jetzt? Fahrrad bereitmachen und am besten <a href=\"https:\/\/www.facebook.com\/event.php?eid=202860789735810\" target=\"_blank\">Teilnahme ank\u00fcndingen<\/a>.<\/p>\n","protected":false},"excerpt":{"rendered":"<p>Es ist eines der \u00e4ltesten Kernkraftwerke Europas. Wahrscheinlich geh\u00f6rt es auch zu den st\u00f6ranf\u00e4lligsten dieser Harakirimaschinen, aber welchem Betreiber kann man hinsichtlicher seiner Informationspolitik eigentlich noch Glauben schenken? Die Rede ist vom AKW Fessenheim. Eine halbe Rheinbreite von Deutschland entfernt ist es die gr\u00f6\u00dfte Bedrohung dieser Art f\u00fcr unsere Region. Neckarwestheim, Biblis und wie sie &#8230; <\/p>\n<p class=\"read-more-container\"><a title=\"AKW Fessenheim: Am Sonntag hinradeln und abschalten!\" class=\"read-more button\" href=\"https:\/\/www.konstantin-goerlich.de\/wordpress\/2011\/04\/08\/akw-fessenheim-am-sonntag-hinradeln-und-abschalten\/#more-933\" aria-label=\"Mehr Informationen \u00fcber AKW Fessenheim: Am Sonntag hinradeln und abschalten!\">weiterlesen<\/a><\/p>\n","protected":false},"author":1,"featured_media":0,"comment_status":"open","ping_status":"open","sticky":false,"template":"","format":"standard","meta":{"footnotes":""},"categories":[1],"tags":[],"_links":{"self":[{"href":"https:\/\/www.konstantin-goerlich.de\/wordpress\/wp-json\/wp\/v2\/posts\/933"}],"collection":[{"href":"https:\/\/www.konstantin-goerlich.de\/wordpress\/wp-json\/wp\/v2\/posts"}],"about":[{"href":"https:\/\/www.konstantin-goerlich.de\/wordpress\/wp-json\/wp\/v2\/types\/post"}],"author":[{"embeddable":true,"href":"https:\/\/www.konstantin-goerlich.de\/wordpress\/wp-json\/wp\/v2\/users\/1"}],"replies":[{"embeddable":true,"href":"https:\/\/www.konstantin-goerlich.de\/wordpress\/wp-json\/wp\/v2\/comments?post=933"}],"version-history":[{"count":10,"href":"https:\/\/www.konstantin-goerlich.de\/wordpress\/wp-json\/wp\/v2\/posts\/933\/revisions"}],"predecessor-version":[{"id":944,"href":"https:\/\/www.konstantin-goerlich.de\/wordpress\/wp-json\/wp\/v2\/posts\/933\/revisions\/944"}],"wp:attachment":[{"href":"https:\/\/www.konstantin-goerlich.de\/wordpress\/wp-json\/wp\/v2\/media?parent=933"}],"wp:term":[{"taxonomy":"category","embeddable":true,"href":"https:\/\/www.konstantin-goerlich.de\/wordpress\/wp-json\/wp\/v2\/categories?post=933"},{"taxonomy":"post_tag","embeddable":true,"href":"https:\/\/www.konstantin-goerlich.de\/wordpress\/wp-json\/wp\/v2\/tags?post=933"}],"curies":[{"name":"wp","href":"https:\/\/api.w.org\/{rel}","templated":true}]}}