{"id":930,"date":"2011-03-11T11:57:20","date_gmt":"2011-03-11T10:57:20","guid":{"rendered":"http:\/\/www.konstantin-goerlich.de\/wordpress\/?p=930"},"modified":"2011-03-11T11:57:20","modified_gmt":"2011-03-11T10:57:20","slug":"die-amateurfunker-und-der-papst","status":"publish","type":"post","link":"https:\/\/www.konstantin-goerlich.de\/wordpress\/2011\/03\/11\/die-amateurfunker-und-der-papst\/","title":{"rendered":"Die Amateurfunker und der Papst."},"content":{"rendered":"<p>Selten findet sich in der Badischen Zeitung eine Meldung, die man als U-31-j\u00e4hriger, technikaffiner Mensch einfach nicht versteht, weil sie von Fachbegriffen nur so wimmelt. Wenn n\u00e4mlich von \u201eRufzeichen\u201c die Rede ist, die zudem \u201ein aller Welt sehr begehrt\u201c seien, dann wird einem langsam klar, da\u00df es da drau\u00dfen noch etwas geben mu\u00df. Etwas weitgehend Unbekanntes, nur wenigen eingeweihten, ehrw\u00fcrdigen grauen Herren Zug\u00e4ngliches, irgendwo zwischen\u00a0<strong>Spielzeug-Walkie-Talkie<\/strong> und iPhone.<\/p>\n<p>Sind diese \u201eRufzeichen\u201c so etwas wie\u00a0<strong>Benutzernamen bei Twitter? <\/strong>(<a href=\"http:\/\/fudder.de\/artikel\/2011\/03\/11\/fudders-papst-ticker-amateurfunker-freuen-sich-auf-den-papstbesuch\/\" target=\"_blank\">weiterlesen bei fudder.de<\/a>)<\/p>\n","protected":false},"excerpt":{"rendered":"<p>Selten findet sich in der Badischen Zeitung eine Meldung, die man als U-31-j\u00e4hriger, technikaffiner Mensch einfach nicht versteht, weil sie von Fachbegriffen nur so wimmelt. Wenn n\u00e4mlich von \u201eRufzeichen\u201c die Rede ist, die zudem \u201ein aller Welt sehr begehrt\u201c seien, dann wird einem langsam klar, da\u00df es da drau\u00dfen noch etwas geben mu\u00df. Etwas weitgehend &#8230; <\/p>\n<p class=\"read-more-container\"><a title=\"Die Amateurfunker und der Papst.\" class=\"read-more button\" href=\"https:\/\/www.konstantin-goerlich.de\/wordpress\/2011\/03\/11\/die-amateurfunker-und-der-papst\/#more-930\" aria-label=\"Mehr Informationen \u00fcber Die Amateurfunker und der Papst.\">weiterlesen<\/a><\/p>\n","protected":false},"author":1,"featured_media":0,"comment_status":"open","ping_status":"open","sticky":false,"template":"","format":"standard","meta":{"footnotes":""},"categories":[1],"tags":[],"_links":{"self":[{"href":"https:\/\/www.konstantin-goerlich.de\/wordpress\/wp-json\/wp\/v2\/posts\/930"}],"collection":[{"href":"https:\/\/www.konstantin-goerlich.de\/wordpress\/wp-json\/wp\/v2\/posts"}],"about":[{"href":"https:\/\/www.konstantin-goerlich.de\/wordpress\/wp-json\/wp\/v2\/types\/post"}],"author":[{"embeddable":true,"href":"https:\/\/www.konstantin-goerlich.de\/wordpress\/wp-json\/wp\/v2\/users\/1"}],"replies":[{"embeddable":true,"href":"https:\/\/www.konstantin-goerlich.de\/wordpress\/wp-json\/wp\/v2\/comments?post=930"}],"version-history":[{"count":1,"href":"https:\/\/www.konstantin-goerlich.de\/wordpress\/wp-json\/wp\/v2\/posts\/930\/revisions"}],"predecessor-version":[{"id":931,"href":"https:\/\/www.konstantin-goerlich.de\/wordpress\/wp-json\/wp\/v2\/posts\/930\/revisions\/931"}],"wp:attachment":[{"href":"https:\/\/www.konstantin-goerlich.de\/wordpress\/wp-json\/wp\/v2\/media?parent=930"}],"wp:term":[{"taxonomy":"category","embeddable":true,"href":"https:\/\/www.konstantin-goerlich.de\/wordpress\/wp-json\/wp\/v2\/categories?post=930"},{"taxonomy":"post_tag","embeddable":true,"href":"https:\/\/www.konstantin-goerlich.de\/wordpress\/wp-json\/wp\/v2\/tags?post=930"}],"curies":[{"name":"wp","href":"https:\/\/api.w.org\/{rel}","templated":true}]}}