{"id":911,"date":"2011-02-01T12:00:36","date_gmt":"2011-02-01T11:00:36","guid":{"rendered":"http:\/\/www.konstantin-goerlich.de\/wordpress\/?p=911"},"modified":"2011-02-01T12:00:36","modified_gmt":"2011-02-01T11:00:36","slug":"die-studierenden-von-heute-und-die-ub-von-morgen","status":"publish","type":"post","link":"https:\/\/www.konstantin-goerlich.de\/wordpress\/2011\/02\/01\/die-studierenden-von-heute-und-die-ub-von-morgen\/","title":{"rendered":"Die Studierenden von heute und die UB von morgen."},"content":{"rendered":"<p><strong>Die neue UB der Uni Freiburg ist mitten im Umbau, die alte UB schon fast in Vergessenheit geraten. Trotz nur weniger Jahre Bauzeit ergibt sich f\u00fcr die Studierenden ein Generationenproblem: Sie m\u00fcssen die Interessen der zuk\u00fcnftigen UB-Nutzer schon heute vertreten.<\/strong><\/p>\n<p>Ob es nun vier oder f\u00fcnf Jahre dauert, sie ist gewisserma\u00dfen trotzdem ein Generationenprojekt: Die neue alte Universit\u00e4tsbibliothek am Rotteckring wird &#8230; (<a href=\"http:\/\/fudder.de\/artikel\/2011\/02\/01\/die-studierenden-von-heute-und-die-ub-von-morgen\/\" target=\"_self\">weiterlesen bei fudder.de<\/a>)<\/p>\n","protected":false},"excerpt":{"rendered":"<p>Die neue UB der Uni Freiburg ist mitten im Umbau, die alte UB schon fast in Vergessenheit geraten. Trotz nur weniger Jahre Bauzeit ergibt sich f\u00fcr die Studierenden ein Generationenproblem: Sie m\u00fcssen die Interessen der zuk\u00fcnftigen UB-Nutzer schon heute vertreten. Ob es nun vier oder f\u00fcnf Jahre dauert, sie ist gewisserma\u00dfen trotzdem ein Generationenprojekt: Die &#8230; <\/p>\n<p class=\"read-more-container\"><a title=\"Die Studierenden von heute und die UB von morgen.\" class=\"read-more button\" href=\"https:\/\/www.konstantin-goerlich.de\/wordpress\/2011\/02\/01\/die-studierenden-von-heute-und-die-ub-von-morgen\/#more-911\" aria-label=\"Mehr Informationen \u00fcber Die Studierenden von heute und die UB von morgen.\">weiterlesen<\/a><\/p>\n","protected":false},"author":1,"featured_media":0,"comment_status":"open","ping_status":"open","sticky":false,"template":"","format":"standard","meta":{"footnotes":""},"categories":[1],"tags":[],"_links":{"self":[{"href":"https:\/\/www.konstantin-goerlich.de\/wordpress\/wp-json\/wp\/v2\/posts\/911"}],"collection":[{"href":"https:\/\/www.konstantin-goerlich.de\/wordpress\/wp-json\/wp\/v2\/posts"}],"about":[{"href":"https:\/\/www.konstantin-goerlich.de\/wordpress\/wp-json\/wp\/v2\/types\/post"}],"author":[{"embeddable":true,"href":"https:\/\/www.konstantin-goerlich.de\/wordpress\/wp-json\/wp\/v2\/users\/1"}],"replies":[{"embeddable":true,"href":"https:\/\/www.konstantin-goerlich.de\/wordpress\/wp-json\/wp\/v2\/comments?post=911"}],"version-history":[{"count":1,"href":"https:\/\/www.konstantin-goerlich.de\/wordpress\/wp-json\/wp\/v2\/posts\/911\/revisions"}],"predecessor-version":[{"id":912,"href":"https:\/\/www.konstantin-goerlich.de\/wordpress\/wp-json\/wp\/v2\/posts\/911\/revisions\/912"}],"wp:attachment":[{"href":"https:\/\/www.konstantin-goerlich.de\/wordpress\/wp-json\/wp\/v2\/media?parent=911"}],"wp:term":[{"taxonomy":"category","embeddable":true,"href":"https:\/\/www.konstantin-goerlich.de\/wordpress\/wp-json\/wp\/v2\/categories?post=911"},{"taxonomy":"post_tag","embeddable":true,"href":"https:\/\/www.konstantin-goerlich.de\/wordpress\/wp-json\/wp\/v2\/tags?post=911"}],"curies":[{"name":"wp","href":"https:\/\/api.w.org\/{rel}","templated":true}]}}