{"id":904,"date":"2011-01-31T20:47:22","date_gmt":"2011-01-31T19:47:22","guid":{"rendered":"http:\/\/www.konstantin-goerlich.de\/wordpress\/?p=904"},"modified":"2011-01-31T20:47:22","modified_gmt":"2011-01-31T19:47:22","slug":"twitterer-on-the-ground","status":"publish","type":"post","link":"https:\/\/www.konstantin-goerlich.de\/wordpress\/2011\/01\/31\/twitterer-on-the-ground\/","title":{"rendered":"Twitterer on the Ground."},"content":{"rendered":"<p>Ob Mubaraks Zeit in Am und W\u00fcrden vorbei ist kann bei aller Euphorie heute noch niemand seri\u00f6s beurteilen. Da\u00df der lange Arm des Westens, allen voran der USA, langsam m\u00fcde wird ist hingegen offensichtlich, <a href=\"http:\/\/www.sueddeutsche.de\/politik\/proteste-in-aegypten-rolle-der-usa-der-faustische-pakt-1.1053171\" target=\"_blank\">schreibt Stefan Kornelius in der S\u00fcddeutschen<\/a>. Wie immer kann ich mich auch hier bei beiden Allgemeinweisheiten auch v\u00f6llig geirrt haben. \u00c4u\u00dferst spannend ist jedoch der Meta-Diskurs \u00fcber die mediale Verwurstung der dramatischen Ereignisse im Pyramidenstaat: Die ist n\u00e4mlich in der Tat vielleicht nicht revolution\u00e4r, aber Ph\u00e4nomen einer Revolution, die nicht einfach so im Sande verlaufen wird, wie es in Kairo und Alexandria zumindest nicht v\u00f6llig ausgeschlossen scheint.<\/p>\n<h4>Das Versagen der Altmedien<\/h4>\n<p><a href=\"http:\/\/www.dwdl.de\/story\/29956\/das_klgliche_versagen_von_ard__zdf_im_fall_gypten\/\" target=\"_blank\">Das Versagen des deutschen Fernsehsender fasst Thomas L\u00fcckerath im Medienmagazin DWDL zusammen<\/a>: Die finanziellen Mittel reichen aus verschiedenen Gr\u00fcnden insbesondere bei den privatwirtschaftlich organisierten Nachrichtensendern f\u00fcr eine umfassende Berichterstattung schon l\u00e4nger nicht mehr aus. Vorbei die Zeiten von Hochwasser24 und Deichbruch-tv. Anders ist es bei den \u00f6ffentlich-rechtlichen, die nicht nur hervorragende Journalisten stets in alle Welt entsandt haben, sondern mit ihren Digitalkan\u00e4len auch die Kapazit\u00e4ten f\u00fcr mehr als einen kurzen Brennpunkt am Abend vorhalten. Vor diesem Hintergrund erscheint die Priorit\u00e4tensetzung zumindest merkw\u00fcrdig, auch im Vergleich mit anderen dramatischen Eriegnissen wie beispielsweise Ballacks Knie zur Fu\u00dfballweltmeisterschaft.<\/p>\n<p>Gleichwohl halte ich es f\u00fcr verfehlt, in einem Rundumschlag von einem &#8222;Versagen der deutschen Medien&#8220; zu sprechen. Der Presseclub am Sonntag beispielsweise widmete sich in spontan hervorragender Besetzung von vielen Seiten den Ereignissen in \u00c4gypten, so da\u00df man sogar erkennen konnte, da\u00df wir nicht wissen, wieviel wir nicht wissen. Ich glaube wir sitzen hier einem Definitionsproblem auf: Was sind denn eigentlich &#8222;die deutschen Medien&#8220;? Gab es da nicht neulich noch soetwas wie Globalisierung? Sehr viele deutsche Medienkonsumenten k\u00f6nnen (auf Empfangs- und Sprachebene) einem Fernsehprogramm in englischer Sprache folgen. Macht das nicht Al Jazeera English, dem in Katar beheimateten Nachrichtensender aus dem arabischen Raum, dem f\u00fcr seine Berichterstattung aus \u00c4gypten schon jetzt der eine oder andere Medienpreis zugesprochen werden k\u00f6nnte, nicht zu einem &#8222;deutschen Medium&#8220;? Da\u00df es auf eine eventuelle Voreingenommenheit von Al Jazeera nicht so sehr ankommt wie einige meinen <a href=\"http:\/\/www.dondahlmann.de\/?p=864\" target=\"_blank\">hat Don Dahlmann heute pr\u00e4zise dargestellt und eingeordnet<\/a>. Und wir sind immernoch nur beim Fernsehen. Wir sollten uns einigen: Auf ein Versagen der deutschen Altmedien.<\/p>\n<h4>Unser Mann in Kairo<\/h4>\n<p>Seit heute haben wir n\u00e4mlich selbst unseren eigenen <a href=\"http:\/\/www.lawblog.de\/index.php\/archives\/2011\/01\/31\/unser-mann-in-kairo\/\" target=\"_blank\">Mann in Kairo<\/a>. Es handelt sich um den Blogger mit Redaktionshintergrund <a href=\"http:\/\/gutjahr.biz\/blog\/2011\/01\/kairo\/\" target=\"_blank\">Richard Gutjahr<\/a>. Und wir, das sind die deutschen Medien und Medienkonsumenten an der Stelle wo beide zusammentreffen. Wir nennen es digitale \u00d6ffentlichkeit und meinen \u00d6ffentlichkeit. Nicht nur angesichts der Roamingkosten, die auf Gutjahr zukommen d\u00fcrften (anscheinend ist er der Einzige in \u00c4gypten, der noch ein funktionierendes iPhone hat) erleben wir hier, so glauben viele, spendenfinanzierten B\u00fcrgerjournalismus. Andere, Nico Lumma etwa, tun seinen Einsatz unsachlicher Weise als <a href=\"http:\/\/lumma.de\/2011\/01\/31\/selbstdarstellung-vs-reportage\/\" target=\"_blank\">Selbstdarstellung<\/a> ab. Ich halte seine Kritik aus mehreren Gr\u00fcnden f\u00fcr vollkommen verfehlt. Zun\u00e4chst einmal ist Gutjahrs Aktion aus naheliegenden Gr\u00fcnden nicht vollkommen ungef\u00e4hrlich, ein direkter finanzieller Gewinn zumindest unwahrscheinlich.<\/p>\n<p>Der Knackpunkt ist jedoch: Selbstdarstellung geh\u00f6rt dazu. Wir nennen das zur Zeit Social Media. Wenn der Journalist selbst, als Person, zur Marke wird, zum Aush\u00e4ngeschild f\u00fcr Glaubw\u00fcrdigkeit und Authentizit\u00e4t, er also abgekoppelt ist von der an Bedeutung verlierenden Marke des Mediums in dem er publiziert, dann geh\u00f6rt die Selbstdarstellung nicht nur zum System, dann ist sie das System und nicht mehr Selbstdarstellung. <a href=\"http:\/\/carta.info\/37619\/its-not-twitter-or-facebook-its-the-power-of-the-network\/\" target=\"_blank\">It&#8217;s the Power of the Network,<\/a> die das System Mubarak ins wanken gebracht hat, die den Tunesiern hoffentlich im Ergebnis mehr Freiheit gebracht haben wird und die auch den Journalismus ziemlich offensichtlich umkrempelt. Die laut tweetmeme aktuell <a href=\"http:\/\/tweetmeme.com\/story\/3896805009\/unterwegs-nach-kairo\" target=\"_blank\">\u00fcber 460 Retweets<\/a> von<\/p>\n<blockquote><p><a href=\"https:\/\/twitter.com\/#!\/gutjahr\/status\/31767553923616768\" target=\"_blank\">@gutjahr<\/a>: On my way to Cairo. | G!\u00a0<a rel=\"nofollow\" href=\"http:\/\/bit.ly\/fJEIkl\" target=\"_blank\">http:\/\/bit.ly\/fJEIkl<\/a><\/p><\/blockquote>\n<p>sind nicht etwa unreflektiert, wie Lumma sie verunglimpft, sondern nicht mehr aber auch nicht weniger als ein Ausdruck von Glaubw\u00fcrdigkeit und Authentizit\u00e4t.<\/p>\n<p>Spannend.<img loading=\"lazy\" decoding=\"async\" src=\"http:\/\/vg05.met.vgwort.de\/na\/1aca1c9d75ab47128c55779b74abbd47\" alt=\"\" width=\"1\" height=\"1\" \/><\/p>\n","protected":false},"excerpt":{"rendered":"<p>Am Metadiskurs \u00fcber die Berichterstattung um #Egypt #Jan25 zeigt sich exemplarisch der Medienwandel von seiner dynamischen Seite: Die Altmedien versagen, den B\u00fcrgerjournalisten geh\u00f6rt die B\u00fchne.<\/p>\n","protected":false},"author":1,"featured_media":0,"comment_status":"open","ping_status":"open","sticky":false,"template":"","format":"standard","meta":{"footnotes":""},"categories":[1],"tags":[],"_links":{"self":[{"href":"https:\/\/www.konstantin-goerlich.de\/wordpress\/wp-json\/wp\/v2\/posts\/904"}],"collection":[{"href":"https:\/\/www.konstantin-goerlich.de\/wordpress\/wp-json\/wp\/v2\/posts"}],"about":[{"href":"https:\/\/www.konstantin-goerlich.de\/wordpress\/wp-json\/wp\/v2\/types\/post"}],"author":[{"embeddable":true,"href":"https:\/\/www.konstantin-goerlich.de\/wordpress\/wp-json\/wp\/v2\/users\/1"}],"replies":[{"embeddable":true,"href":"https:\/\/www.konstantin-goerlich.de\/wordpress\/wp-json\/wp\/v2\/comments?post=904"}],"version-history":[{"count":6,"href":"https:\/\/www.konstantin-goerlich.de\/wordpress\/wp-json\/wp\/v2\/posts\/904\/revisions"}],"predecessor-version":[{"id":910,"href":"https:\/\/www.konstantin-goerlich.de\/wordpress\/wp-json\/wp\/v2\/posts\/904\/revisions\/910"}],"wp:attachment":[{"href":"https:\/\/www.konstantin-goerlich.de\/wordpress\/wp-json\/wp\/v2\/media?parent=904"}],"wp:term":[{"taxonomy":"category","embeddable":true,"href":"https:\/\/www.konstantin-goerlich.de\/wordpress\/wp-json\/wp\/v2\/categories?post=904"},{"taxonomy":"post_tag","embeddable":true,"href":"https:\/\/www.konstantin-goerlich.de\/wordpress\/wp-json\/wp\/v2\/tags?post=904"}],"curies":[{"name":"wp","href":"https:\/\/api.w.org\/{rel}","templated":true}]}}