{"id":88,"date":"2007-04-30T13:43:27","date_gmt":"2007-04-30T11:43:27","guid":{"rendered":"http:\/\/www.konstantin-goerlich.de\/wordpress\/2007\/04\/30\/ich-komm-ins-schleudern\/"},"modified":"2007-04-30T13:46:56","modified_gmt":"2007-04-30T11:46:56","slug":"ich-komm-ins-schleudern","status":"publish","type":"post","link":"https:\/\/www.konstantin-goerlich.de\/wordpress\/2007\/04\/30\/ich-komm-ins-schleudern\/","title":{"rendered":"Ich komm ins schleudern &#8230;"},"content":{"rendered":"<p>&#8230; beziehungsweise meine soeben eingetroffene erste eigene Waschmaschine wird das gleich tun. Ersparnis: Pro Waschgang 8 Treppen (in den Keller und zur\u00fcck), Probleme beim Waschmarkenkauf (findet nur alle Jubeljahre statt), zeitliche Flexibilit\u00e4t (waschen, egal ob andere grad auch waschen). Und weil der Onlineschurke versp\u00e4tet und nur auf Nachfrage geliefert hat, gibts auch noch eine kleine Ersparnis in Cash. Die wirkliche Ersparnis aber ergibt sich gegen\u00fcber dem Mitnahmepreis beim Elektroschurken auf der gr\u00fcnen Wiese. Da wirken sich nichteinmal die 45 \u20ac Versandkosten negativ aus, genausowenig wie das noch zu erwerbende &#8218;Sn\u00fcffelst\u00fcck&#8216;, denn das Abwasser mu\u00df vorerst noch klassisch \u00fcber die Sp\u00fcle entsorgt werden.<br \/>\nDas Ger\u00e4t ist \u00fcbrigens von Siemens, mu\u00df aber im Gegensatz zu den Siemens-Stadtbahnen des Typs  Combino vorl\u00e4ufig nicht saniert werden.<\/p>\n<p><a class=\"imagelink\" href=\"https:\/\/www.konstantin-goerlich.de\/wordpress\/wp-content\/uploads\/2007\/04\/wama2.jpg\" title=\"wama2.jpg\" rel=\"lightbox[88]\"><img decoding=\"async\" id=\"image90\" src=\"https:\/\/www.konstantin-goerlich.de\/wordpress\/wp-content\/uploads\/2007\/04\/wama2.thumbnail.jpg\" alt=\"wama2.jpg\" \/><\/a>\u00a0<a class=\"imagelink\" href=\"https:\/\/www.konstantin-goerlich.de\/wordpress\/wp-content\/uploads\/2007\/04\/wama1.jpg\" title=\"wama1.jpg\" rel=\"lightbox[88]\"><img decoding=\"async\" id=\"image89\" src=\"https:\/\/www.konstantin-goerlich.de\/wordpress\/wp-content\/uploads\/2007\/04\/wama1.thumbnail.jpg\" alt=\"wama1.jpg\" \/><\/a><\/p>\n","protected":false},"excerpt":{"rendered":"<p>&#8230; beziehungsweise meine soeben eingetroffene erste eigene Waschmaschine wird das gleich tun. Ersparnis: Pro Waschgang 8 Treppen (in den Keller und zur\u00fcck), Probleme beim Waschmarkenkauf (findet nur alle Jubeljahre statt), zeitliche Flexibilit\u00e4t (waschen, egal ob andere grad auch waschen). Und weil der Onlineschurke versp\u00e4tet und nur auf Nachfrage geliefert hat, gibts auch noch eine kleine &#8230; <\/p>\n<p class=\"read-more-container\"><a title=\"Ich komm ins schleudern &#8230;\" class=\"read-more button\" href=\"https:\/\/www.konstantin-goerlich.de\/wordpress\/2007\/04\/30\/ich-komm-ins-schleudern\/#more-88\" aria-label=\"Mehr Informationen \u00fcber Ich komm ins schleudern &#8230;\">weiterlesen<\/a><\/p>\n","protected":false},"author":1,"featured_media":0,"comment_status":"open","ping_status":"open","sticky":false,"template":"","format":"standard","meta":{"footnotes":""},"categories":[1],"tags":[],"_links":{"self":[{"href":"https:\/\/www.konstantin-goerlich.de\/wordpress\/wp-json\/wp\/v2\/posts\/88"}],"collection":[{"href":"https:\/\/www.konstantin-goerlich.de\/wordpress\/wp-json\/wp\/v2\/posts"}],"about":[{"href":"https:\/\/www.konstantin-goerlich.de\/wordpress\/wp-json\/wp\/v2\/types\/post"}],"author":[{"embeddable":true,"href":"https:\/\/www.konstantin-goerlich.de\/wordpress\/wp-json\/wp\/v2\/users\/1"}],"replies":[{"embeddable":true,"href":"https:\/\/www.konstantin-goerlich.de\/wordpress\/wp-json\/wp\/v2\/comments?post=88"}],"version-history":[{"count":0,"href":"https:\/\/www.konstantin-goerlich.de\/wordpress\/wp-json\/wp\/v2\/posts\/88\/revisions"}],"wp:attachment":[{"href":"https:\/\/www.konstantin-goerlich.de\/wordpress\/wp-json\/wp\/v2\/media?parent=88"}],"wp:term":[{"taxonomy":"category","embeddable":true,"href":"https:\/\/www.konstantin-goerlich.de\/wordpress\/wp-json\/wp\/v2\/categories?post=88"},{"taxonomy":"post_tag","embeddable":true,"href":"https:\/\/www.konstantin-goerlich.de\/wordpress\/wp-json\/wp\/v2\/tags?post=88"}],"curies":[{"name":"wp","href":"https:\/\/api.w.org\/{rel}","templated":true}]}}