{"id":86,"date":"2007-04-28T11:25:27","date_gmt":"2007-04-28T09:25:27","guid":{"rendered":"http:\/\/www.konstantin-goerlich.de\/wordpress\/2007\/04\/28\/nur-die-halbe-wahrheit\/"},"modified":"2007-04-29T02:01:13","modified_gmt":"2007-04-29T00:01:13","slug":"nur-die-halbe-wahrheit","status":"publish","type":"post","link":"https:\/\/www.konstantin-goerlich.de\/wordpress\/2007\/04\/28\/nur-die-halbe-wahrheit\/","title":{"rendered":"Nur die halbe Wahrheit."},"content":{"rendered":"<p>Zum ersten Mal in diesem Semester verschickt die Fachschaft Jura ihren Newsletter. Darin wird auch auf das diesmal besonders fehlerhafte kommentierte Vorlesungsverzeichnis (KVV) eingegangen. Hier der Abschnitt im originalen Wortlaut:<\/p>\n<blockquote><p>1. KVV<br \/>\n~~~~~~~~~~~~~~~~~~~~~<br \/>\nIn den Semesterferien wurde in der Fachschaft wieder flei\u00dfig am Kommentierten Vorlesungsverzeichnis gewerkelt. Kommentierungen der Profs einholen, formatieren und layouten. In der Fachschaft liegen noch genug Exemplare bereit. Auch in diesem Jahr ist bedauerlicherweise nicht jeder im KVV angek\u00fcndigte Raum und Termin korrekt. Weit \u00fcberwiegend liegt das daran, dass sich viele \u00c4nderungen erst kurzfristig und als Reaktion auf \u00dcberschneidungen ergeben, auf die man teilweise erst durch unsere KVV-Erstellung aufmerksam geworden ist. Teilweise wurden uns \u00c4nderungen auch erst so sp\u00e4t mitgeteilt, dass sich das KVV bereits im Druck befand. Dennoch hoffen wir, euch mit dem KVV den erhofften Wegweiser durch das Dickicht der Veranstaltungen an unserer Fakult\u00e4t geliefert zu haben. Auch im Internet steht das KVV unter www.fachschaft-jura.uni-freiburg.de zum Download bereit.<\/p><\/blockquote>\n<p>Es k\u00f6nnte sich um Fehler von anderen gehandelt haben. Dazu m\u00fc\u00dften die Fehler bei der Erstellung des KVV nicht bemerkbar gewesen sein. Fraglich ist jedoch, wie es dann dazu kommen konnte, da\u00df sehr viele Veranstaltungen im Flie\u00dftext andere Zeiten hatten als im grafischen Stundenplan. Da haben wohl einige FachschaftlerInnen ihren Studis einen B\u00e4rendien\u00a7t erwiesen bzw. gelei\u00a7tet.<\/p>\n","protected":false},"excerpt":{"rendered":"<p>Zum ersten Mal in diesem Semester verschickt die Fachschaft Jura ihren Newsletter. Darin wird auch auf das diesmal besonders fehlerhafte kommentierte Vorlesungsverzeichnis (KVV) eingegangen. Hier der Abschnitt im originalen Wortlaut: 1. KVV ~~~~~~~~~~~~~~~~~~~~~ In den Semesterferien wurde in der Fachschaft wieder flei\u00dfig am Kommentierten Vorlesungsverzeichnis gewerkelt. Kommentierungen der Profs einholen, formatieren und layouten. In der &#8230; <\/p>\n<p class=\"read-more-container\"><a title=\"Nur die halbe Wahrheit.\" class=\"read-more button\" href=\"https:\/\/www.konstantin-goerlich.de\/wordpress\/2007\/04\/28\/nur-die-halbe-wahrheit\/#more-86\" aria-label=\"Mehr Informationen \u00fcber Nur die halbe Wahrheit.\">weiterlesen<\/a><\/p>\n","protected":false},"author":1,"featured_media":0,"comment_status":"open","ping_status":"open","sticky":false,"template":"","format":"standard","meta":{"footnotes":""},"categories":[1],"tags":[],"_links":{"self":[{"href":"https:\/\/www.konstantin-goerlich.de\/wordpress\/wp-json\/wp\/v2\/posts\/86"}],"collection":[{"href":"https:\/\/www.konstantin-goerlich.de\/wordpress\/wp-json\/wp\/v2\/posts"}],"about":[{"href":"https:\/\/www.konstantin-goerlich.de\/wordpress\/wp-json\/wp\/v2\/types\/post"}],"author":[{"embeddable":true,"href":"https:\/\/www.konstantin-goerlich.de\/wordpress\/wp-json\/wp\/v2\/users\/1"}],"replies":[{"embeddable":true,"href":"https:\/\/www.konstantin-goerlich.de\/wordpress\/wp-json\/wp\/v2\/comments?post=86"}],"version-history":[{"count":0,"href":"https:\/\/www.konstantin-goerlich.de\/wordpress\/wp-json\/wp\/v2\/posts\/86\/revisions"}],"wp:attachment":[{"href":"https:\/\/www.konstantin-goerlich.de\/wordpress\/wp-json\/wp\/v2\/media?parent=86"}],"wp:term":[{"taxonomy":"category","embeddable":true,"href":"https:\/\/www.konstantin-goerlich.de\/wordpress\/wp-json\/wp\/v2\/categories?post=86"},{"taxonomy":"post_tag","embeddable":true,"href":"https:\/\/www.konstantin-goerlich.de\/wordpress\/wp-json\/wp\/v2\/tags?post=86"}],"curies":[{"name":"wp","href":"https:\/\/api.w.org\/{rel}","templated":true}]}}