{"id":850,"date":"2011-01-16T18:46:30","date_gmt":"2011-01-16T17:46:30","guid":{"rendered":"http:\/\/www.konstantin-goerlich.de\/wordpress\/?p=850"},"modified":"2011-01-16T18:51:56","modified_gmt":"2011-01-16T17:51:56","slug":"vom-schonberg-auf-freiburg-geblickt","status":"publish","type":"post","link":"https:\/\/www.konstantin-goerlich.de\/wordpress\/2011\/01\/16\/vom-schonberg-auf-freiburg-geblickt\/","title":{"rendered":"Vom Sch\u00f6nberg auf Freiburg geblickt."},"content":{"rendered":"<p><a href=\"https:\/\/www.konstantin-goerlich.de\/wordpress\/wp-content\/uploads\/2011\/01\/IMG_0188a.jpg\" rel=\"lightbox[850]\"><img loading=\"lazy\" decoding=\"async\" class=\"alignnone size-full wp-image-888\" title=\"IMG_0188a_w600\" src=\"https:\/\/www.konstantin-goerlich.de\/wordpress\/wp-content\/uploads\/2011\/01\/IMG_0188a_w600.jpg\" alt=\"\" width=\"600\" height=\"334\" srcset=\"https:\/\/www.konstantin-goerlich.de\/wordpress\/wp-content\/uploads\/2011\/01\/IMG_0188a_w600.jpg 600w, https:\/\/www.konstantin-goerlich.de\/wordpress\/wp-content\/uploads\/2011\/01\/IMG_0188a_w600-150x84.jpg 150w, https:\/\/www.konstantin-goerlich.de\/wordpress\/wp-content\/uploads\/2011\/01\/IMG_0188a_w600-300x167.jpg 300w\" sizes=\"(max-width: 600px) 100vw, 600px\" \/><\/a><\/p>\n<p>Am ersten richtig sch\u00f6nen Sonntag des Jahres bei brutalstm\u00f6glich blauem Himmel sollte man mal raus aus der Stadt. Auch wenn der Sonnenschein bis unten durchschl\u00e4gt und nicht erst eine Wolkendecke durchbrochen werden muss ergeben sich doch gerne mal sch\u00f6ne Aussichten. Da\u00df der Sch\u00f6nberg seinen Namen zu Recht tr\u00e4gt ist aus den Bildern hoffentlich ersichtlich. Au\u00dfer dem Gipfel wurde \u00fcbrigens auch die Schneeburg erst\u00fcrmt.<\/p>\n<div id='gallery-1' class='gallery galleryid-850 gallery-columns-4 gallery-size-thumb'><figure class='gallery-item'>\n\t\t\t<div class='gallery-icon landscape'>\n\t\t\t\t<a href='https:\/\/www.konstantin-goerlich.de\/wordpress\/wp-content\/uploads\/2011\/01\/DSC000011.jpg' rel=\"lightbox[850]\"><img loading=\"lazy\" decoding=\"async\" width=\"150\" height=\"84\" src=\"https:\/\/www.konstantin-goerlich.de\/wordpress\/wp-content\/uploads\/2011\/01\/DSC000011.jpg\" class=\"attachment-thumb size-thumb\" alt=\"\" srcset=\"https:\/\/www.konstantin-goerlich.de\/wordpress\/wp-content\/uploads\/2011\/01\/DSC000011.jpg 1024w, https:\/\/www.konstantin-goerlich.de\/wordpress\/wp-content\/uploads\/2011\/01\/DSC000011-150x84.jpg 150w, https:\/\/www.konstantin-goerlich.de\/wordpress\/wp-content\/uploads\/2011\/01\/DSC000011-300x168.jpg 300w\" sizes=\"(max-width: 150px) 100vw, 150px\" \/><\/a>\n\t\t\t<\/div><\/figure><figure class='gallery-item'>\n\t\t\t<div class='gallery-icon landscape'>\n\t\t\t\t<a href='https:\/\/www.konstantin-goerlich.de\/wordpress\/wp-content\/uploads\/2011\/01\/DSC000121.jpg' rel=\"lightbox[850]\"><img loading=\"lazy\" decoding=\"async\" width=\"150\" height=\"84\" src=\"https:\/\/www.konstantin-goerlich.de\/wordpress\/wp-content\/uploads\/2011\/01\/DSC000121.jpg\" class=\"attachment-thumb size-thumb\" alt=\"\" srcset=\"https:\/\/www.konstantin-goerlich.de\/wordpress\/wp-content\/uploads\/2011\/01\/DSC000121.jpg 1024w, https:\/\/www.konstantin-goerlich.de\/wordpress\/wp-content\/uploads\/2011\/01\/DSC000121-150x84.jpg 150w, https:\/\/www.konstantin-goerlich.de\/wordpress\/wp-content\/uploads\/2011\/01\/DSC000121-300x168.jpg 300w\" sizes=\"(max-width: 150px) 100vw, 150px\" \/><\/a>\n\t\t\t<\/div><\/figure><figure class='gallery-item'>\n\t\t\t<div class='gallery-icon landscape'>\n\t\t\t\t<a href='https:\/\/www.konstantin-goerlich.de\/wordpress\/wp-content\/uploads\/2011\/01\/DSC000141.jpg' rel=\"lightbox[850]\"><img loading=\"lazy\" decoding=\"async\" width=\"150\" height=\"84\" src=\"https:\/\/www.konstantin-goerlich.de\/wordpress\/wp-content\/uploads\/2011\/01\/DSC000141.jpg\" class=\"attachment-thumb size-thumb\" alt=\"\" srcset=\"https:\/\/www.konstantin-goerlich.de\/wordpress\/wp-content\/uploads\/2011\/01\/DSC000141.jpg 1024w, https:\/\/www.konstantin-goerlich.de\/wordpress\/wp-content\/uploads\/2011\/01\/DSC000141-150x84.jpg 150w, https:\/\/www.konstantin-goerlich.de\/wordpress\/wp-content\/uploads\/2011\/01\/DSC000141-300x169.jpg 300w\" sizes=\"(max-width: 150px) 100vw, 150px\" \/><\/a>\n\t\t\t<\/div><\/figure><figure class='gallery-item'>\n\t\t\t<div class='gallery-icon landscape'>\n\t\t\t\t<a href='https:\/\/www.konstantin-goerlich.de\/wordpress\/wp-content\/uploads\/2011\/01\/DSC000151.jpg' rel=\"lightbox[850]\"><img loading=\"lazy\" decoding=\"async\" width=\"150\" height=\"84\" src=\"https:\/\/www.konstantin-goerlich.de\/wordpress\/wp-content\/uploads\/2011\/01\/DSC000151.jpg\" class=\"attachment-thumb size-thumb\" alt=\"\" srcset=\"https:\/\/www.konstantin-goerlich.de\/wordpress\/wp-content\/uploads\/2011\/01\/DSC000151.jpg 1024w, https:\/\/www.konstantin-goerlich.de\/wordpress\/wp-content\/uploads\/2011\/01\/DSC000151-150x84.jpg 150w, https:\/\/www.konstantin-goerlich.de\/wordpress\/wp-content\/uploads\/2011\/01\/DSC000151-300x169.jpg 300w\" sizes=\"(max-width: 150px) 100vw, 150px\" \/><\/a>\n\t\t\t<\/div><\/figure>\n\t\t<\/div>\n\n<p>Als Bonus gibt es diesmal noch ein Panorama vom Schauinsland &#8230;<\/p>\n<p><a href=\"https:\/\/www.konstantin-goerlich.de\/wordpress\/wp-content\/uploads\/2011\/01\/schauinslandpanorama_wHD.jpg\" rel=\"lightbox[850]\"><img loading=\"lazy\" decoding=\"async\" class=\"alignnone size-full wp-image-862\" title=\"schauinslandpanorama_w600\" src=\"https:\/\/www.konstantin-goerlich.de\/wordpress\/wp-content\/uploads\/2011\/01\/schauinslandpanorama_w600.jpg\" alt=\"\" width=\"600\" height=\"200\" srcset=\"https:\/\/www.konstantin-goerlich.de\/wordpress\/wp-content\/uploads\/2011\/01\/schauinslandpanorama_w600.jpg 600w, https:\/\/www.konstantin-goerlich.de\/wordpress\/wp-content\/uploads\/2011\/01\/schauinslandpanorama_w600-150x50.jpg 150w, https:\/\/www.konstantin-goerlich.de\/wordpress\/wp-content\/uploads\/2011\/01\/schauinslandpanorama_w600-300x100.jpg 300w\" sizes=\"(max-width: 600px) 100vw, 600px\" \/><\/a><\/p>\n<p>&#8230; und eins von Freiburg.<\/p>\n<p><a href=\"https:\/\/www.konstantin-goerlich.de\/wordpress\/wp-content\/uploads\/2011\/01\/freiburgpanorama_wHD.jpg\" rel=\"lightbox[850]\"><img loading=\"lazy\" decoding=\"async\" class=\"alignnone size-full wp-image-858\" title=\"freiburgpanorama_w600\" src=\"https:\/\/www.konstantin-goerlich.de\/wordpress\/wp-content\/uploads\/2011\/01\/freiburgpanorama_w600.jpg\" alt=\"\" width=\"600\" height=\"203\" srcset=\"https:\/\/www.konstantin-goerlich.de\/wordpress\/wp-content\/uploads\/2011\/01\/freiburgpanorama_w600.jpg 600w, https:\/\/www.konstantin-goerlich.de\/wordpress\/wp-content\/uploads\/2011\/01\/freiburgpanorama_w600-150x51.jpg 150w, https:\/\/www.konstantin-goerlich.de\/wordpress\/wp-content\/uploads\/2011\/01\/freiburgpanorama_w600-300x102.jpg 300w\" sizes=\"(max-width: 600px) 100vw, 600px\" \/><\/a><\/p>\n<p>Das Freiburgpanorama (unten) besteht aus 5 HDR-Fotos vom iPhone (geschossen mit <a href=\"http:\/\/itunes.apple.com\/de\/app\/pro-hdr\/id347104281?mt=8\" target=\"_blank\">ProHDR<\/a>), die <a href=\"http:\/\/hugin.sourceforge.net\/\" target=\"_blank\">Hugin<\/a> zum Panorama zusammengestrickt hat. Das obere Panorama mit dem Schauinsland hat das iPhone ganz alleine gemacht, und zwar mit <a href=\"http:\/\/itunes.apple.com\/de\/app\/360-panorama\/id377342622?mt=8\" target=\"_blank\">360 Panorama<\/a>. Nun aber genug der Tipps.<\/p>\n","protected":false},"excerpt":{"rendered":"<p>Am ersten richtig sch\u00f6nen Sonntag des Jahres bei brutalstm\u00f6glich blauem Himmel sollte man mal raus aus der Stadt. Auch wenn der Sonnenschein bis unten durchschl\u00e4gt und nicht erst eine Wolkendecke durchbrochen werden muss ergeben sich doch gerne mal sch\u00f6ne Aussichten. Da\u00df der Sch\u00f6nberg seinen Namen zu Recht tr\u00e4gt ist aus den Bildern hoffentlich ersichtlich. Au\u00dfer &#8230; <\/p>\n<p class=\"read-more-container\"><a title=\"Vom Sch\u00f6nberg auf Freiburg geblickt.\" class=\"read-more button\" href=\"https:\/\/www.konstantin-goerlich.de\/wordpress\/2011\/01\/16\/vom-schonberg-auf-freiburg-geblickt\/#more-850\" aria-label=\"Mehr Informationen \u00fcber Vom Sch\u00f6nberg auf Freiburg geblickt.\">weiterlesen<\/a><\/p>\n","protected":false},"author":1,"featured_media":0,"comment_status":"open","ping_status":"open","sticky":false,"template":"","format":"standard","meta":{"footnotes":""},"categories":[1],"tags":[],"_links":{"self":[{"href":"https:\/\/www.konstantin-goerlich.de\/wordpress\/wp-json\/wp\/v2\/posts\/850"}],"collection":[{"href":"https:\/\/www.konstantin-goerlich.de\/wordpress\/wp-json\/wp\/v2\/posts"}],"about":[{"href":"https:\/\/www.konstantin-goerlich.de\/wordpress\/wp-json\/wp\/v2\/types\/post"}],"author":[{"embeddable":true,"href":"https:\/\/www.konstantin-goerlich.de\/wordpress\/wp-json\/wp\/v2\/users\/1"}],"replies":[{"embeddable":true,"href":"https:\/\/www.konstantin-goerlich.de\/wordpress\/wp-json\/wp\/v2\/comments?post=850"}],"version-history":[{"count":22,"href":"https:\/\/www.konstantin-goerlich.de\/wordpress\/wp-json\/wp\/v2\/posts\/850\/revisions"}],"predecessor-version":[{"id":895,"href":"https:\/\/www.konstantin-goerlich.de\/wordpress\/wp-json\/wp\/v2\/posts\/850\/revisions\/895"}],"wp:attachment":[{"href":"https:\/\/www.konstantin-goerlich.de\/wordpress\/wp-json\/wp\/v2\/media?parent=850"}],"wp:term":[{"taxonomy":"category","embeddable":true,"href":"https:\/\/www.konstantin-goerlich.de\/wordpress\/wp-json\/wp\/v2\/categories?post=850"},{"taxonomy":"post_tag","embeddable":true,"href":"https:\/\/www.konstantin-goerlich.de\/wordpress\/wp-json\/wp\/v2\/tags?post=850"}],"curies":[{"name":"wp","href":"https:\/\/api.w.org\/{rel}","templated":true}]}}