{"id":835,"date":"2011-01-12T16:46:34","date_gmt":"2011-01-12T15:46:34","guid":{"rendered":"http:\/\/www.konstantin-goerlich.de\/wordpress\/?p=835"},"modified":"2011-01-12T16:46:34","modified_gmt":"2011-01-12T15:46:34","slug":"schon-altern-ub-umbau-geht-in-schmutzige-runde","status":"publish","type":"post","link":"https:\/\/www.konstantin-goerlich.de\/wordpress\/2011\/01\/12\/schon-altern-ub-umbau-geht-in-schmutzige-runde\/","title":{"rendered":"Sch\u00f6n altern: UB-Umbau geht in schmutzige Runde."},"content":{"rendered":"<p><img loading=\"lazy\" decoding=\"async\" class=\"alignnone size-full wp-image-836\" title=\"Photo Jan 12, 3 26 02 nachm.\" src=\"https:\/\/www.konstantin-goerlich.de\/wordpress\/wp-content\/uploads\/2011\/01\/Photo-Jan-12-3-26-02-nachm..jpg\" alt=\"\" width=\"600\" height=\"325\" srcset=\"https:\/\/www.konstantin-goerlich.de\/wordpress\/wp-content\/uploads\/2011\/01\/Photo-Jan-12-3-26-02-nachm..jpg 600w, https:\/\/www.konstantin-goerlich.de\/wordpress\/wp-content\/uploads\/2011\/01\/Photo-Jan-12-3-26-02-nachm.-150x81.jpg 150w, https:\/\/www.konstantin-goerlich.de\/wordpress\/wp-content\/uploads\/2011\/01\/Photo-Jan-12-3-26-02-nachm.-300x163.jpg 300w\" sizes=\"(max-width: 600px) 100vw, 600px\" \/><\/p>\n<p>Pressestelle, Rektorat, Universit\u00e4tsbauamt und Universit\u00e4tsbibliothek: Die Rekonstruktion der Freiburger Universit\u00e4tsbibliothek bewegt die gesamte Hochschule. Noch im Januar werden die Bauma\u00dfnahmen &#8222;sicht- h\u00f6r- und riechbar&#8220;, so Rektor Prof. Schiewer bei der heutigen Pressekonferenz im ehemaligen B\u00fcro des Schluchseewerkevorstands im heutigen \u00dcbergangsgeb\u00e4ude f\u00fcr die Umbauzeit, der UB2.<\/p>\n<p><a href=\"https:\/\/www.konstantin-goerlich.de\/wordpress\/wp-content\/uploads\/2011\/01\/09_R\u00fcckbau_Fotos-Medienzentrum_2009_09_06_0041-w1000.jpg\" rel=\"lightbox[835]\"><img loading=\"lazy\" decoding=\"async\" class=\"alignnone size-full wp-image-840\" title=\"09_R\u00fcckbau_Fotos Medienzentrum_2009_09_06_0041 w600\" src=\"https:\/\/www.konstantin-goerlich.de\/wordpress\/wp-content\/uploads\/2011\/01\/09_R\u00fcckbau_Fotos-Medienzentrum_2009_09_06_0041-w600.jpg\" alt=\"\" width=\"600\" height=\"400\" srcset=\"https:\/\/www.konstantin-goerlich.de\/wordpress\/wp-content\/uploads\/2011\/01\/09_R\u00fcckbau_Fotos-Medienzentrum_2009_09_06_0041-w600.jpg 600w, https:\/\/www.konstantin-goerlich.de\/wordpress\/wp-content\/uploads\/2011\/01\/09_R\u00fcckbau_Fotos-Medienzentrum_2009_09_06_0041-w600-150x100.jpg 150w, https:\/\/www.konstantin-goerlich.de\/wordpress\/wp-content\/uploads\/2011\/01\/09_R\u00fcckbau_Fotos-Medienzentrum_2009_09_06_0041-w600-300x200.jpg 300w\" sizes=\"(max-width: 600px) 100vw, 600px\" \/><\/a><\/p>\n<p>Wenn der schon seit Jahren br\u00f6ckelige Sichtbeton von der kompletten alten Fassade entfernt wird d\u00fcrfte es um einiges lauter und staubiger werden als beim Abri\u00df der alten Fu\u00dfg\u00e4ngerbr\u00fccke im Herbst 2009. Die Fassade ist aber nur der Anfang des R\u00fcckbaus, denn weniger ist mehr: Um zwei Drittel wird das Geb\u00e4ude verkleinert, in dem ab der voraussichtlichen Inbetriebnahme zum Wintersemester 2013\/2014 f\u00fcnfzehntausend Kubikmeter umbauter Raum weniger zu beheizen und k\u00fchlen sein werden. Bei gleichbleibender Nutzfl\u00e4che wohlgemerkt. Die erheblichen Betriebskosten des technisch hoffnungslos \u00fcberholten Altbaus aus den siebziger Jahren, die laut Schiewer bislang &#8222;aus Forschung und Lehre quersubventioniert&#8220; werden mu\u00dften, sind bekannterma\u00dfen einer der Hauptgr\u00fcnde f\u00fcr den massiven Umbau.<\/p>\n<p><a href=\"https:\/\/www.konstantin-goerlich.de\/wordpress\/wp-content\/uploads\/2011\/01\/13_R\u00fcckbau_UBA_Hw_IMG_6599-w1000.jpg\" rel=\"lightbox[835]\"><img loading=\"lazy\" decoding=\"async\" class=\"alignnone size-full wp-image-842\" title=\"13_R\u00fcckbau_UBA_Hw_IMG_6599 w600\" src=\"https:\/\/www.konstantin-goerlich.de\/wordpress\/wp-content\/uploads\/2011\/01\/13_R\u00fcckbau_UBA_Hw_IMG_6599-w6001.jpg\" alt=\"\" width=\"600\" height=\"400\" srcset=\"https:\/\/www.konstantin-goerlich.de\/wordpress\/wp-content\/uploads\/2011\/01\/13_R\u00fcckbau_UBA_Hw_IMG_6599-w6001.jpg 600w, https:\/\/www.konstantin-goerlich.de\/wordpress\/wp-content\/uploads\/2011\/01\/13_R\u00fcckbau_UBA_Hw_IMG_6599-w6001-150x100.jpg 150w, https:\/\/www.konstantin-goerlich.de\/wordpress\/wp-content\/uploads\/2011\/01\/13_R\u00fcckbau_UBA_Hw_IMG_6599-w6001-300x200.jpg 300w\" sizes=\"(max-width: 600px) 100vw, 600px\" \/><\/a><\/p>\n<p>Aber auch der eine oder andere Sack wurde mit Schadstoffen aller Art gef\u00fcllt. Diese Arbeiten wurden im vergangenen Jahr unter naheliegenden Sicherheitsvorkehrungen abgeschlossen. Bis zum Umzug in die Stadthalle wurde ohne Sicherheitsvorkehrungen neben und unter diesen Schadstoffen gelernt und gearbeitet. Abenteuerlich bleibt es f\u00fcr die Mitarbeiter des Tiefmagazins im 2. und 3. Untergescho\u00df: w\u00e4hrend am oberirdischen Geb\u00e4udeteil der kontrollierte R\u00fcckbau l\u00e4uft bleiben unter Tage die 3,5 Millionen dort eingelagerten B\u00fccher per Bestellung zug\u00e4nglich. Sie vor weiteren Wassereinbr\u00fcchen zu bewahren wird eine wichtige Aufgabe, solange der Rohbau wie zur Zeit Wind und Wetter ausgesetzt ist.<\/p>\n<p>Zus\u00e4tzlich zu L\u00e4rm und Staub wird es w\u00e4hrend der Abri\u00dfarbeiten auch Stra\u00dfensperrungen im Umfeld des Geb\u00e4udes geben. So werden je nach Bauabschnitt Sedan-, Milch- und Belfortstra\u00dfe voll und der Rotteckring halbseitig gesperrt. F\u00fcr Autofahrer ein kleiner Vorgeschmack auf die kommende Fu\u00dfg\u00e4ngerzone, f\u00fcr die Anwohner des Sedanviertels eine weitere Verkehrsbelastung nachdem der Wegfall der UB-Tiefgarage die Parkplatzsituation bereits versch\u00e4rft hatte.<\/p>\n<p><a href=\"https:\/\/www.konstantin-goerlich.de\/wordpress\/wp-content\/uploads\/2011\/01\/02_Visualisierung-UB_Degelo-Architekten-Basel-w1000.jpg\" rel=\"lightbox[835]\"><img loading=\"lazy\" decoding=\"async\" class=\"alignnone size-full wp-image-845\" title=\"02_Visualisierung UB_Degelo Architekten, Basel w600\" src=\"https:\/\/www.konstantin-goerlich.de\/wordpress\/wp-content\/uploads\/2011\/01\/02_Visualisierung-UB_Degelo-Architekten-Basel-w600.jpg\" alt=\"\" width=\"600\" height=\"329\" srcset=\"https:\/\/www.konstantin-goerlich.de\/wordpress\/wp-content\/uploads\/2011\/01\/02_Visualisierung-UB_Degelo-Architekten-Basel-w600.jpg 600w, https:\/\/www.konstantin-goerlich.de\/wordpress\/wp-content\/uploads\/2011\/01\/02_Visualisierung-UB_Degelo-Architekten-Basel-w600-150x82.jpg 150w, https:\/\/www.konstantin-goerlich.de\/wordpress\/wp-content\/uploads\/2011\/01\/02_Visualisierung-UB_Degelo-Architekten-Basel-w600-300x165.jpg 300w\" sizes=\"(max-width: 600px) 100vw, 600px\" \/><\/a><\/p>\n<p>Fast seit Einrichtung der Baustelle gibt es an der S\u00fcdostecke des Geb\u00e4udes einen kleinen Vorgeschmack auf die neue Fassade, bei der das urspr\u00fcnglich geplante eloxierte Aluminium inzwischen poliertem Chromstahl gewichen ist. Je nach Tageszeit und Lichtverh\u00e4ltnissen wird sich das Geb\u00e4ude unterschiedlich pr\u00e4sentieren. Einmal reflektieren Glas und Stahl die Farben ihrer Umgebung komplett, bei Dunkelheit treten helle Fenster neben dunklen Fassadenteilen kontrastreich hervor.\u00a0Auch als Reaktion auf die Schadstoffprobleme der einstmals als B\u00fccherbunker bezeichneten und dennoch h\u00f6chst modernen Bibliothek werden unbehandelte Oberfl\u00e4chen zentraler Bestandteil des Materialkonzeptes sein, die &#8222;nat\u00fcrlich altern&#8220;.<\/p>\n<p>W\u00e4hrend im \u00dcbergangsdomizil in der Stadthalle schon die 24-Stunden-Bibliothek praktiziert wird gibt das neue Geb\u00e4ude dann Raum und M\u00f6glichkeit f\u00fcr all die neuen, in Workshops und Befragungen entwickelten Nutzungskonzepte, die UB-Direktorin Kellersohn unter den Punkten &#8222;Offenheit, Selbstbedienung, differenzierte Arbeitsm\u00f6glichkeiten&#8220; zusammenfasste. Schaut man sich die zum Teil \u00fcberf\u00fcllten Bibliotheken im Zentrum an so d\u00fcrfte so manchem die Anzahl der 1700 Arbeitspl\u00e4tze in der neuen alten UB wichtiger sein als ihre Gestaltung.<img loading=\"lazy\" decoding=\"async\" src=\"http:\/\/vg05.met.vgwort.de\/na\/a768e37d629841298eaab4361d0fed8f\" width=\"1\" height=\"1\" alt=\"\"><\/p>\n","protected":false},"excerpt":{"rendered":"<p>Pressestelle, Rektorat, Universit\u00e4tsbauamt und Universit\u00e4tsbibliothek: Die Rekonstruktion der Freiburger Universit\u00e4tsbibliothek bewegt die gesamte Hochschule. Noch im Januar werden die Bauma\u00dfnahmen &#8222;sicht- h\u00f6r- und riechbar&#8220;, so Rektor Prof. Schiewer bei der heutigen Pressekonferenz im ehemaligen B\u00fcro des Schluchseewerkevorstands im heutigen \u00dcbergangsgeb\u00e4ude f\u00fcr die Umbauzeit, der UB2. Wenn der schon seit Jahren br\u00f6ckelige Sichtbeton von der kompletten &#8230; <\/p>\n<p class=\"read-more-container\"><a title=\"Sch\u00f6n altern: UB-Umbau geht in schmutzige Runde.\" class=\"read-more button\" href=\"https:\/\/www.konstantin-goerlich.de\/wordpress\/2011\/01\/12\/schon-altern-ub-umbau-geht-in-schmutzige-runde\/#more-835\" aria-label=\"Mehr Informationen \u00fcber Sch\u00f6n altern: UB-Umbau geht in schmutzige Runde.\">weiterlesen<\/a><\/p>\n","protected":false},"author":1,"featured_media":0,"comment_status":"open","ping_status":"open","sticky":false,"template":"","format":"standard","meta":{"footnotes":""},"categories":[1],"tags":[],"_links":{"self":[{"href":"https:\/\/www.konstantin-goerlich.de\/wordpress\/wp-json\/wp\/v2\/posts\/835"}],"collection":[{"href":"https:\/\/www.konstantin-goerlich.de\/wordpress\/wp-json\/wp\/v2\/posts"}],"about":[{"href":"https:\/\/www.konstantin-goerlich.de\/wordpress\/wp-json\/wp\/v2\/types\/post"}],"author":[{"embeddable":true,"href":"https:\/\/www.konstantin-goerlich.de\/wordpress\/wp-json\/wp\/v2\/users\/1"}],"replies":[{"embeddable":true,"href":"https:\/\/www.konstantin-goerlich.de\/wordpress\/wp-json\/wp\/v2\/comments?post=835"}],"version-history":[{"count":3,"href":"https:\/\/www.konstantin-goerlich.de\/wordpress\/wp-json\/wp\/v2\/posts\/835\/revisions"}],"predecessor-version":[{"id":847,"href":"https:\/\/www.konstantin-goerlich.de\/wordpress\/wp-json\/wp\/v2\/posts\/835\/revisions\/847"}],"wp:attachment":[{"href":"https:\/\/www.konstantin-goerlich.de\/wordpress\/wp-json\/wp\/v2\/media?parent=835"}],"wp:term":[{"taxonomy":"category","embeddable":true,"href":"https:\/\/www.konstantin-goerlich.de\/wordpress\/wp-json\/wp\/v2\/categories?post=835"},{"taxonomy":"post_tag","embeddable":true,"href":"https:\/\/www.konstantin-goerlich.de\/wordpress\/wp-json\/wp\/v2\/tags?post=835"}],"curies":[{"name":"wp","href":"https:\/\/api.w.org\/{rel}","templated":true}]}}