{"id":829,"date":"2010-12-24T20:00:22","date_gmt":"2010-12-24T19:00:22","guid":{"rendered":"http:\/\/www.konstantin-goerlich.de\/wordpress\/?p=829"},"modified":"2010-12-24T20:01:36","modified_gmt":"2010-12-24T19:01:36","slug":"wintervideo-freiburg-ganz-gros-in-klein","status":"publish","type":"post","link":"https:\/\/www.konstantin-goerlich.de\/wordpress\/2010\/12\/24\/wintervideo-freiburg-ganz-gros-in-klein\/","title":{"rendered":"Wintervideo: Freiburg ganz gro\u00df in klein."},"content":{"rendered":"<p>Freiburg im Miniaturformat, aber in echt. Wer sich &#8211; wie ich &#8211; f\u00fcr die urbane \u00c4sthetik flie\u00dfender Verkehrssysteme begeistern kann wird dieses Video, welches ich bei Caro <a href=\"http:\/\/misscaro.blogspot.com\/2010\/12\/zuhause.html\" target=\"_blank\">gefunden<\/a> hab, lieben. Mein Weihnachts- oder Feiertagsgru\u00df, wie ihr m\u00f6gt :-)<\/p>\n<p><iframe loading=\"lazy\" src=\"http:\/\/player.vimeo.com\/video\/18086115\" width=\"599\" height=\"337\" frameborder=\"0\"><\/iframe><\/p>\n","protected":false},"excerpt":{"rendered":"<p>Freiburg im Miniaturformat, aber in echt. Wer sich &#8211; wie ich &#8211; f\u00fcr die urbane \u00c4sthetik flie\u00dfender Verkehrssysteme begeistern kann wird dieses Video, welches ich bei Caro gefunden hab, lieben. Mein Weihnachts- oder Feiertagsgru\u00df, wie ihr m\u00f6gt :-)<\/p>\n","protected":false},"author":1,"featured_media":0,"comment_status":"open","ping_status":"open","sticky":false,"template":"","format":"standard","meta":{"footnotes":""},"categories":[1],"tags":[],"_links":{"self":[{"href":"https:\/\/www.konstantin-goerlich.de\/wordpress\/wp-json\/wp\/v2\/posts\/829"}],"collection":[{"href":"https:\/\/www.konstantin-goerlich.de\/wordpress\/wp-json\/wp\/v2\/posts"}],"about":[{"href":"https:\/\/www.konstantin-goerlich.de\/wordpress\/wp-json\/wp\/v2\/types\/post"}],"author":[{"embeddable":true,"href":"https:\/\/www.konstantin-goerlich.de\/wordpress\/wp-json\/wp\/v2\/users\/1"}],"replies":[{"embeddable":true,"href":"https:\/\/www.konstantin-goerlich.de\/wordpress\/wp-json\/wp\/v2\/comments?post=829"}],"version-history":[{"count":5,"href":"https:\/\/www.konstantin-goerlich.de\/wordpress\/wp-json\/wp\/v2\/posts\/829\/revisions"}],"predecessor-version":[{"id":834,"href":"https:\/\/www.konstantin-goerlich.de\/wordpress\/wp-json\/wp\/v2\/posts\/829\/revisions\/834"}],"wp:attachment":[{"href":"https:\/\/www.konstantin-goerlich.de\/wordpress\/wp-json\/wp\/v2\/media?parent=829"}],"wp:term":[{"taxonomy":"category","embeddable":true,"href":"https:\/\/www.konstantin-goerlich.de\/wordpress\/wp-json\/wp\/v2\/categories?post=829"},{"taxonomy":"post_tag","embeddable":true,"href":"https:\/\/www.konstantin-goerlich.de\/wordpress\/wp-json\/wp\/v2\/tags?post=829"}],"curies":[{"name":"wp","href":"https:\/\/api.w.org\/{rel}","templated":true}]}}