{"id":807,"date":"2010-12-08T22:37:16","date_gmt":"2010-12-08T21:37:16","guid":{"rendered":"http:\/\/www.konstantin-goerlich.de\/wordpress\/?p=807"},"modified":"2010-12-18T15:47:30","modified_gmt":"2010-12-18T14:47:30","slug":"fremdenfeindliche-auserungen-des-freiburger-oberburgermeisters-salomon","status":"publish","type":"post","link":"https:\/\/www.konstantin-goerlich.de\/wordpress\/2010\/12\/08\/fremdenfeindliche-auserungen-des-freiburger-oberburgermeisters-salomon\/","title":{"rendered":"Fremdenfeindliche \u00c4u\u00dferungen des Freiburger Oberb\u00fcrgermeisters Salomon."},"content":{"rendered":"<p>Eine <a href=\"http:\/\/www.ga-freiburg.net\/node\/254\" target=\"_blank\">Pressemitteilung der Gr\u00fcnen Alternative Freiburg (GAF)<\/a>, die offensichtlich keiner weiteren Kommentierung bedarf. Ein wenig Sprachlosigkeit w\u00e4re hingegen anzuraten.<\/p>\n<blockquote><p>Den Mitgliedern des Gemeinderats in Freiburg ist es nicht neu, dass der OB nicht nur\u00a0fachlich-thematisch kritisiert, sondern ausfallend gegen Personen wird. Auch in der\u00a0Sitzung am 30.11.2010 griff er bei dem Tagesordnungspunkt \u201eMayors of Peace\u201c auf\u00a0beleidigende Art einen Stadtrat der Unabh\u00e4ngigen Listen an. \u201eIch fand dieses\u00a0Vorgehen nicht angemessen, weil es eine rhetorische Ablenkung war. Statt sich mit\u00a0der Kritik auseinander zu setzen, griff der OB lieber die Person an\u201c, so Coinneach\u00a0McCabe.<\/p>\n<p>Nach dem darauf folgenden Redebeitrag von Stadtrat McCabe wies der OB die\u00a0Abstimmung des Antrags der GAF ab, mit dem Hinweis, dass dieser nicht\u00a0abstimmungsf\u00e4hig sei. Als Herr McCabe erkl\u00e4rt haben wollte, aus welchem Grund,\u00a0verlor der OB die Beherrschung und lieferte ihm eine Erkl\u00e4rung, w\u00e4hrend der er den\u00a0Sprachstil des aus Schottland stammenden Stadtrats imitierte. Dies geschah auf eine so\u00a0verachtende Art und Weise, dass es im Ratssaal ganz ruhig wurde, bis auf einen\u00a0Stadtrat, der dem OB zurief, er solle aufh\u00f6ren, Stadtrat McCabe nachzumachen.\u00a0\u201eNat\u00fcrlich ist es pers\u00f6nlich verletzend, doch viel bedenklicher finde ich, dass es ein\u00a0Angriff war, der auf meine Sprachweise und damit meine Herkunft abzielte und das ist\u00a0zutiefst diskriminierend\u201c, erkl\u00e4rt Stadtrat McCabe seine Position. Mit seinem\u00a0fremdenverachtenden Verhalten stie\u00df der\u00a0OB nur auf unerheblichen Widerstand.<\/p>\n<p>\u201eAuch wir finden, dass es in der politischen Debatte auch mal h\u00e4rter zugehen kann,\u00a0aber gewisse Grenzen sind einzuhalten\u201c ,meinen die Stadtr\u00e4tInnen der Gr\u00fcnen\u00a0Alternative Freiburg. \u201eVom OB sollte man erwarten k\u00f6nnen, dass er sich seinem Amt\u00a0entsprechend verh\u00e4lt und nicht ausfallend wird, wann es ihm beliebt\u201c, so Stadtr\u00e4tin\u00a0Stein. Und weiter: \u201eWer sich um dieses Amt bewirbt, dem sollte klar sein, dass es\u00a0einen verantwortungsvollen und respektvollen Umgang mit anderen Menschen,\u00a0unabh\u00e4ngig von Herkunft oder politischen Anschauungen, verlangt. Und schlie\u00dflich\u00a0sollten die Sitzungen des Gemeinderats vom Oberb\u00fcrgermeister souver\u00e4n geleitet\u00a0werden, wie es seinem Amt angemessen w\u00e4re.\u201c<\/p>\n<p>Hiermit fordert die Gr\u00fcne Alternative Freiburg OB Salomon dazu auf, in Zukunft sein\u00a0Amt nicht mehr zu missbrauchen.<\/p><\/blockquote>\n<p><strong>Update<\/strong>: Nat\u00fcrlich befasst sich die GAF auch in ihrem aktuellen <a href=\"http:\/\/www.freiburg.de\/servlet\/PB\/menu\/1235115_l1\/index.html\" target=\"_blank\">Fraktionsbeitrag<\/a> im Amtsblatt mit dem Vorfall. Man kann ihn n\u00e4mlich nicht oft genug erw\u00e4hnen.<\/p>\n","protected":false},"excerpt":{"rendered":"<p>Eine Pressemitteilung der Gr\u00fcnen Alternative Freiburg (GAF), die offensichtlich keiner weiteren Kommentierung bedarf. Ein wenig Sprachlosigkeit w\u00e4re hingegen anzuraten. Den Mitgliedern des Gemeinderats in Freiburg ist es nicht neu, dass der OB nicht nur\u00a0fachlich-thematisch kritisiert, sondern ausfallend gegen Personen wird. Auch in der\u00a0Sitzung am 30.11.2010 griff er bei dem Tagesordnungspunkt \u201eMayors of Peace\u201c auf\u00a0beleidigende Art &#8230; <\/p>\n<p class=\"read-more-container\"><a title=\"Fremdenfeindliche \u00c4u\u00dferungen des Freiburger Oberb\u00fcrgermeisters Salomon.\" class=\"read-more button\" href=\"https:\/\/www.konstantin-goerlich.de\/wordpress\/2010\/12\/08\/fremdenfeindliche-auserungen-des-freiburger-oberburgermeisters-salomon\/#more-807\" aria-label=\"Mehr Informationen \u00fcber Fremdenfeindliche \u00c4u\u00dferungen des Freiburger Oberb\u00fcrgermeisters Salomon.\">weiterlesen<\/a><\/p>\n","protected":false},"author":1,"featured_media":0,"comment_status":"open","ping_status":"open","sticky":false,"template":"","format":"standard","meta":{"footnotes":""},"categories":[1],"tags":[],"_links":{"self":[{"href":"https:\/\/www.konstantin-goerlich.de\/wordpress\/wp-json\/wp\/v2\/posts\/807"}],"collection":[{"href":"https:\/\/www.konstantin-goerlich.de\/wordpress\/wp-json\/wp\/v2\/posts"}],"about":[{"href":"https:\/\/www.konstantin-goerlich.de\/wordpress\/wp-json\/wp\/v2\/types\/post"}],"author":[{"embeddable":true,"href":"https:\/\/www.konstantin-goerlich.de\/wordpress\/wp-json\/wp\/v2\/users\/1"}],"replies":[{"embeddable":true,"href":"https:\/\/www.konstantin-goerlich.de\/wordpress\/wp-json\/wp\/v2\/comments?post=807"}],"version-history":[{"count":9,"href":"https:\/\/www.konstantin-goerlich.de\/wordpress\/wp-json\/wp\/v2\/posts\/807\/revisions"}],"predecessor-version":[{"id":813,"href":"https:\/\/www.konstantin-goerlich.de\/wordpress\/wp-json\/wp\/v2\/posts\/807\/revisions\/813"}],"wp:attachment":[{"href":"https:\/\/www.konstantin-goerlich.de\/wordpress\/wp-json\/wp\/v2\/media?parent=807"}],"wp:term":[{"taxonomy":"category","embeddable":true,"href":"https:\/\/www.konstantin-goerlich.de\/wordpress\/wp-json\/wp\/v2\/categories?post=807"},{"taxonomy":"post_tag","embeddable":true,"href":"https:\/\/www.konstantin-goerlich.de\/wordpress\/wp-json\/wp\/v2\/tags?post=807"}],"curies":[{"name":"wp","href":"https:\/\/api.w.org\/{rel}","templated":true}]}}