{"id":784,"date":"2010-11-21T17:52:50","date_gmt":"2010-11-21T16:52:50","guid":{"rendered":"http:\/\/www.konstantin-goerlich.de\/wordpress\/?p=784"},"modified":"2010-11-21T17:52:50","modified_gmt":"2010-11-21T16:52:50","slug":"uber-den-wolken","status":"publish","type":"post","link":"https:\/\/www.konstantin-goerlich.de\/wordpress\/2010\/11\/21\/uber-den-wolken\/","title":{"rendered":"\u00dcber den Wolken."},"content":{"rendered":"<p>Und: \u00fcber Freiburg. Die Stadt lag n\u00e4mlich heute nicht komplett unter einer Wolkendecke. Der Schauinsland samt dazugeh\u00f6rigem Turm hat oben rausgeguckt. Und ich auch. Das sah dann so aus:<\/p>\n<div id='gallery-1' class='gallery galleryid-784 gallery-columns-4 gallery-size-thumbnail'><figure class='gallery-item'>\n\t\t\t<div class='gallery-icon landscape'>\n\t\t\t\t<a href='https:\/\/www.konstantin-goerlich.de\/wordpress\/wp-content\/uploads\/2010\/11\/IMG_0122.jpg' rel=\"lightbox[784]\"><img loading=\"lazy\" decoding=\"async\" width=\"150\" height=\"150\" src=\"https:\/\/www.konstantin-goerlich.de\/wordpress\/wp-content\/uploads\/2010\/11\/IMG_0122-150x150.jpg\" class=\"attachment-thumbnail size-thumbnail\" alt=\"\" aria-describedby=\"gallery-1-790\" \/><\/a>\n\t\t\t<\/div>\n\t\t\t\t<figcaption class='wp-caption-text gallery-caption' id='gallery-1-790'>\n\t\t\t\tWir k\u00f6nnen Alles. Und Sonnenunterg\u00e4nge.\n\t\t\t\t<\/figcaption><\/figure><figure class='gallery-item'>\n\t\t\t<div class='gallery-icon landscape'>\n\t\t\t\t<a href='https:\/\/www.konstantin-goerlich.de\/wordpress\/wp-content\/uploads\/2010\/11\/IMG_0114.jpg' rel=\"lightbox[784]\"><img loading=\"lazy\" decoding=\"async\" width=\"150\" height=\"150\" src=\"https:\/\/www.konstantin-goerlich.de\/wordpress\/wp-content\/uploads\/2010\/11\/IMG_0114-150x150.jpg\" class=\"attachment-thumbnail size-thumbnail\" alt=\"\" aria-describedby=\"gallery-1-789\" \/><\/a>\n\t\t\t<\/div>\n\t\t\t\t<figcaption class='wp-caption-text gallery-caption' id='gallery-1-789'>\n\t\t\t\tDer Feldberg.\n\t\t\t\t<\/figcaption><\/figure><figure class='gallery-item'>\n\t\t\t<div class='gallery-icon landscape'>\n\t\t\t\t<a href='https:\/\/www.konstantin-goerlich.de\/wordpress\/wp-content\/uploads\/2010\/11\/IMG_0113.jpg' rel=\"lightbox[784]\"><img loading=\"lazy\" decoding=\"async\" width=\"150\" height=\"150\" src=\"https:\/\/www.konstantin-goerlich.de\/wordpress\/wp-content\/uploads\/2010\/11\/IMG_0113-150x150.jpg\" class=\"attachment-thumbnail size-thumbnail\" alt=\"\" aria-describedby=\"gallery-1-788\" \/><\/a>\n\t\t\t<\/div>\n\t\t\t\t<figcaption class='wp-caption-text gallery-caption' id='gallery-1-788'>\n\t\t\t\tHier sehen Sie: nicht Freiburg.\n\t\t\t\t<\/figcaption><\/figure><figure class='gallery-item'>\n\t\t\t<div class='gallery-icon landscape'>\n\t\t\t\t<a href='https:\/\/www.konstantin-goerlich.de\/wordpress\/wp-content\/uploads\/2010\/11\/IMG_0125.jpg' rel=\"lightbox[784]\"><img loading=\"lazy\" decoding=\"async\" width=\"150\" height=\"150\" src=\"https:\/\/www.konstantin-goerlich.de\/wordpress\/wp-content\/uploads\/2010\/11\/IMG_0125-150x150.jpg\" class=\"attachment-thumbnail size-thumbnail\" alt=\"\" aria-describedby=\"gallery-1-791\" \/><\/a>\n\t\t\t<\/div>\n\t\t\t\t<figcaption class='wp-caption-text gallery-caption' id='gallery-1-791'>\n\t\t\t\tkalt.\n\t\t\t\t<\/figcaption><\/figure><figure class='gallery-item'>\n\t\t\t<div class='gallery-icon landscape'>\n\t\t\t\t<a href='https:\/\/www.konstantin-goerlich.de\/wordpress\/wp-content\/uploads\/2010\/11\/IMG_0112.jpg' rel=\"lightbox[784]\"><img loading=\"lazy\" decoding=\"async\" width=\"150\" height=\"150\" src=\"https:\/\/www.konstantin-goerlich.de\/wordpress\/wp-content\/uploads\/2010\/11\/IMG_0112-150x150.jpg\" class=\"attachment-thumbnail size-thumbnail\" alt=\"\" aria-describedby=\"gallery-1-787\" \/><\/a>\n\t\t\t<\/div>\n\t\t\t\t<figcaption class='wp-caption-text gallery-caption' id='gallery-1-787'>\n\t\t\t\tEisb\u00e4ren?\n\t\t\t\t<\/figcaption><\/figure><figure class='gallery-item'>\n\t\t\t<div class='gallery-icon landscape'>\n\t\t\t\t<a href='https:\/\/www.konstantin-goerlich.de\/wordpress\/wp-content\/uploads\/2010\/11\/IMG_0111.jpg' rel=\"lightbox[784]\"><img loading=\"lazy\" decoding=\"async\" width=\"150\" height=\"150\" src=\"https:\/\/www.konstantin-goerlich.de\/wordpress\/wp-content\/uploads\/2010\/11\/IMG_0111-150x150.jpg\" class=\"attachment-thumbnail size-thumbnail\" alt=\"\" aria-describedby=\"gallery-1-786\" \/><\/a>\n\t\t\t<\/div>\n\t\t\t\t<figcaption class='wp-caption-text gallery-caption' id='gallery-1-786'>\n\t\t\t\t\u00dcber den Wolken.\n\t\t\t\t<\/figcaption><\/figure>\n\t\t<\/div>\n\n<p>Alpensicht war \u00fcbrigens auch, aber nicht mit der iPhone-Kamera. Eiger (logischerweise die ber\u00fchmte Nordwand&#8230;) und Jungfrau waren deutlich zu erkennen. In der anderen Richtung schaute nur ab und zu eine Spitze der Windr\u00e4der an der Holzschl\u00e4germatte aus dem Dunst. Und \u00fcber allem: stahlblauer Himmel mit ein paar Wolkenstreifen, dazu eine herrlich frische Luft. Einfach toll.<\/p>\n","protected":false},"excerpt":{"rendered":"<p>Und: \u00fcber Freiburg. Die Stadt lag n\u00e4mlich heute nicht komplett unter einer Wolkendecke. Der Schauinsland samt dazugeh\u00f6rigem Turm hat oben rausgeguckt. Und ich auch. Das sah dann so aus: Alpensicht war \u00fcbrigens auch, aber nicht mit der iPhone-Kamera. Eiger (logischerweise die ber\u00fchmte Nordwand&#8230;) und Jungfrau waren deutlich zu erkennen. In der anderen Richtung schaute nur &#8230; <\/p>\n<p class=\"read-more-container\"><a title=\"\u00dcber den Wolken.\" class=\"read-more button\" href=\"https:\/\/www.konstantin-goerlich.de\/wordpress\/2010\/11\/21\/uber-den-wolken\/#more-784\" aria-label=\"Mehr Informationen \u00fcber \u00dcber den Wolken.\">weiterlesen<\/a><\/p>\n","protected":false},"author":1,"featured_media":0,"comment_status":"open","ping_status":"open","sticky":false,"template":"","format":"standard","meta":{"footnotes":""},"categories":[1],"tags":[],"_links":{"self":[{"href":"https:\/\/www.konstantin-goerlich.de\/wordpress\/wp-json\/wp\/v2\/posts\/784"}],"collection":[{"href":"https:\/\/www.konstantin-goerlich.de\/wordpress\/wp-json\/wp\/v2\/posts"}],"about":[{"href":"https:\/\/www.konstantin-goerlich.de\/wordpress\/wp-json\/wp\/v2\/types\/post"}],"author":[{"embeddable":true,"href":"https:\/\/www.konstantin-goerlich.de\/wordpress\/wp-json\/wp\/v2\/users\/1"}],"replies":[{"embeddable":true,"href":"https:\/\/www.konstantin-goerlich.de\/wordpress\/wp-json\/wp\/v2\/comments?post=784"}],"version-history":[{"count":5,"href":"https:\/\/www.konstantin-goerlich.de\/wordpress\/wp-json\/wp\/v2\/posts\/784\/revisions"}],"predecessor-version":[{"id":796,"href":"https:\/\/www.konstantin-goerlich.de\/wordpress\/wp-json\/wp\/v2\/posts\/784\/revisions\/796"}],"wp:attachment":[{"href":"https:\/\/www.konstantin-goerlich.de\/wordpress\/wp-json\/wp\/v2\/media?parent=784"}],"wp:term":[{"taxonomy":"category","embeddable":true,"href":"https:\/\/www.konstantin-goerlich.de\/wordpress\/wp-json\/wp\/v2\/categories?post=784"},{"taxonomy":"post_tag","embeddable":true,"href":"https:\/\/www.konstantin-goerlich.de\/wordpress\/wp-json\/wp\/v2\/tags?post=784"}],"curies":[{"name":"wp","href":"https:\/\/api.w.org\/{rel}","templated":true}]}}