{"id":78,"date":"2007-04-12T23:15:40","date_gmt":"2007-04-12T21:15:40","guid":{"rendered":"http:\/\/www.konstantin-goerlich.de\/wordpress\/2007\/04\/12\/war-filbinger-antifaschist\/"},"modified":"2007-04-16T21:37:50","modified_gmt":"2007-04-16T19:37:50","slug":"war-filbinger-antifaschist","status":"publish","type":"post","link":"https:\/\/www.konstantin-goerlich.de\/wordpress\/2007\/04\/12\/war-filbinger-antifaschist\/","title":{"rendered":"War Filbinger Antifaschist?"},"content":{"rendered":"<p>Nachdem Alt-Nazi und -Ministerpr\u00e4sident Hans Filbinger gestern unter die schwarz-braune Erde kam \u00fcberschlagen sich die Medien weiter \u00fcber seine Vergangenheit als Marinerichter, Milit\u00e4rstaatsanwalt und Exekutionskommandeur im 3. Reich. So scheint es. Tats\u00e4chlich diskutiert wird aber \u00fcber die Worte von Ministerpr\u00e4sident G\u00fcnther Oettinger bei den Trauerfeierlichkeiten im Freiburger M\u00fcnster, mit denen er nun nichtmehr nur als Ministerpr\u00e4sident Baden-W\u00fcrttembergs in der Nachfolge Filbingers steht.<br \/>\nIm Kern der umstrittenen \u00c4u\u00dferungen stehen S\u00e4tze wie die uns\u00e4gliche weil lediglich juristisch formal korrekte Formulierung <em>&#8222;Es gibt kein Urteil von Hans Filbinger, durch das ein Mensch sein Leben verloren h\u00e4tte.&#8220;<\/em>. Auf die Spitze trieb es Oettinger jedoch mit der grotesken Behauptung <em>&#8222;Hans Filbinger war kein Nationalsozialist. Im Gegenteil: Er war ein Gegner des NS-Regimes.&#8220;<\/em>. Ein Schlag ins Gesicht aller Widerstandsk\u00e4mpfer und Opfer von furchtbaren Juristen wie Filbinger einer war.<br \/>\nZwischenzeitlich wurde heute Nachmittag \u00fcber SpiegelOnline <a target=\"_blank\" href=\"http:\/\/www.spiegel.de\/politik\/deutschland\/0,1518,476847,00.html\">gemeldet<\/a>, Oettingers Redenschreiber h\u00e4tten \u00fcber diesen Teil der Rede heftig gestritten, wobei die &#8222;Erzkonservativen&#8220; gesiegt h\u00e4tten. Ganz abgesehen davon, da\u00df auch hier das <em>gesprochene<\/em> Wort gilt schl\u00e4gt dieser Versuch, Druck vom Ministerpr\u00e4sidenten zu nehmen spektakul\u00e4r fehl. Vielmehr dr\u00e4ngt sich die Frage auf, welche Gesinnungen in der CDU unter die Kategorie &#8222;erzkonservativ&#8220; fallen. Bestrebungen in den Medien, zuletzt in &#8222;Baden-W\u00fcrttemberg aktuell&#8220; im SWR Fernsehen, Oettingers Worte als ein Zugest\u00e4ndnis an eben diese Kreise umzudeuten verm\u00f6gen lediglich vom Kern der Debatte abzulenken.<br \/>\nAus dem Stuttgarter Staatministerium war heute keine Stellungnahme zu bekommen. Von den Oppositionsparteien und anderen politischen Gruppen bis hin zum Zentralrat der Juden waren Emp\u00f6rung, Wut und Unverst\u00e4ndnis zu vernehmen, auch <a target=\"_blank\" href=\"http:\/\/sase.de\/index.php?entry=entry070412-154326\">Sarkasmus<\/a> ist anzutreffen. Rolf Hochhuth qualifiziert Oettingers \u00c4u\u00dferungen anhand der Geschichte des Opfers Walter Gr\u00f6ger als &#8222;<a target=\"_blank\" href=\"http:\/\/www.sueddeutsche.de\/,tt2m4\/deutschland\/artikel\/804\/109695\/\">unverfrorene Erfindung<\/a>&#8222;.  Noch fordert niemand (<b>Update<\/b>: au\u00dfer dem Schriftsteller Ralph Giordano) Oettingers R\u00fccktritt, aber morgen ist ja auch wieder ein Tag. Freitag, der 13.<\/p>\n","protected":false},"excerpt":{"rendered":"<p>Nachdem Alt-Nazi und -Ministerpr\u00e4sident Hans Filbinger gestern unter die schwarz-braune Erde kam \u00fcberschlagen sich die Medien weiter \u00fcber seine Vergangenheit als Marinerichter, Milit\u00e4rstaatsanwalt und Exekutionskommandeur im 3. Reich. So scheint es. Tats\u00e4chlich diskutiert wird aber \u00fcber die Worte von Ministerpr\u00e4sident G\u00fcnther Oettinger bei den Trauerfeierlichkeiten im Freiburger M\u00fcnster, mit denen er nun nichtmehr nur als &#8230; <\/p>\n<p class=\"read-more-container\"><a title=\"War Filbinger Antifaschist?\" class=\"read-more button\" href=\"https:\/\/www.konstantin-goerlich.de\/wordpress\/2007\/04\/12\/war-filbinger-antifaschist\/#more-78\" aria-label=\"Mehr Informationen \u00fcber War Filbinger Antifaschist?\">weiterlesen<\/a><\/p>\n","protected":false},"author":1,"featured_media":0,"comment_status":"open","ping_status":"open","sticky":false,"template":"","format":"standard","meta":{"footnotes":""},"categories":[1],"tags":[],"_links":{"self":[{"href":"https:\/\/www.konstantin-goerlich.de\/wordpress\/wp-json\/wp\/v2\/posts\/78"}],"collection":[{"href":"https:\/\/www.konstantin-goerlich.de\/wordpress\/wp-json\/wp\/v2\/posts"}],"about":[{"href":"https:\/\/www.konstantin-goerlich.de\/wordpress\/wp-json\/wp\/v2\/types\/post"}],"author":[{"embeddable":true,"href":"https:\/\/www.konstantin-goerlich.de\/wordpress\/wp-json\/wp\/v2\/users\/1"}],"replies":[{"embeddable":true,"href":"https:\/\/www.konstantin-goerlich.de\/wordpress\/wp-json\/wp\/v2\/comments?post=78"}],"version-history":[{"count":0,"href":"https:\/\/www.konstantin-goerlich.de\/wordpress\/wp-json\/wp\/v2\/posts\/78\/revisions"}],"wp:attachment":[{"href":"https:\/\/www.konstantin-goerlich.de\/wordpress\/wp-json\/wp\/v2\/media?parent=78"}],"wp:term":[{"taxonomy":"category","embeddable":true,"href":"https:\/\/www.konstantin-goerlich.de\/wordpress\/wp-json\/wp\/v2\/categories?post=78"},{"taxonomy":"post_tag","embeddable":true,"href":"https:\/\/www.konstantin-goerlich.de\/wordpress\/wp-json\/wp\/v2\/tags?post=78"}],"curies":[{"name":"wp","href":"https:\/\/api.w.org\/{rel}","templated":true}]}}