{"id":768,"date":"2010-11-04T08:57:05","date_gmt":"2010-11-04T07:57:05","guid":{"rendered":"http:\/\/www.konstantin-goerlich.de\/wordpress\/?p=768"},"modified":"2014-03-24T12:52:15","modified_gmt":"2014-03-24T11:52:15","slug":"rcds-vorsitzender-sauft-nicht-mit-schwulen","status":"publish","type":"post","link":"https:\/\/www.konstantin-goerlich.de\/wordpress\/2010\/11\/04\/rcds-vorsitzender-sauft-nicht-mit-schwulen\/","title":{"rendered":"RCDS-Vorsitzender s\u00e4uft nicht mit Schwulen."},"content":{"rendered":"<p>Hat er gesagt, sagt das SchwuLesBi-Referat. Jedenfalls schreibt das der u-Bote, die Studierendenzeitung an der Uni Freiburg, in seiner heute erscheinenden Ausgabe (gedruckt \u00fcberall in der Uni, online nur als komplettes <a href=\"http:\/\/www.u-asta.uni-freiburg.de\/engagement\/referate\/presse\/u-asta-infos\/wise1011\/812.pdf\" target=\"_blank\">pdf<\/a> sp\u00e4ter\u00a0auf <a href=\"http:\/\/www.u-asta.de\" target=\"_blank\">u-asta.de<\/a> zu finden). Genauer:<\/p>\n<p>In einem offenen Brief unter dem Titel &#8222;Rettet den RCDS!&#8220; erhebt das SchwuLesBi-Referat Diskriminierungsvorw\u00fcrfe gegen den Freiburger RCDS-Vorsitzenden, Daniel Bierbrauer, der zugleich im AStA sitzt. Der Stand des RCDS befand sich beim diesj\u00e4hrigen Markt der M\u00f6glichkeiten, einer j\u00e4hrlichen Art Messe zu Semesterbeginn, bei der sich Studierendengruppen den Erstsemestern pr\u00e4sentieren, schr\u00e4g gegen\u00fcber von dem des u-asta, der Freiburger Studierendenvertretung, an dem u.a. auch besagtes Referat zugegen war. Soweit die Ausgangslage. Was dann geschah (und was von mehreren Seiten best\u00e4tigt wird) schildert das Referat wie folgt:<\/p>\n<blockquote><p>Tats\u00e4chlich aber kam im Verlauf der Veranstaltung der Vorsitzende des RCDS an der Universit\u00e4t Freiburg zum Stand des SchwuLesBi-Referats, um mit kindlich gespieltem Ernst unter anderem zu erz\u00e4hlen, er sei schwul, aber noch ungeoutet und leide unter Diskriminierung. Zudem habe er Angst vor den Reaktionen, insbesondere auch seiner Corps-Br\u00fcder, und wolle lieber nicht zur vom Referat veranstalteten Pink Party kommen, weil er zwar sehr gut saufen k\u00f6nne, aber nicht mit Schwulen saufen wolle.<\/p><\/blockquote>\n<p>Nat\u00fcrlich habe ich den RCDS-Vorsitzenden um eine Stellungnahme gebeten, jedoch seit zwei Tagen keine Antwort erhalten, und so steht nichteinmal Aussage gegen Aussage sondern die Vorw\u00fcrfe im Raum.<\/p>\n<p>Ich kann nicht nachempfinden, wie sich solch ein Verhalten f\u00fcr homosexuelle Studierende anf\u00fchlt,\u00a0die besonders w\u00e4hrend ihrer Schulzeit, aber auch noch an der Universit\u00e4t soziale Ausgrenzung und Diskriminierung erfahren,\u00a0habe aber allerh\u00f6chsten Respekt vor deren Reaktion. Sie n\u00e4mlich fordern die Konservativen an der Uni auf, den RCDS zu retten indem sie ihm einen neuen Vorstand w\u00e4hlen. Ob der derzeitige Vorsitzende daf\u00fcr den Weg freimachen wird, kann ich indes nicht sagen, denn auch auf meine Frage, ob er nun zur\u00fccktreten werde, kam bekanntlich keine Antwort.<img loading=\"lazy\" decoding=\"async\" alt=\"\" src=\"http:\/\/vg05.met.vgwort.de\/na\/24a016f34bb94360becf73b4ca7cfaa3\" width=\"1\" height=\"1\" \/><\/p>\n","protected":false},"excerpt":{"rendered":"<p>Hat er gesagt, sagt das SchwuLesBi-Referat. Jedenfalls schreibt das der u-Bote, die Studierendenzeitung an der Uni Freiburg, in seiner heute erscheinenden Ausgabe (gedruckt \u00fcberall in der Uni, online nur als komplettes pdf sp\u00e4ter\u00a0auf u-asta.de zu finden). Genauer: In einem offenen Brief unter dem Titel &#8222;Rettet den RCDS!&#8220; erhebt das SchwuLesBi-Referat Diskriminierungsvorw\u00fcrfe gegen den Freiburger RCDS-Vorsitzenden, &#8230; <\/p>\n<p class=\"read-more-container\"><a title=\"RCDS-Vorsitzender s\u00e4uft nicht mit Schwulen.\" class=\"read-more button\" href=\"https:\/\/www.konstantin-goerlich.de\/wordpress\/2010\/11\/04\/rcds-vorsitzender-sauft-nicht-mit-schwulen\/#more-768\" aria-label=\"Mehr Informationen \u00fcber RCDS-Vorsitzender s\u00e4uft nicht mit Schwulen.\">weiterlesen<\/a><\/p>\n","protected":false},"author":1,"featured_media":0,"comment_status":"open","ping_status":"open","sticky":false,"template":"","format":"standard","meta":{"footnotes":""},"categories":[1],"tags":[],"_links":{"self":[{"href":"https:\/\/www.konstantin-goerlich.de\/wordpress\/wp-json\/wp\/v2\/posts\/768"}],"collection":[{"href":"https:\/\/www.konstantin-goerlich.de\/wordpress\/wp-json\/wp\/v2\/posts"}],"about":[{"href":"https:\/\/www.konstantin-goerlich.de\/wordpress\/wp-json\/wp\/v2\/types\/post"}],"author":[{"embeddable":true,"href":"https:\/\/www.konstantin-goerlich.de\/wordpress\/wp-json\/wp\/v2\/users\/1"}],"replies":[{"embeddable":true,"href":"https:\/\/www.konstantin-goerlich.de\/wordpress\/wp-json\/wp\/v2\/comments?post=768"}],"version-history":[{"count":6,"href":"https:\/\/www.konstantin-goerlich.de\/wordpress\/wp-json\/wp\/v2\/posts\/768\/revisions"}],"predecessor-version":[{"id":1253,"href":"https:\/\/www.konstantin-goerlich.de\/wordpress\/wp-json\/wp\/v2\/posts\/768\/revisions\/1253"}],"wp:attachment":[{"href":"https:\/\/www.konstantin-goerlich.de\/wordpress\/wp-json\/wp\/v2\/media?parent=768"}],"wp:term":[{"taxonomy":"category","embeddable":true,"href":"https:\/\/www.konstantin-goerlich.de\/wordpress\/wp-json\/wp\/v2\/categories?post=768"},{"taxonomy":"post_tag","embeddable":true,"href":"https:\/\/www.konstantin-goerlich.de\/wordpress\/wp-json\/wp\/v2\/tags?post=768"}],"curies":[{"name":"wp","href":"https:\/\/api.w.org\/{rel}","templated":true}]}}