{"id":746,"date":"2010-10-18T15:26:11","date_gmt":"2010-10-18T13:26:11","guid":{"rendered":"http:\/\/www.konstantin-goerlich.de\/wordpress\/?p=746"},"modified":"2010-11-21T03:00:08","modified_gmt":"2010-11-21T02:00:08","slug":"berufsprovokateure-gegen-berufsdemonstranten","status":"publish","type":"post","link":"https:\/\/www.konstantin-goerlich.de\/wordpress\/2010\/10\/18\/berufsprovokateure-gegen-berufsdemonstranten\/","title":{"rendered":"Berufsprovokateure gegen Berufsdemonstranten?"},"content":{"rendered":"<p>Heute ist mir ein Artikel von J\u00f6rg Heuer im Hamburger Abendblatt besonders aufgefallen. Unter dem Titel <a href=\"http:\/\/www.abendblatt.de\/hamburg\/article1665966\/Wir-werden-von-der-Politik-verheizt-Polizisten-erzaehlen.html\" target=\"_blank\">&#8222;&#8218;Wir werden von der Politik verheizt&#8216; &#8211; Polizisten erz\u00e4hlen&#8220;<\/a> (leider inzwischen &#8222;dank&#8220; Paywall nicht mehr zug\u00e4nglich, aber z.B. auch <a href=\"http:\/\/www.parkschuetzer.de\/statements\/36871\" target=\"_blank\">hier<\/a> erw\u00e4hnt) kommen drei zum Teil noch aktive Beamte zu Wort und erheben schwerste Vorw\u00fcrfe gegen die Politik. Ein Beamter, der in Stuttgart dabei war (Singularit\u00e4t und Bedeutsamkeit des Einsatzes vom 30. September 2010 im Stuttgarter Schlo\u00dfgarten zeigen sich \u00fcbrigens in solchen Formulierungen, die mit &#8222;in Stuttgart&#8220; nicht mehr l\u00e4nger die Stadt meinen, sondern das Ereignis dort.) etwa verdeutlicht die Verantwortung der Politik, indem er mit drastischen Worten die Spezialisten der BFEs (Beweissicherungs- und Festnahmeeinheiten) mit &#8222;scharfen Kampfhunden&#8220; gleichsetzt, die &#8222;erbarmungslos zubei\u00dfen&#8220; weil sie &#8222;daf\u00fcr gedrillt und ausgebildet&#8220; wurden. Wer sie einsetzen l\u00e4\u00dft, der wei\u00df, was er tut, auch wenn er an einem Schreibtisch im Innenministerium sitzt und die Polizei als Tatwaffe einsetzt.<\/p>\n<p>Es ist aber eine andere Aussage, die deutlich mehr Brisanz enth\u00e4lt. Sie stammt von einem jungen Polizisten, der aus naheliegenden Gr\u00fcnden, die es eigentlich nicht geben d\u00fcrfte (die unverhohlene Inaussichtstellung des eigenen Karriereendes durch Vorgesetzte), anonym bleibt:<\/p>\n<blockquote><p>Ich wei\u00df, dass wir bei brisanten Gro\u00dfdemos verdeckt agierende Beamte, die als taktische Provokateure, als vermummte Steinewerfer fungieren, unter die Demonstranten schleusen. Sie werfen auf Befehl Steine oder Flaschen in Richtung der Polizei, damit die dann mit der R\u00e4umung beginnen kann. [&#8230;]<\/p><\/blockquote>\n<p>Man sollte sich diese Worte ein zweites Mal durchlesen und sie sich auf der Zunge zergehen lassen. Wer jetzt als Laie fragen m\u00f6chte, &#8222;Ist das denn erlaubt?&#8220; dem mu\u00df man ein entschiedenes &#8222;Nat\u00fcrlich nicht!&#8220; entgegenwerfen. Schon die Anwesenheit eines solchen verdeckten Beamten in der Versammlung w\u00e4re in dieser Form rechtswidrig, da er sich nach dem Gesetz \u00fcber Versammlungen und Aufz\u00fcge (VersG) gegen\u00fcber der Versammlungsleitung zu erkennen geben m\u00fcsste (\u00a7\u00a7 12, 18 VersG). Die Tathandlung durch den Beamten, immerhin der Versuch einer gef\u00e4hrlichen K\u00f6rperverletzung, w\u00e4re zwar nicht strafbar, aber die dadurch vermeintlich gerechtfertigten anschlie\u00dfenden R\u00e4umungsma\u00dfnahmen (z.B. mit sog. &#8222;unmittelbarem Zwang&#8220; durch die oben erw\u00e4hnte BFEs) werden in ein Licht offensichtlicher Rechtswidrigkeit ger\u00fcckt.<\/p>\n<figure id=\"attachment_745\" aria-describedby=\"caption-attachment-745\" style=\"width: 290px\" class=\"wp-caption alignright\"><a href=\"http:\/\/www.youtube.com\/watch?v=6G8NCkRtYK4\"><img loading=\"lazy\" decoding=\"async\" class=\"size-medium wp-image-745  \" title=\"agentprovoc\" src=\"https:\/\/www.konstantin-goerlich.de\/wordpress\/wp-content\/uploads\/2010\/10\/agentprovoc-300x183.jpg\" alt=\"\" width=\"300\" height=\"183\" srcset=\"https:\/\/www.konstantin-goerlich.de\/wordpress\/wp-content\/uploads\/2010\/10\/agentprovoc-300x183.jpg 300w, https:\/\/www.konstantin-goerlich.de\/wordpress\/wp-content\/uploads\/2010\/10\/agentprovoc.jpg 476w\" sizes=\"(max-width: 300px) 100vw, 300px\" \/><\/a><figcaption id=\"caption-attachment-745\" class=\"wp-caption-text\">Schlo\u00dfgarten Stuttgart, 30.9.: So k\u00f6nnte der Einsatz eines &quot;agent provocateur&quot; aussehen.<\/figcaption><\/figure>\n<p>Zul\u00e4ssig ist der Einsatz eines sog. &#8222;agent provocateur&#8220; klassischer Weise in Bereichen schwerer Kriminalit\u00e4t, die durch ein hohes Ma\u00df an Konspiration ansonsten nur schwer oder gar nicht aufzudecken w\u00e4re, etwa wenn ein verdeckter Ermittler zum Schein ein gr\u00f6\u00dferes Drogengesch\u00e4ft eingeht. Der Beamte w\u00e4re dann zwar nicht Anstifter, der Dealer aber sehr wohl strafbarer (Haupt)t\u00e4ter. Und hier liegt der Unterschied zum agent provocateur in einer Demonstration (und man lese sich nochmals obiges Zitat durch!): Die Handlung des verdeckten Beamten wird direkt zum Anla\u00df genommen, gegen die Demonstranten vorzugehen. Sollte der vermummte Pfeffersprayer in nebenstehendem Material vom 30.9. tats\u00e4chlich ein solcher agent provocateur gewesen sein (einige wollen Ohrh\u00f6rer und Polizeipanzerung unter seiner Kleidung erkannt haben), dann war der anschlie\u00dfende R\u00e4umungsbefehl an die Polizei die ebenso vors\u00e4tzliche wie rechtswidrige Haupttat.<\/p>\n<p>Ich m\u00f6chte noch auf eine weitere Dimension obigen Zitats aufmerksam machen: &#8222;bei brisanten Gro\u00dfdemos&#8220;. Der anonyme Kronzeuge l\u00e4\u00dft hier durchblicken, da\u00df das geschilderte Procedere kein Einzelfall ist, sondern zum Standardrepertoire bei Demonstrationseins\u00e4tzen geh\u00f6rt, wenn die Demo nur gro\u00df genug (!) oder brisant (politisch?) genug ist. Es scheint so, als w\u00e4ren S\u00e4tze aus Demobeobachtungsberichten, etwa vom <a href=\"http:\/\/www.akj-freiburg.de\/index.php?page=demo-beobachtung\" target=\"_blank\">Arbeitskreis Kritischer Juristen (akj)<\/a> aus Freiburg (Disclaimer: bei dem ich auch hin und wieder aktiv bin), die von &#8222;einzelnen (!) Flaschen&#8220; die auf die Einsatzkr\u00e4fte geworfen wurden berichten, in Zukunft in ganz neuem Licht zu betrachten. Nicht ohne Grund erfolgen solche W\u00fcrfe &#8222;aus der Demonstration heraus&#8220; und nicht etwa &#8222;durch Demonstranten&#8220; &#8211; die Unschuldsvermutung gilt f\u00fcr beide Seiten! Wie wichtig eine neutrale Beobachtung solcher Eins\u00e4tze ist, erkl\u00e4rt sich sicherlich von selbst.<\/p>\n<p>All dies (und alles weitere aus dem bemerkenswerten Artikel) ist \u00fcbrigens nicht neu. Die &#8222;Ziel&#8220;gruppe vom 30.9. war neu: offensichtlich friedliche B\u00fcrgerInnen verschiedenster Hintergr\u00fcnde, jung und alt, arm und reich, Sch\u00fcler und Rentner, Porsche und Fahrrad, links, gr\u00fcn, konservativ oder gar bislang unpolitisch. Ein ordentlicher Demonstrant, so m\u00f6chte man meinen, hat gef\u00e4lligst gewaltbereit zu sein, jung, m\u00e4nnlich, schwarz gekleidet. Soweit das g\u00e4ngige Feindbild. Nat\u00fcrlich (?) gibt es jene, die als Berufsdemonstranten bezeichnet werden, die tats\u00e4chlich auf Krawall aus sind. Aber, und dies sei mein abschlie\u00dfender Gedanke, ist es nicht vielleicht denkbar, da\u00df so manche Gewaltt\u00e4tigkeit (oft mit Gegengewalt) auf vergangenen Demonstrationen h\u00e4tte verhindert werden k\u00f6nnen, w\u00e4ren Provokationen ausgeblieben? Es mu\u00df nicht gleich der verdeckte Beamte sein, der aus der Demo heraus Steine und Flaschen wirft. Auch das Auftreten der Polizei in martialischer Kampfausr\u00fcstung und oft grotesk gro\u00dfer Zahl k\u00f6nnen negative Auswirkungen haben. Da\u00df sie (nicht erst seit Stuttgart, jetzt aber erst recht!) von der Teilnahme an Demonstrationen, also der Wahrnehmung eines der wichtigsten Grundrechte, abschrecken und f\u00fcr die Bev\u00f6lkerung den Eindruck einer besonders gef\u00e4hrlichen Demonstration erwecken, ist, denke ich, oft genug in akj-Berichten und andernorts gesagt worden und unbestritten.<\/p>\n<p>Wer unter solchen Bedingungen heutzutage noch Polizist wird, mu\u00df bestenfalls ein echter Idealist sein. Wer dann auchnoch die geschilderten Umst\u00e4nde transparent macht, wie die drei Beamten im verlinkten Artikel, verdient allerh\u00f6chsten Respekt!<\/p>\n<p><strong>Update<\/strong>: Felix Dachsel (dessen Name mir aus Freiburg irgendwie bekannt vorkommt &#8230;) <a href=\"http:\/\/www.taz.de\/1\/zukunft\/umwelt\/artikel\/1\/wie-scharfe-kampfhunde\/\" target=\"_blank\">bringt in der taz<\/a> den Blick auf die kommenden Gorleben-Proteste mit dem Thema agents provocateurs zusammen. In der Tat: das wird genauso spannend wie be\u00e4ngstigend.<\/p>\n<p><strong>2. Update (19.10., 13:48 Uhr)<\/strong>: <a href=\"http:\/\/twitter.com\/_tillwe_\/\" target=\"_blank\">@_tillwe_<\/a> <a href=\"http:\/\/twitter.com\/_tillwe_\/status\/27817955162\" target=\"_blank\">weist nochmal darauf hin<\/a>, da\u00df die Probleme nicht neu sind, wohl aber die Zielgruppe:<\/p>\n<blockquote><p>Interessant an #s21: &#8222;Szeneprobleme&#8220; (Polizeigewalt, verdeckte Provokateure) betreffen pl\u00f6tzlich viel breitere Gruppe: und werden zum Thema.<\/p><\/blockquote>\n<p>RA <a href=\"http:\/\/twitter.com\/udovetter\" target=\"_blank\">@udovetter<\/a> ist hingegen bemerkenswert skeptisch und will das alles nicht glauben: <a href=\"http:\/\/www.lawblog.de\/index.php\/archives\/2010\/10\/19\/beamtete-steinewerfer\/\" target=\"_blank\">Beamtete Steinewerfer<\/a>.<img loading=\"lazy\" decoding=\"async\" src=\"http:\/\/vg05.met.vgwort.de\/na\/09e1dd184e834bffa11fbb522feb8b6d\" width=\"1\" height=\"1\" alt=\"\"><\/p>\n","protected":false},"excerpt":{"rendered":"<p>Heute ist mir ein Artikel von J\u00f6rg Heuer im Hamburger Abendblatt besonders aufgefallen. Unter dem Titel &#8222;&#8218;Wir werden von der Politik verheizt&#8216; &#8211; Polizisten erz\u00e4hlen&#8220; (leider inzwischen &#8222;dank&#8220; Paywall nicht mehr zug\u00e4nglich, aber z.B. auch hier erw\u00e4hnt) kommen drei zum Teil noch aktive Beamte zu Wort und erheben schwerste Vorw\u00fcrfe gegen die Politik. Ein Beamter, &#8230; <\/p>\n<p class=\"read-more-container\"><a title=\"Berufsprovokateure gegen Berufsdemonstranten?\" class=\"read-more button\" href=\"https:\/\/www.konstantin-goerlich.de\/wordpress\/2010\/10\/18\/berufsprovokateure-gegen-berufsdemonstranten\/#more-746\" aria-label=\"Mehr Informationen \u00fcber Berufsprovokateure gegen Berufsdemonstranten?\">weiterlesen<\/a><\/p>\n","protected":false},"author":1,"featured_media":0,"comment_status":"open","ping_status":"open","sticky":false,"template":"","format":"standard","meta":{"footnotes":""},"categories":[1],"tags":[],"_links":{"self":[{"href":"https:\/\/www.konstantin-goerlich.de\/wordpress\/wp-json\/wp\/v2\/posts\/746"}],"collection":[{"href":"https:\/\/www.konstantin-goerlich.de\/wordpress\/wp-json\/wp\/v2\/posts"}],"about":[{"href":"https:\/\/www.konstantin-goerlich.de\/wordpress\/wp-json\/wp\/v2\/types\/post"}],"author":[{"embeddable":true,"href":"https:\/\/www.konstantin-goerlich.de\/wordpress\/wp-json\/wp\/v2\/users\/1"}],"replies":[{"embeddable":true,"href":"https:\/\/www.konstantin-goerlich.de\/wordpress\/wp-json\/wp\/v2\/comments?post=746"}],"version-history":[{"count":16,"href":"https:\/\/www.konstantin-goerlich.de\/wordpress\/wp-json\/wp\/v2\/posts\/746\/revisions"}],"predecessor-version":[{"id":780,"href":"https:\/\/www.konstantin-goerlich.de\/wordpress\/wp-json\/wp\/v2\/posts\/746\/revisions\/780"}],"wp:attachment":[{"href":"https:\/\/www.konstantin-goerlich.de\/wordpress\/wp-json\/wp\/v2\/media?parent=746"}],"wp:term":[{"taxonomy":"category","embeddable":true,"href":"https:\/\/www.konstantin-goerlich.de\/wordpress\/wp-json\/wp\/v2\/categories?post=746"},{"taxonomy":"post_tag","embeddable":true,"href":"https:\/\/www.konstantin-goerlich.de\/wordpress\/wp-json\/wp\/v2\/tags?post=746"}],"curies":[{"name":"wp","href":"https:\/\/api.w.org\/{rel}","templated":true}]}}