{"id":738,"date":"2010-10-15T08:05:53","date_gmt":"2010-10-15T06:05:53","guid":{"rendered":"http:\/\/www.konstantin-goerlich.de\/wordpress\/?p=738"},"modified":"2010-11-21T02:59:27","modified_gmt":"2010-11-21T01:59:27","slug":"wir-konnen-alles-auser-satire","status":"publish","type":"post","link":"https:\/\/www.konstantin-goerlich.de\/wordpress\/2010\/10\/15\/wir-konnen-alles-auser-satire\/","title":{"rendered":"Wir k\u00f6nnen alles. Au\u00dfer Satire."},"content":{"rendered":"<p style=\"text-align: justify;\"><a href=\"http:\/\/www.u-asta.uni-freiburg.de\/service\/u-asta-service\/t-shirts\/ausser-bildungspolitik.jpg\" rel=\"lightbox[738]\"><img loading=\"lazy\" decoding=\"async\" class=\"alignright size-full wp-image-739\" title=\"ausser-bildungspolitik_300w\" src=\"https:\/\/www.konstantin-goerlich.de\/wordpress\/wp-content\/uploads\/2010\/10\/ausser-bildungspolitik_300w.jpg\" alt=\"\" width=\"300\" height=\"263\" \/><\/a>Darauf k\u00f6nnte man kommen, betrachtet man den neuesten Schachzug der Stuttgarter Landesregierung. Laut einer <a href=\"http:\/\/www.u-asta.uni-freiburg.de\/politik\/pms\/pm-2010\/2010-10-13\" target=\"_blank\">Pressemitteilung<\/a> der Studierendenvertretung an der Uni Freiburg (1. Disclaimer: in der ich auch lange Zeit aktiv war) versucht das Baden-W\u00fcrttembergische Innenministerium nun, den Verkauf eines T-Shirts zu verbieten, das seit 2006 im Rahmen verschiedener Proteste verkauft und getragen wird. Grund: Ein vermeintlicher Versto\u00df gegen die Wappenverordnung. Das T-Shirt zeigt das sog. gro\u00dfe Landeswappen gemeinsam mit dem Schriftzug &#8222;Wir k\u00f6nnen alles. Au\u00dfer Bildungspolitik.&#8220;, eine offensichtlich satirische Anspielung auf eine Imagekampagne des Landes Baden-W\u00fcrttemberg, die unter dem Schlagwort &#8222;Wir k\u00f6nnen alles. Au\u00dfer Hochdeutsch.&#8220; zu solchen und anderen Abwandlungen geradezu einl\u00e4dt. Mein Vorschlag einer \u00e4hnlich gelagerten Werbung f\u00fcr mein Heimatland Brandenburg &#8222;Wir k\u00f6nnen alles. Und Hochdeutsch.&#8220; ist beispielsweise bis heute zu Unrecht in Vergessenheit geraten &#8230;<\/p>\n<p><a href=\"http:\/\/twitter.com\/th_d\" target=\"_blank\">Thorsten Deppner<\/a> vom <a href=\"http:\/\/www.akj-freiburg.de\" target=\"_blank\">Arbeitskreis Kritischer Juristen, akj<\/a>, (2. Disclaimer: in dem ich auch aktiv bin) meint dazu:<\/p>\n<blockquote><p>Es handelt sich hierbei um einen klassischen Fall von Satire. Satire ist \u2013 insbesondere gegen\u00fcber dem Staat \u2013 durch die Kunstfreiheit gesch\u00fctzt.<\/p><\/blockquote>\n<p>Das Innenministerium pocht hingegen darauf, da\u00df der Verkauf und das Tragen des Kleidungsst\u00fcckes eine Ordnungswidrigkeit darstelle, da<\/p>\n<blockquote><p>bereits das Tragen dieses Kleindungsst\u00fcckes und die Verwendung des gro\u00dfen Landeswappens eine unbefugte Nutzung darstellt<\/p><\/blockquote>\n<p>die auch nicht genehmigungsf\u00e4hig sei, da<\/p>\n<blockquote><p>mit einem Landeswappen hoheitliches Handeln verbunden wird.<\/p><\/blockquote>\n<p>In Stuttgart ist man also allen Ernstes der Ansicht, da\u00df &#8222;Wir k\u00f6nnen alles. Au\u00dfer Bildungspolitik.&#8220; zusammen mit dem Landeswappen als hoheitliche Meinungs\u00e4u\u00dferung des Landes Baden-W\u00fcrttemberg aufzufassen sei. In einem etwaigen Proze\u00df k\u00f6nnte das Land also als Begr\u00fcndung anf\u00fchren m\u00fcssen, da\u00df es tats\u00e4chlich in Sachen Bildungspolitik nicht allzu viel auf dem Kasten hat. Das stimmt zwar, aber ob es das wohl zugeben w\u00fcrde nur um ein satirisches T-Shirt zu verhindern, darf getrost bezweifelt werden.<\/p>\n<p>Die Frist zur Abgabe der Unterlassungserkl\u00e4rung l\u00e4uft \u00fcbrigens heute ab, voraussichtlich f\u00fcr das Land ohne Erfolg. Vorstandsmitglied der Studierendenvertretung, David Koch, bleibt jedenfalls k\u00e4mpferisch:<\/p>\n<blockquote><p>Rechtlich unhaltbare Forderungen und unbegr\u00fcndete Vorw\u00fcrfe haben uns noch nie von politischer Aufkl\u00e4rungsarbeitung abgehalten. Es wird auch diesmal nicht anders sein!<\/p><\/blockquote>\n<p><strong>Update<\/strong>: Stefan Hupka kommt bei der <a href=\"http:\/\/www.badische-zeitung.de\/nachrichten\/suedwest\/wir-koennen-alles-ausser-satire\" target=\"_blank\">Badischen Zeitung<\/a> zwar zu keinem Ergebnis, wohl aber unabh\u00e4ngig von mir zum selben, naheligenden Titel.<img loading=\"lazy\" decoding=\"async\" src=\"http:\/\/vg05.met.vgwort.de\/na\/f8240cb56ebc432d9c7f382239540365\" width=\"1\" height=\"1\" alt=\"\"><\/p>\n","protected":false},"excerpt":{"rendered":"<p>Darauf k\u00f6nnte man kommen, betrachtet man den neuesten Schachzug der Stuttgarter Landesregierung. Laut einer Pressemitteilung der Studierendenvertretung an der Uni Freiburg (1. Disclaimer: in der ich auch lange Zeit aktiv war) versucht das Baden-W\u00fcrttembergische Innenministerium nun, den Verkauf eines T-Shirts zu verbieten, das seit 2006 im Rahmen verschiedener Proteste verkauft und getragen wird. Grund: Ein &#8230; <\/p>\n<p class=\"read-more-container\"><a title=\"Wir k\u00f6nnen alles. Au\u00dfer Satire.\" class=\"read-more button\" href=\"https:\/\/www.konstantin-goerlich.de\/wordpress\/2010\/10\/15\/wir-konnen-alles-auser-satire\/#more-738\" aria-label=\"Mehr Informationen \u00fcber Wir k\u00f6nnen alles. Au\u00dfer Satire.\">weiterlesen<\/a><\/p>\n","protected":false},"author":1,"featured_media":0,"comment_status":"open","ping_status":"open","sticky":false,"template":"","format":"standard","meta":{"footnotes":""},"categories":[1],"tags":[],"_links":{"self":[{"href":"https:\/\/www.konstantin-goerlich.de\/wordpress\/wp-json\/wp\/v2\/posts\/738"}],"collection":[{"href":"https:\/\/www.konstantin-goerlich.de\/wordpress\/wp-json\/wp\/v2\/posts"}],"about":[{"href":"https:\/\/www.konstantin-goerlich.de\/wordpress\/wp-json\/wp\/v2\/types\/post"}],"author":[{"embeddable":true,"href":"https:\/\/www.konstantin-goerlich.de\/wordpress\/wp-json\/wp\/v2\/users\/1"}],"replies":[{"embeddable":true,"href":"https:\/\/www.konstantin-goerlich.de\/wordpress\/wp-json\/wp\/v2\/comments?post=738"}],"version-history":[{"count":6,"href":"https:\/\/www.konstantin-goerlich.de\/wordpress\/wp-json\/wp\/v2\/posts\/738\/revisions"}],"predecessor-version":[{"id":779,"href":"https:\/\/www.konstantin-goerlich.de\/wordpress\/wp-json\/wp\/v2\/posts\/738\/revisions\/779"}],"wp:attachment":[{"href":"https:\/\/www.konstantin-goerlich.de\/wordpress\/wp-json\/wp\/v2\/media?parent=738"}],"wp:term":[{"taxonomy":"category","embeddable":true,"href":"https:\/\/www.konstantin-goerlich.de\/wordpress\/wp-json\/wp\/v2\/categories?post=738"},{"taxonomy":"post_tag","embeddable":true,"href":"https:\/\/www.konstantin-goerlich.de\/wordpress\/wp-json\/wp\/v2\/tags?post=738"}],"curies":[{"name":"wp","href":"https:\/\/api.w.org\/{rel}","templated":true}]}}