{"id":726,"date":"2010-06-21T18:06:35","date_gmt":"2010-06-21T16:06:35","guid":{"rendered":"http:\/\/www.konstantin-goerlich.de\/wordpress\/?p=726"},"modified":"2010-11-21T02:55:19","modified_gmt":"2010-11-21T01:55:19","slug":"klimawandel-am-platz-der-alten-synagoge","status":"publish","type":"post","link":"https:\/\/www.konstantin-goerlich.de\/wordpress\/2010\/06\/21\/klimawandel-am-platz-der-alten-synagoge\/","title":{"rendered":"Klimawandel am Platz der Alten Synagoge."},"content":{"rendered":"<p><img loading=\"lazy\" decoding=\"async\" class=\"alignnone size-full wp-image-725\" title=\"pdas_klimavergleich\" src=\"https:\/\/www.konstantin-goerlich.de\/wordpress\/wp-content\/uploads\/2010\/06\/pdas_klimavergleich.jpg\" alt=\"\" width=\"600\" height=\"346\" srcset=\"https:\/\/www.konstantin-goerlich.de\/wordpress\/wp-content\/uploads\/2010\/06\/pdas_klimavergleich.jpg 600w, https:\/\/www.konstantin-goerlich.de\/wordpress\/wp-content\/uploads\/2010\/06\/pdas_klimavergleich-300x173.jpg 300w\" sizes=\"(max-width: 600px) 100vw, 600px\" \/><\/p>\n<p>\u00dcber diese jetzt bekanntgewordene Grafik aus den Anlagen f\u00fcr den Gemeinderat wird noch zu reden sein, genauso wie \u00fcber die ihr zu Grunde liegenden Daten. Die Ergebnisse, die dem Gemeinderat am 6. Juli vorgelegt werden, sind ja bereits <a href=\"https:\/\/www.konstantin-goerlich.de\/wordpress\/2010\/06\/16\/verwaltungsinterne-informationen-fur-den-gemeinderat\/\" target=\"_blank\">bekannt<\/a>: bleibt alles anders. Wer es nicht genau erkennt: Es geht mal wieder um den neuen Platz der Alten Synagoge, genauer gesagt um die Temperaturverh\u00e4ltnisse an einem sommerlichen Augustnachmittag &#8211; vor und nach der Umgestaltung.<\/p>\n<h4>Manche m\u00f6gen&#8217;s hei\u00df.<\/h4>\n<p>Zu Grunde gelegt wurden 10 hei\u00dfe Tage (\u00fcber 30\u00b0C) und 46 Sommertage (\u00fcber 25\u00b0C), wenn ich meine Notizen aus der Projektbeiratssitzung vom Freitag an dieser Stelle korrekt entziffert habe. Wer nun anmerken m\u00f6chte, da\u00df sich Sommer mittlerweile hei\u00dfer anf\u00fchlen, der t\u00e4uscht sich nicht: Die Untersuchung basiert auf den Daten von 1971 bis 2000! Die hei\u00dfesten Jahre seit beginn der Wetteraufzeichnungen lagen sp\u00e4ter &#8211; <a href=\"http:\/\/www.welt.de\/wissenschaft\/umwelt\/article3269320\/Top-Ten-der-heissesten-Jahre-beginnen-erst-1997.html\" target=\"_blank\">die Top 10 beginnt erst 1997<\/a>. Fand der Klimawandel also ausreichend Ber\u00fccksichtigung in dieser Studie? Dies d\u00fcrfte der Hauptangriffspunkt f\u00fcr die Konzeptkritiker werden.<\/p>\n<h4>Bitte gut k\u00fchlen!<\/h4>\n<p>Was man an den Grafiken besonders sch\u00f6n sieht, sich aber auch so schon denken kann: Die k\u00fchlenden Faktoren sind die Schatten der B\u00e4ume (und Geb\u00e4ude) sowie die Wasserfl\u00e4chen bzw. -spiele, wenn man von den ohnehin wegfallenden Asphaltfl\u00e4chen einmal absieht. Das Baumkonzept bietet weitere Kritikm\u00f6glichkeiten: M\u00fcssen die Platanen im Norden des Platzes, im Bereich des Platzhausdaches, wirklich fallen (ihr k\u00fcnftig wegfallender Schatten ist f\u00fcr die Erw\u00e4rmung in der Bertoldstra\u00dfe verantwortlich (<strong><em>Update<span style=\"font-weight: normal;\"> (26.6.)<\/span><\/em><\/strong><em>: Dies wird, wie Carl-Leo richtig bermerkt, nun auch in der BZ <\/em><a href=\"http:\/\/www.badische-zeitung.de\/doch-klimawandel-durch-neuen-platz-der-alten-synagoge\" target=\"_blank\"><em>thematisiert<\/em><\/a><em>.<\/em>)) oder k\u00f6nnen sie durch eine Ver\u00e4nderung des Vordaches erhalten werden? Hier spielt auch der H\u00f6henunterschied eine Rolle: Man kann die B\u00e4ume nicht &#8222;tieferlegen&#8220;. Insgesamt mu\u00df die Frage gestellt werden: Ist die Mischung aus erhaltenen und neuen B\u00e4umen (aus heute 17 B\u00e4umen werden 11, dazu kommen 15 neue, macht 26) das gr\u00fcne Maximum oder ein Kompromiss zwischen klimatischen und gestalterischen Erfordernissen?<\/p>\n<p>Die k\u00fchlende Wirkung der Wasservorh\u00e4nge am Theater ist ebenso unstrittig wie es unpassend w\u00e4re, dem Synagogenwasserspiegel in der ruhigen Platzecke sprudelnde Elemente hinzuzuf\u00fcgen. Schaut man sich jedoch in der N\u00e4he des Platzes um, so kann man auf eine ganz andere Frage kommen. Vor dem Regierungspr\u00e4sidium befindet sich ein stillgelegter (und sogar zuasphaltierter) Brunnen, ebenso schon lange abgestellt ist die Brunnenanlage an der Ecke Werthmann- und Rempartstra\u00dfe. Wie sieht es mit dem Mikroklima am Platz der Alten Synagoge aus, wenn er zwar umgestaltet ist, aber f\u00fcr Betrieb und Reinigung der aufw\u00e4ndigen Wasserspiele kein Geld mehr da ist? Angesichts aktueller Haushaltsprognosen kein g\u00e4nzlich unwahrscheinliches Szenario.<img loading=\"lazy\" decoding=\"async\" src=\"http:\/\/vg05.met.vgwort.de\/na\/b79049fa55d245d0a508470b84620056\" width=\"1\" height=\"1\" alt=\"\"><\/p>\n","protected":false},"excerpt":{"rendered":"<p>Wo bleibt der Klimawandel, reichen die B\u00e4ume, und wie ist das mit dem Wasser? Fragen an die mikroklimatische Untersuchung zur Umgestaltung des Platzes der Alten Synagoge.<\/p>\n","protected":false},"author":1,"featured_media":0,"comment_status":"open","ping_status":"open","sticky":false,"template":"","format":"standard","meta":{"footnotes":""},"categories":[1],"tags":[],"_links":{"self":[{"href":"https:\/\/www.konstantin-goerlich.de\/wordpress\/wp-json\/wp\/v2\/posts\/726"}],"collection":[{"href":"https:\/\/www.konstantin-goerlich.de\/wordpress\/wp-json\/wp\/v2\/posts"}],"about":[{"href":"https:\/\/www.konstantin-goerlich.de\/wordpress\/wp-json\/wp\/v2\/types\/post"}],"author":[{"embeddable":true,"href":"https:\/\/www.konstantin-goerlich.de\/wordpress\/wp-json\/wp\/v2\/users\/1"}],"replies":[{"embeddable":true,"href":"https:\/\/www.konstantin-goerlich.de\/wordpress\/wp-json\/wp\/v2\/comments?post=726"}],"version-history":[{"count":7,"href":"https:\/\/www.konstantin-goerlich.de\/wordpress\/wp-json\/wp\/v2\/posts\/726\/revisions"}],"predecessor-version":[{"id":777,"href":"https:\/\/www.konstantin-goerlich.de\/wordpress\/wp-json\/wp\/v2\/posts\/726\/revisions\/777"}],"wp:attachment":[{"href":"https:\/\/www.konstantin-goerlich.de\/wordpress\/wp-json\/wp\/v2\/media?parent=726"}],"wp:term":[{"taxonomy":"category","embeddable":true,"href":"https:\/\/www.konstantin-goerlich.de\/wordpress\/wp-json\/wp\/v2\/categories?post=726"},{"taxonomy":"post_tag","embeddable":true,"href":"https:\/\/www.konstantin-goerlich.de\/wordpress\/wp-json\/wp\/v2\/tags?post=726"}],"curies":[{"name":"wp","href":"https:\/\/api.w.org\/{rel}","templated":true}]}}