{"id":72,"date":"2007-03-30T14:08:53","date_gmt":"2007-03-30T12:08:53","guid":{"rendered":"http:\/\/www.konstantin-goerlich.de\/wordpress\/2007\/03\/30\/freiburg-deine-schilda\/"},"modified":"2007-03-30T14:16:59","modified_gmt":"2007-03-30T12:16:59","slug":"freiburg-deine-schilda","status":"publish","type":"post","link":"https:\/\/www.konstantin-goerlich.de\/wordpress\/2007\/03\/30\/freiburg-deine-schilda\/","title":{"rendered":"Freiburg, Deine Schilda."},"content":{"rendered":"<p>Erst gestern wurde \u00fcber die neuen <a href=\"http:\/\/sase.de\/index.php?entry=entry070330-125124\" target=\"_blank\">Ortseinganggsschilder mit dem Zusatz &#8222;Universit\u00e4tsstadt&#8220;<\/a> diskutiert, heute kommt der n\u00e4chste Knaller aus Rathaus und Rektorat: Der Werthmannplatz soll zum Platz der Universit\u00e4t werden, der Werderring daf\u00fcr zur Werthmannstra\u00dfe. Dar\u00fcber d\u00fcrfte sich nicht nur der alte Werder wundern. Ein Platz der Universit\u00e4t? Der heutige Werthmannplatz als eine Art Campus? Ja geht&#8217;s noch?! Der Presse, allen voran dem obersten Verk\u00fcndungsorgan, der <a href=\"http:\/\/www.badische-zeitung.de\/lokales\/lokalausgaben\/freiburg\/44,51-14429315.html\" target=\"_blank\">BZ<\/a> (online nur f\u00fcr Abonnenten) ist zu entnehmen, da\u00df es sich um den Ringabschnitt zwischen UB und KG1 handelt, also zwischen den Kreuzungen mit Rempart- und Belfortstra\u00dfe und der Einm\u00fcndung der Sedanstra\u00dfe. Das ist aber nur die halbe Geschichte. Der Kreuzungsbereich Rempartstra\u00dfe geh\u00f6rt unweigerlich zum Platzensemble dazu, wie auch die heutige Beschilderung schon ausweist. Selbst nach der geplanten Unterbrechung des Innenstadtringes und seiner Umgestaltung zur Fu\u00dfg\u00e4ngerzone wird sich hier immernoch eine f\u00fcr s\u00e4mtlichen Fahrzeugverkehr offene T-Kreuzung befinden, sollte die dringend notwendige und von vielen Seiten geforderte Sperrung der Rempartstra\u00dfe nicht erfolgen. Anstelle eines halben Platzes der Universit\u00e4t sollte sich J\u00e4ger lieber eine gesperrte Rempartstra\u00dfe zu seinem &#8230; \u00e4h zum Geburtstag der Universit\u00e4t w\u00fcnschen.<\/p>\n","protected":false},"excerpt":{"rendered":"<p>Erst gestern wurde \u00fcber die neuen Ortseinganggsschilder mit dem Zusatz &#8222;Universit\u00e4tsstadt&#8220; diskutiert, heute kommt der n\u00e4chste Knaller aus Rathaus und Rektorat: Der Werthmannplatz soll zum Platz der Universit\u00e4t werden, der Werderring daf\u00fcr zur Werthmannstra\u00dfe. Dar\u00fcber d\u00fcrfte sich nicht nur der alte Werder wundern. Ein Platz der Universit\u00e4t? Der heutige Werthmannplatz als eine Art Campus? Ja &#8230; <\/p>\n<p class=\"read-more-container\"><a title=\"Freiburg, Deine Schilda.\" class=\"read-more button\" href=\"https:\/\/www.konstantin-goerlich.de\/wordpress\/2007\/03\/30\/freiburg-deine-schilda\/#more-72\" aria-label=\"Mehr Informationen \u00fcber Freiburg, Deine Schilda.\">weiterlesen<\/a><\/p>\n","protected":false},"author":1,"featured_media":0,"comment_status":"open","ping_status":"open","sticky":false,"template":"","format":"standard","meta":{"footnotes":""},"categories":[1],"tags":[],"_links":{"self":[{"href":"https:\/\/www.konstantin-goerlich.de\/wordpress\/wp-json\/wp\/v2\/posts\/72"}],"collection":[{"href":"https:\/\/www.konstantin-goerlich.de\/wordpress\/wp-json\/wp\/v2\/posts"}],"about":[{"href":"https:\/\/www.konstantin-goerlich.de\/wordpress\/wp-json\/wp\/v2\/types\/post"}],"author":[{"embeddable":true,"href":"https:\/\/www.konstantin-goerlich.de\/wordpress\/wp-json\/wp\/v2\/users\/1"}],"replies":[{"embeddable":true,"href":"https:\/\/www.konstantin-goerlich.de\/wordpress\/wp-json\/wp\/v2\/comments?post=72"}],"version-history":[{"count":0,"href":"https:\/\/www.konstantin-goerlich.de\/wordpress\/wp-json\/wp\/v2\/posts\/72\/revisions"}],"wp:attachment":[{"href":"https:\/\/www.konstantin-goerlich.de\/wordpress\/wp-json\/wp\/v2\/media?parent=72"}],"wp:term":[{"taxonomy":"category","embeddable":true,"href":"https:\/\/www.konstantin-goerlich.de\/wordpress\/wp-json\/wp\/v2\/categories?post=72"},{"taxonomy":"post_tag","embeddable":true,"href":"https:\/\/www.konstantin-goerlich.de\/wordpress\/wp-json\/wp\/v2\/tags?post=72"}],"curies":[{"name":"wp","href":"https:\/\/api.w.org\/{rel}","templated":true}]}}