{"id":717,"date":"2010-06-16T07:12:20","date_gmt":"2010-06-16T05:12:20","guid":{"rendered":"http:\/\/www.konstantin-goerlich.de\/wordpress\/?p=717"},"modified":"2010-06-16T02:13:34","modified_gmt":"2010-06-16T00:13:34","slug":"liberale-haben-krise-uberstanden","status":"publish","type":"post","link":"https:\/\/www.konstantin-goerlich.de\/wordpress\/2010\/06\/16\/liberale-haben-krise-uberstanden\/","title":{"rendered":"Liberale haben Krise \u00fcberstanden."},"content":{"rendered":"<p>Zumindest, wenn man sich das Ergebnis der diesj\u00e4hrigen Wahl an der Uni Freiburg ansieht. Aus dem Stand kommt die Liberale Hochschulgruppe entgegen dem Bundestrend ihrer Mutterpartei auf 6,68% und damit mit einem Sitz in den AStA. Der RCDS st\u00fcrzt &#8211; auch irgendwie entgegen dem Bundestrend &#8211; auf 8,8% ab und verliert einen seiner bisher zwei Sitze. \u00c4hnlich ergeht es der Juso-Hochschulgruppe, die auf nur 21,06% kommt und mit einem Vertreter weniger als bisher nun 3 AStA-Sitze f\u00fcr sich verbuchen kann. Ganz ohne Mutterpartei und folglich mit Gewinnen geht buf, das B\u00fcndnis der Fachschaften, aus dem Wahlgang als klarer Sieger hervor: 63,48% sind f\u00fcr 10 Sitze (nach 9 im Vorjahr) gut &#8211; eine komfortable Zweidrittelmehrheit also, die das bew\u00e4hrte und beliebte Freiburger u-asta-Modell abermals best\u00e4tigt. Im Senat hat sich \u00fcbrigens nichts ge\u00e4ndert: einen Juso und 3 buf-VertreterInnen entsenden die Studierenden in dieses Gremium.<\/p>\n","protected":false},"excerpt":{"rendered":"<p>Zumindest, wenn man sich das Ergebnis der diesj\u00e4hrigen Wahl an der Uni Freiburg ansieht. Aus dem Stand kommt die Liberale Hochschulgruppe entgegen dem Bundestrend ihrer Mutterpartei auf 6,68% und damit mit einem Sitz in den AStA. Der RCDS st\u00fcrzt &#8211; auch irgendwie entgegen dem Bundestrend &#8211; auf 8,8% ab und verliert einen seiner bisher zwei &#8230; <\/p>\n<p class=\"read-more-container\"><a title=\"Liberale haben Krise \u00fcberstanden.\" class=\"read-more button\" href=\"https:\/\/www.konstantin-goerlich.de\/wordpress\/2010\/06\/16\/liberale-haben-krise-uberstanden\/#more-717\" aria-label=\"Mehr Informationen \u00fcber Liberale haben Krise \u00fcberstanden.\">weiterlesen<\/a><\/p>\n","protected":false},"author":1,"featured_media":0,"comment_status":"open","ping_status":"open","sticky":false,"template":"","format":"standard","meta":{"footnotes":""},"categories":[1],"tags":[],"_links":{"self":[{"href":"https:\/\/www.konstantin-goerlich.de\/wordpress\/wp-json\/wp\/v2\/posts\/717"}],"collection":[{"href":"https:\/\/www.konstantin-goerlich.de\/wordpress\/wp-json\/wp\/v2\/posts"}],"about":[{"href":"https:\/\/www.konstantin-goerlich.de\/wordpress\/wp-json\/wp\/v2\/types\/post"}],"author":[{"embeddable":true,"href":"https:\/\/www.konstantin-goerlich.de\/wordpress\/wp-json\/wp\/v2\/users\/1"}],"replies":[{"embeddable":true,"href":"https:\/\/www.konstantin-goerlich.de\/wordpress\/wp-json\/wp\/v2\/comments?post=717"}],"version-history":[{"count":1,"href":"https:\/\/www.konstantin-goerlich.de\/wordpress\/wp-json\/wp\/v2\/posts\/717\/revisions"}],"predecessor-version":[{"id":718,"href":"https:\/\/www.konstantin-goerlich.de\/wordpress\/wp-json\/wp\/v2\/posts\/717\/revisions\/718"}],"wp:attachment":[{"href":"https:\/\/www.konstantin-goerlich.de\/wordpress\/wp-json\/wp\/v2\/media?parent=717"}],"wp:term":[{"taxonomy":"category","embeddable":true,"href":"https:\/\/www.konstantin-goerlich.de\/wordpress\/wp-json\/wp\/v2\/categories?post=717"},{"taxonomy":"post_tag","embeddable":true,"href":"https:\/\/www.konstantin-goerlich.de\/wordpress\/wp-json\/wp\/v2\/tags?post=717"}],"curies":[{"name":"wp","href":"https:\/\/api.w.org\/{rel}","templated":true}]}}