{"id":704,"date":"2010-05-20T17:33:04","date_gmt":"2010-05-20T15:33:04","guid":{"rendered":"http:\/\/www.konstantin-goerlich.de\/wordpress\/?p=704"},"modified":"2010-05-20T17:33:04","modified_gmt":"2010-05-20T15:33:04","slug":"gesalzene-doppelmoral","status":"publish","type":"post","link":"https:\/\/www.konstantin-goerlich.de\/wordpress\/2010\/05\/20\/gesalzene-doppelmoral\/","title":{"rendered":"Gesalzene Doppelmoral."},"content":{"rendered":"<p>Der Winterdienst hat in der vergangenen kalten Jahreszeit und dar\u00fcber hinaus f\u00fcr allerlei Diskussionen gesorgt. Manch einer war ver\u00e4rgert dar\u00fcber, da\u00df trotz Winterdienst immernoch Winter war mit allem, was dazugeh\u00f6rt. Die CDU-Fraktion im Gemeinderat war oder ist der Meinung, da\u00df auch Streusalz aus privater Streuhand dazugeh\u00f6rt. Dem erteilte der Gemeinderat nun eine deutliche <a href=\"http:\/\/www.freiburg.de\/servlet\/PB\/menu\/1224715_l1\/index.html\" target=\"_blank\">Absage<\/a>. Vor allem aus absolut berechtigten Umweltschutzgr\u00fcnden bleibt es dem st\u00e4dtischen Winterdienst vorbehalten, V\u00e4terchen Frost mit Salz zu leibe zu r\u00fccken. Dies sei mit Blick auf die Verkehrssicherheit und durch die Verwendung von Feuchtsalz und effizienten Streu- bzw. Spr\u00fchtechniken vertretbar. M\u00f6glichkeiten, die den B\u00fcrgerInnen logischer Weise nicht zur Verf\u00fcgung stehen.<\/p>\n<p>So weit, so gut. Oder auch nicht, denn auch und gerade im vergangenen Winter konnte man deutlich sehen, da\u00df (und wo) \u00a0h\u00e4ufig (manchmal buchst\u00e4blich h\u00e4ufig)\u00a0auch von Privat gesalzen wurde. Da fragt man sich doch, wozu ein Verbot aufrechterhalten wird, dessen Bruch offensichtlich nicht sanktioniert wird. Ob man wohl den Verkauf von Streusalz beschr\u00e4nken kann? Der Natur w\u00fcrde beides gut tun, daher sollte man \u00fcber beides nachdenken. Vor dem n\u00e4chsten Winter, nicht danach.<\/p>\n","protected":false},"excerpt":{"rendered":"<p>Der Winterdienst hat in der vergangenen kalten Jahreszeit und dar\u00fcber hinaus f\u00fcr allerlei Diskussionen gesorgt. Manch einer war ver\u00e4rgert dar\u00fcber, da\u00df trotz Winterdienst immernoch Winter war mit allem, was dazugeh\u00f6rt. Die CDU-Fraktion im Gemeinderat war oder ist der Meinung, da\u00df auch Streusalz aus privater Streuhand dazugeh\u00f6rt. Dem erteilte der Gemeinderat nun eine deutliche Absage. Vor &#8230; <\/p>\n<p class=\"read-more-container\"><a title=\"Gesalzene Doppelmoral.\" class=\"read-more button\" href=\"https:\/\/www.konstantin-goerlich.de\/wordpress\/2010\/05\/20\/gesalzene-doppelmoral\/#more-704\" aria-label=\"Mehr Informationen \u00fcber Gesalzene Doppelmoral.\">weiterlesen<\/a><\/p>\n","protected":false},"author":1,"featured_media":0,"comment_status":"open","ping_status":"open","sticky":false,"template":"","format":"standard","meta":{"footnotes":""},"categories":[1],"tags":[],"_links":{"self":[{"href":"https:\/\/www.konstantin-goerlich.de\/wordpress\/wp-json\/wp\/v2\/posts\/704"}],"collection":[{"href":"https:\/\/www.konstantin-goerlich.de\/wordpress\/wp-json\/wp\/v2\/posts"}],"about":[{"href":"https:\/\/www.konstantin-goerlich.de\/wordpress\/wp-json\/wp\/v2\/types\/post"}],"author":[{"embeddable":true,"href":"https:\/\/www.konstantin-goerlich.de\/wordpress\/wp-json\/wp\/v2\/users\/1"}],"replies":[{"embeddable":true,"href":"https:\/\/www.konstantin-goerlich.de\/wordpress\/wp-json\/wp\/v2\/comments?post=704"}],"version-history":[{"count":1,"href":"https:\/\/www.konstantin-goerlich.de\/wordpress\/wp-json\/wp\/v2\/posts\/704\/revisions"}],"predecessor-version":[{"id":705,"href":"https:\/\/www.konstantin-goerlich.de\/wordpress\/wp-json\/wp\/v2\/posts\/704\/revisions\/705"}],"wp:attachment":[{"href":"https:\/\/www.konstantin-goerlich.de\/wordpress\/wp-json\/wp\/v2\/media?parent=704"}],"wp:term":[{"taxonomy":"category","embeddable":true,"href":"https:\/\/www.konstantin-goerlich.de\/wordpress\/wp-json\/wp\/v2\/categories?post=704"},{"taxonomy":"post_tag","embeddable":true,"href":"https:\/\/www.konstantin-goerlich.de\/wordpress\/wp-json\/wp\/v2\/tags?post=704"}],"curies":[{"name":"wp","href":"https:\/\/api.w.org\/{rel}","templated":true}]}}