{"id":690,"date":"2010-05-04T07:43:34","date_gmt":"2010-05-04T05:43:34","guid":{"rendered":"http:\/\/www.konstantin-goerlich.de\/wordpress\/?p=690"},"modified":"2010-05-04T22:53:05","modified_gmt":"2010-05-04T20:53:05","slug":"kritische-stimmen-zum-asylrecht","status":"publish","type":"post","link":"https:\/\/www.konstantin-goerlich.de\/wordpress\/2010\/05\/04\/kritische-stimmen-zum-asylrecht\/","title":{"rendered":"Kritische Stimmen zum Asylrecht."},"content":{"rendered":"<p>Gemeinsam mit der\u00a0<a href=\"http:\/\/www.bleiberecht-freiburg.de\/\" target=\"_blank\">Aktion Bleiberecht<\/a> hat der <a href=\"http:\/\/www.akj-freiburg.de\" target=\"_blank\">akj Freiburg<\/a> vier kritische Vortr\u00e4ge zur deutsch-europ\u00e4ischen Fl\u00fcchtlingspolitik organisiert. Die Vortragsreihe beginnt schon heute:<\/p>\n<ul>\n<li><strong>04. Mai 2010, 20 c.t. im HS 1015 <a href=\"http:\/\/www.facebook.com\/event.php?eid=122842797728397\" target=\"_blank\"><img decoding=\"async\" src=\"http:\/\/www.akj-freiburg.de\/uploads\/images\/facebook_event.png\" alt=\"\" height=\"16px\" \/><\/a><\/strong><br \/>\nRA Klaus Peter Stiegler: Versuch einer Einf\u00fchrung in das deutsche Asylrecht<\/li>\n<li><strong>11. Mai 2010, 20 c.t. im HS 2, Alte Uni <a href=\"http:\/\/www.facebook.com\/event.php?eid=116955951668241\" target=\"_blank\"><img decoding=\"async\" src=\"http:\/\/www.akj-freiburg.de\/uploads\/images\/facebook_event.png\" alt=\"\" height=\"16px\" \/><\/a><\/strong><br \/>\nMediNetz: Medizinische Versorgung von Fl\u00fcchtlingen und Illegalisierten in Deutschland<\/li>\n<li><strong>10. Juni 2010, 20 c.t. im HS 1015<\/strong><br \/>\nJosef Follmann: Au\u00dfengrenzen der EU\u2013 Wenn Flucht auf Mauern st\u00f6\u00dft<\/li>\n<li><strong>9. Juli 2010,20 c.t. im HS 2121<\/strong><br \/>\nTillmann L\u00f6hr: Schutz statt Abwehr. F\u00fcr ein Europa des Asyls<\/li>\n<\/ul>\n<p><strong>Update<\/strong>: Jetzt sind auch die Detailbeschreibungen der einzelnen Vortr\u00e4ge <a href=\"http:\/\/www.akj-freiburg.de\/index.php?mact=News,cntnt01,detail,0&amp;cntnt01articleid=19&amp;cntnt01origid=15&amp;cntnt01returnid=15\" target=\"_blank\">online<\/a>.<\/p>\n","protected":false},"excerpt":{"rendered":"<p>Gemeinsam mit der\u00a0Aktion Bleiberecht hat der akj Freiburg vier kritische Vortr\u00e4ge zur deutsch-europ\u00e4ischen Fl\u00fcchtlingspolitik organisiert. Die Vortragsreihe beginnt schon heute: 04. Mai 2010, 20 c.t. im HS 1015 RA Klaus Peter Stiegler: Versuch einer Einf\u00fchrung in das deutsche Asylrecht 11. Mai 2010, 20 c.t. im HS 2, Alte Uni MediNetz: Medizinische Versorgung von Fl\u00fcchtlingen und &#8230; <\/p>\n<p class=\"read-more-container\"><a title=\"Kritische Stimmen zum Asylrecht.\" class=\"read-more button\" href=\"https:\/\/www.konstantin-goerlich.de\/wordpress\/2010\/05\/04\/kritische-stimmen-zum-asylrecht\/#more-690\" aria-label=\"Mehr Informationen \u00fcber Kritische Stimmen zum Asylrecht.\">weiterlesen<\/a><\/p>\n","protected":false},"author":1,"featured_media":0,"comment_status":"open","ping_status":"open","sticky":false,"template":"","format":"standard","meta":{"footnotes":""},"categories":[1],"tags":[],"_links":{"self":[{"href":"https:\/\/www.konstantin-goerlich.de\/wordpress\/wp-json\/wp\/v2\/posts\/690"}],"collection":[{"href":"https:\/\/www.konstantin-goerlich.de\/wordpress\/wp-json\/wp\/v2\/posts"}],"about":[{"href":"https:\/\/www.konstantin-goerlich.de\/wordpress\/wp-json\/wp\/v2\/types\/post"}],"author":[{"embeddable":true,"href":"https:\/\/www.konstantin-goerlich.de\/wordpress\/wp-json\/wp\/v2\/users\/1"}],"replies":[{"embeddable":true,"href":"https:\/\/www.konstantin-goerlich.de\/wordpress\/wp-json\/wp\/v2\/comments?post=690"}],"version-history":[{"count":8,"href":"https:\/\/www.konstantin-goerlich.de\/wordpress\/wp-json\/wp\/v2\/posts\/690\/revisions"}],"predecessor-version":[{"id":698,"href":"https:\/\/www.konstantin-goerlich.de\/wordpress\/wp-json\/wp\/v2\/posts\/690\/revisions\/698"}],"wp:attachment":[{"href":"https:\/\/www.konstantin-goerlich.de\/wordpress\/wp-json\/wp\/v2\/media?parent=690"}],"wp:term":[{"taxonomy":"category","embeddable":true,"href":"https:\/\/www.konstantin-goerlich.de\/wordpress\/wp-json\/wp\/v2\/categories?post=690"},{"taxonomy":"post_tag","embeddable":true,"href":"https:\/\/www.konstantin-goerlich.de\/wordpress\/wp-json\/wp\/v2\/tags?post=690"}],"curies":[{"name":"wp","href":"https:\/\/api.w.org\/{rel}","templated":true}]}}