{"id":69,"date":"2007-03-28T17:06:49","date_gmt":"2007-03-28T15:06:49","guid":{"rendered":"http:\/\/www.konstantin-goerlich.de\/wordpress\/2007\/03\/28\/die-ruckkehr-des-jubilaums\/"},"modified":"2007-03-28T17:07:44","modified_gmt":"2007-03-28T15:07:44","slug":"die-ruckkehr-des-jubilaums","status":"publish","type":"post","link":"https:\/\/www.konstantin-goerlich.de\/wordpress\/2007\/03\/28\/die-ruckkehr-des-jubilaums\/","title":{"rendered":"Die R\u00fcckkehr des (J)ubil\u00e4ums."},"content":{"rendered":"<p>Es geht immer noch etwas besser. Am 19. Januar <a href=\"https:\/\/www.konstantin-goerlich.de\/wordpress\/2007\/01\/19\/das-jubilaum-kommt\/\">entdeckte<\/a> ich auf den Eintrittskarten zum Jubil\u00e4umser\u00f6ffnungskonzert ein fehlendes &#8222;i&#8220;. OK, sowas kann mal passieren. Ob es passieren darf, dar\u00fcber kann man diskutieren. Was aber nicht sein darf: Eine Wiederholung. Diesmal hat sich ein &#8222;s&#8220; vom Titelblatt des aktuellen Uni-Magazins verkr\u00fcmelt. Was in der <a href=\"http:\/\/www.pr.uni-freiburg.de\/publikationen\/unimagazin\" target=\"_blank\">Onlineversion<\/a> korrigiert wurde kann in der Printversion nicht mehr ge\u00e4ndert werden. Ob es sich bei den fehlenden Buchstaben um ein Gewinnspiel handelt, bei dem aus den fehlenden Buchstaben ein gesuchter Begriff zusammengesetzt werden mu\u00df, entzieht sich meiner Kenntnis. In &#8222;Exzellenzinitiative&#8220; kommt jedenfalls kein &#8222;s&#8220; vor.<\/p>\n<table>\n<tr>\n<td><a class=\"imagelink\" href=\"https:\/\/www.konstantin-goerlich.de\/wordpress\/wp-content\/uploads\/2007\/03\/200703271623_00084.jpg\" title=\"200703271623_00084.jpg\" rel=\"lightbox[69]\"><img decoding=\"async\" id=\"image70\" src=\"https:\/\/www.konstantin-goerlich.de\/wordpress\/wp-content\/uploads\/2007\/03\/200703271623_00084.thumbnail.jpg\" alt=\"200703271623_00084.jpg\" \/><\/a><\/td>\n<td width=\"20\"><\/td>\n<td><a class=\"imagelink\" href=\"https:\/\/www.konstantin-goerlich.de\/wordpress\/wp-content\/uploads\/2007\/03\/200703271624_00085.jpg\" title=\"200703271624_00085.jpg\" rel=\"lightbox[69]\"><img decoding=\"async\" id=\"image71\" src=\"https:\/\/www.konstantin-goerlich.de\/wordpress\/wp-content\/uploads\/2007\/03\/200703271624_00085.thumbnail.jpg\" alt=\"200703271624_00085.jpg\" \/><\/a><\/td>\n<\/tr>\n<\/table>\n","protected":false},"excerpt":{"rendered":"<p>Es geht immer noch etwas besser. Am 19. Januar entdeckte ich auf den Eintrittskarten zum Jubil\u00e4umser\u00f6ffnungskonzert ein fehlendes &#8222;i&#8220;. OK, sowas kann mal passieren. Ob es passieren darf, dar\u00fcber kann man diskutieren. Was aber nicht sein darf: Eine Wiederholung. Diesmal hat sich ein &#8222;s&#8220; vom Titelblatt des aktuellen Uni-Magazins verkr\u00fcmelt. Was in der Onlineversion korrigiert &#8230; <\/p>\n<p class=\"read-more-container\"><a title=\"Die R\u00fcckkehr des (J)ubil\u00e4ums.\" class=\"read-more button\" href=\"https:\/\/www.konstantin-goerlich.de\/wordpress\/2007\/03\/28\/die-ruckkehr-des-jubilaums\/#more-69\" aria-label=\"Mehr Informationen \u00fcber Die R\u00fcckkehr des (J)ubil\u00e4ums.\">weiterlesen<\/a><\/p>\n","protected":false},"author":1,"featured_media":0,"comment_status":"open","ping_status":"open","sticky":false,"template":"","format":"standard","meta":{"footnotes":""},"categories":[1],"tags":[],"_links":{"self":[{"href":"https:\/\/www.konstantin-goerlich.de\/wordpress\/wp-json\/wp\/v2\/posts\/69"}],"collection":[{"href":"https:\/\/www.konstantin-goerlich.de\/wordpress\/wp-json\/wp\/v2\/posts"}],"about":[{"href":"https:\/\/www.konstantin-goerlich.de\/wordpress\/wp-json\/wp\/v2\/types\/post"}],"author":[{"embeddable":true,"href":"https:\/\/www.konstantin-goerlich.de\/wordpress\/wp-json\/wp\/v2\/users\/1"}],"replies":[{"embeddable":true,"href":"https:\/\/www.konstantin-goerlich.de\/wordpress\/wp-json\/wp\/v2\/comments?post=69"}],"version-history":[{"count":0,"href":"https:\/\/www.konstantin-goerlich.de\/wordpress\/wp-json\/wp\/v2\/posts\/69\/revisions"}],"wp:attachment":[{"href":"https:\/\/www.konstantin-goerlich.de\/wordpress\/wp-json\/wp\/v2\/media?parent=69"}],"wp:term":[{"taxonomy":"category","embeddable":true,"href":"https:\/\/www.konstantin-goerlich.de\/wordpress\/wp-json\/wp\/v2\/categories?post=69"},{"taxonomy":"post_tag","embeddable":true,"href":"https:\/\/www.konstantin-goerlich.de\/wordpress\/wp-json\/wp\/v2\/tags?post=69"}],"curies":[{"name":"wp","href":"https:\/\/api.w.org\/{rel}","templated":true}]}}