{"id":667,"date":"2010-04-26T06:45:19","date_gmt":"2010-04-26T04:45:19","guid":{"rendered":"http:\/\/www.konstantin-goerlich.de\/wordpress\/?p=667"},"modified":"2010-04-26T02:13:34","modified_gmt":"2010-04-26T00:13:34","slug":"salomon-verfehlt-deutliche-absolute-mehrheit","status":"publish","type":"post","link":"https:\/\/www.konstantin-goerlich.de\/wordpress\/2010\/04\/26\/salomon-verfehlt-deutliche-absolute-mehrheit\/","title":{"rendered":"Salomon verfehlt deutliche absolute Mehrheit."},"content":{"rendered":"<p>Zun\u00e4chst auch von mir einen herzlichen Gl\u00fcckwunsch an den Wahlsieger Dieter Salomon!<\/p>\n<figure id=\"attachment_669\" aria-describedby=\"caption-attachment-669\" style=\"width: 578px\" class=\"wp-caption alignnone\"><a href=\"http:\/\/www.badische-zeitung.de\/freiburg\/video-freiburgs-ob-dieter-salomon-zur-wiederwahl\" target=\"_blank\"><img loading=\"lazy\" decoding=\"async\" class=\"size-full wp-image-669  \" title=\"salomonsieg\" src=\"https:\/\/www.konstantin-goerlich.de\/wordpress\/wp-content\/uploads\/2010\/04\/salomonsieg.jpg\" alt=\"Dr. Dieter Salomon kurz nach seiner Wiederwahl im Interview mit der Badischen Zeitung.\" width=\"588\" height=\"446\" srcset=\"https:\/\/www.konstantin-goerlich.de\/wordpress\/wp-content\/uploads\/2010\/04\/salomonsieg.jpg 600w, https:\/\/www.konstantin-goerlich.de\/wordpress\/wp-content\/uploads\/2010\/04\/salomonsieg-300x228.jpg 300w\" sizes=\"(max-width: 588px) 100vw, 588px\" \/><\/a><figcaption id=\"caption-attachment-669\" class=\"wp-caption-text\">Dr. Dieter Salomon kurz nach seiner Wiederwahl im Interview mit der Badischen Zeitung.<\/figcaption><\/figure>\n<p>Mit 50,5% der abgegebenen, g\u00fcltigen Stimmen h\u00e4tte der bisherige und zuk\u00fcnftige Freiburger Oberb\u00fcrgermeister Salomon kaum knapper die absolute Mehrheit erreichen k\u00f6nnen. 734 Stimmen weniger f\u00fcr ihn, und es w\u00e4re zu einem zweiten Wahlgang gekommen. Mit nur 45,2% l\u00e4dt auch die Wahlbeteiligung nicht gerade zu Begeisterungsst\u00fcrmen ein. Ob es bei einer deutlich h\u00f6heren Anteilnahme wohl nicht zur absoluten Mehrheit gereicht h\u00e4tte? Ich glaube schon.<\/p>\n<p><a href=\"https:\/\/www.konstantin-goerlich.de\/wordpress\/wp-content\/uploads\/2010\/04\/obfr2010diag.jpg\" rel=\"lightbox[667]\"><img loading=\"lazy\" decoding=\"async\" class=\"size-full wp-image-677 alignleft\" title=\"obfr2010diag\" src=\"https:\/\/www.konstantin-goerlich.de\/wordpress\/wp-content\/uploads\/2010\/04\/obfr2010diag.jpg\" alt=\"\" width=\"207\" height=\"202\" \/><\/a>Ein erster <a href=\"http:\/\/fritz.freiburg.de\/wahl\/ob10\/index.html\" target=\"_blank\">Blick in die Wahlbezirke<\/a> zeigt, da\u00df die Polarisierung haupts\u00e4chlich zwischen Rausch und Salomon stattfand: Rausch fuhr sein bestes Ergebnis mit 40,9% in der (ehemaligen? vermeintlichen? wahren?) Gr\u00fcnenhochburg Vauban ein, gefolgt von der stadtbaubedingten WiM-Hochburg Weingarten mit 39,4%. Hier holte Salomon mit 26,3% sein mit Abstand schlechtestes Ergebnis. Das Vauban landet bei ihm mit 37,8% auf dem viertschlechtesten Platz. Dramatisch punkten konnte der Amtsinhaber vor allem in den traditionell eher konservativen Randgemeinden. Ob Waltershofen, Kappel oder beliebige Tuniberggemeinden: 60%+x waren hier die Regel. Ebenfalls buchst\u00e4blich ins Schwarze traf Salomon in etlichen Bezirken in Herdern, St. Georgen, Z\u00e4hringen oder G\u00fcnterstal. Die Einzelergebnisse des zweitplatzierten Dritten im Bunde, Sozialb\u00fcrgermeister Ulrich von Kirchbach (SPD), sind genauso unauff\u00e4llig wie der Kandidat und sein Wahlkampf selbst.<\/p>\n<p>Was bedeutet dieser erste Blick auf das Ergebnis nun? In gro\u00dfen Teilen der Freiburger Bev\u00f6lkerung haben insbesondere soziale sowie \u00f6kologische und gemeinschaftliche Werte einen besonders hohen Stellenwert. Diese Felder hat der gr\u00fcne Amtsinhaber aber seinen beiden Herausforderern \u00fcberlassen (m\u00fcssen?), die diese insbesondere in Form der B\u00fcrgerinitiative WiR (Wechsel im Rathaus) und ihrem Kandidaten Prof. Dr. G\u00fcnter Rausch im Ergebnis glaubhaft transportieren konnten. Allerdings hatte nicht nur ich den <a href=\"http:\/\/www.gruenesfreiburg.de\/2010\/04\/23\/zimmer-frei-im-freiburger-rathaus\/\" target=\"_blank\">Eindruck<\/a>, da\u00df Salomon mit \u00fcberzeugenden Fakten oft vergeblich\u00a0gegen Rauschs populistische Versprechungen ank\u00e4mpfte. Diesem scheint es nicht vollst\u00e4ndig gelungen zu sein, die Nichtw\u00e4hler, die er besonders ansprechen wollte, in ausreichender Zahl zu mobilisieren.<\/p>\n<p>W\u00e4re Salomon Fu\u00dfballer, so k\u00f6nnte man sagen: Er kann rechts wie links. Holte er sich sein Amt vor 8 Jahren noch deutlich gegen eine CDU-Bewerberin, so lie\u00df er bei seiner Wiederwahl einen SPD- und einen Alternativen Herausforderer links liegen. In den kommenden 8 Jahren mu\u00df Salomon nun zeigen, da\u00df er auch Mitte kann. Rausch hat mit einem kaum zu \u00fcbersch\u00e4tzenden Erfolg entt\u00e4uschte Gr\u00fcne, Linke, Alternative sowie politisierte Mieter zusammengef\u00fchrt und gegen Salomon polarisiert. Diesen Zustand wird er, nicht nur was gekr\u00e4nkte Egos in der Dezernentenrunde angeht, fr\u00fcher oder sp\u00e4ter \u00fcberwinden lernen m\u00fcssen, denn der Sieg im ersten Wahlgang war nur durch die Abwesenheit eines CDU-Kandidaten m\u00f6glich. F\u00fcr den schwarzen Teil von Schwarz-Gr\u00fcn mu\u00df es n\u00e4mlich nicht zwingend ein &#8218;weiter so!&#8216; geben. F\u00fcr Salomon sind die 50,5% alles andere als ein &#8218;weiter so!&#8216;. Sie sind ein Denkzettel.<\/p>\n","protected":false},"excerpt":{"rendered":"<p>Zun\u00e4chst auch von mir einen herzlichen Gl\u00fcckwunsch an den Wahlsieger Dieter Salomon! Mit 50,5% der abgegebenen, g\u00fcltigen Stimmen h\u00e4tte der bisherige und zuk\u00fcnftige Freiburger Oberb\u00fcrgermeister Salomon kaum knapper die absolute Mehrheit erreichen k\u00f6nnen. 734 Stimmen weniger f\u00fcr ihn, und es w\u00e4re zu einem zweiten Wahlgang gekommen. Mit nur 45,2% l\u00e4dt auch die Wahlbeteiligung nicht gerade &#8230; <\/p>\n<p class=\"read-more-container\"><a title=\"Salomon verfehlt deutliche absolute Mehrheit.\" class=\"read-more button\" href=\"https:\/\/www.konstantin-goerlich.de\/wordpress\/2010\/04\/26\/salomon-verfehlt-deutliche-absolute-mehrheit\/#more-667\" aria-label=\"Mehr Informationen \u00fcber Salomon verfehlt deutliche absolute Mehrheit.\">weiterlesen<\/a><\/p>\n","protected":false},"author":1,"featured_media":0,"comment_status":"open","ping_status":"open","sticky":false,"template":"","format":"standard","meta":{"footnotes":""},"categories":[1],"tags":[],"_links":{"self":[{"href":"https:\/\/www.konstantin-goerlich.de\/wordpress\/wp-json\/wp\/v2\/posts\/667"}],"collection":[{"href":"https:\/\/www.konstantin-goerlich.de\/wordpress\/wp-json\/wp\/v2\/posts"}],"about":[{"href":"https:\/\/www.konstantin-goerlich.de\/wordpress\/wp-json\/wp\/v2\/types\/post"}],"author":[{"embeddable":true,"href":"https:\/\/www.konstantin-goerlich.de\/wordpress\/wp-json\/wp\/v2\/users\/1"}],"replies":[{"embeddable":true,"href":"https:\/\/www.konstantin-goerlich.de\/wordpress\/wp-json\/wp\/v2\/comments?post=667"}],"version-history":[{"count":15,"href":"https:\/\/www.konstantin-goerlich.de\/wordpress\/wp-json\/wp\/v2\/posts\/667\/revisions"}],"predecessor-version":[{"id":678,"href":"https:\/\/www.konstantin-goerlich.de\/wordpress\/wp-json\/wp\/v2\/posts\/667\/revisions\/678"}],"wp:attachment":[{"href":"https:\/\/www.konstantin-goerlich.de\/wordpress\/wp-json\/wp\/v2\/media?parent=667"}],"wp:term":[{"taxonomy":"category","embeddable":true,"href":"https:\/\/www.konstantin-goerlich.de\/wordpress\/wp-json\/wp\/v2\/categories?post=667"},{"taxonomy":"post_tag","embeddable":true,"href":"https:\/\/www.konstantin-goerlich.de\/wordpress\/wp-json\/wp\/v2\/tags?post=667"}],"curies":[{"name":"wp","href":"https:\/\/api.w.org\/{rel}","templated":true}]}}