{"id":662,"date":"2010-04-17T17:03:38","date_gmt":"2010-04-17T15:03:38","guid":{"rendered":"http:\/\/www.konstantin-goerlich.de\/wordpress\/?p=662"},"modified":"2010-04-17T19:32:15","modified_gmt":"2010-04-17T17:32:15","slug":"salomon-verfehlt-absolute-mehrheit-deutlich","status":"publish","type":"post","link":"https:\/\/www.konstantin-goerlich.de\/wordpress\/2010\/04\/17\/salomon-verfehlt-absolute-mehrheit-deutlich\/","title":{"rendered":"Salomon verfehlt absolute Mehrheit deutlich!"},"content":{"rendered":"<p>Zumindest wenn es nach den Kindern und Jugendlichen in Freiburg geht. Die n\u00e4mlich haben gestern bei der <a href=\"http:\/\/www.ob-wahl-freiburg.de\/search\/label\/U18%20Freiburg\">U18-Wahl<\/a>, einer politischen Bildungsinitiative, abgestimmt, deren <a href=\"http:\/\/twitter.com\/JungesFreiburg\/status\/12343067953\">Ergebnis<\/a> nun bekannt wurde. Demnach konnte Amtsinhaber Dieter Salomon (B\u00fcndnis 90 \/ Die Gr\u00fcnen) mit 39,8% zwar das beste Ergebnis holen, verfehlte die im 1. (realen) Wahlgang n\u00f6tige absolute Mehrheit aber deutlich. Erstaunlich knapp auf Platz 2 landete G\u00fcnter Rausch (Wechsel im Rathaus) mit 35,4% gefolgt vom mit 24,9% weit abgeschlagenen amtierenden Sozialb\u00fcrgermeister und Freiburger Toleranzs\u00e4ulenheiligen Ulrich von Kirchbach (SPD).<\/p>\n<p>Auch wenn es bei der U18-Wahl, obwohl sie &#8222;analog zur echten Oberb\u00fcrgermeisterwahl organisiert&#8220; sein will, keinen zweiten Wahlgang gibt, und Salomon somit Sieger genannt wird ist das Ergebnis doch eine deutliche Abfuhr f\u00fcr die beiden amtierenden B\u00fcrgermeister und l\u00e4\u00dft einen zweiten Wahlgang immer wahrscheinlicher werden. Man darf also gespannt sein.<\/p>\n<p><strong>Update<\/strong> (19:30 Uhr): <a href=\"http:\/\/twitter.com\/u18freiburg\/\">@u18freiburg<\/a> erg\u00e4nzt ein paar Informationen: 55,7% weibliche, 44,3% m\u00e4nnliche W\u00e4hlerInnen haben bei der U18-Wahl abgestimmt, insgesamt nahmen 1031 Kinder und Jugendliche teil.<\/p>\n<blockquote><p><a href=\"http:\/\/twitter.com\/u18freiburg\/status\/12351213003\">@u18freiburg<\/a>: &#8222;Wer Kinder und Jugendliche fr\u00fchzeitig mitreden und mitbestimmen l\u00e4sst, muss nicht f\u00fcrchten, dass sie politikverdrossen werden.&#8220; #obfr2010<\/p><\/blockquote>\n<p>So ist es.<\/p>\n","protected":false},"excerpt":{"rendered":"<p>Zumindest wenn es nach den Kindern und Jugendlichen in Freiburg geht. Die n\u00e4mlich haben gestern bei der U18-Wahl, einer politischen Bildungsinitiative, abgestimmt, deren Ergebnis nun bekannt wurde. Demnach konnte Amtsinhaber Dieter Salomon (B\u00fcndnis 90 \/ Die Gr\u00fcnen) mit 39,8% zwar das beste Ergebnis holen, verfehlte die im 1. (realen) Wahlgang n\u00f6tige absolute Mehrheit aber deutlich. &#8230; <\/p>\n<p class=\"read-more-container\"><a title=\"Salomon verfehlt absolute Mehrheit deutlich!\" class=\"read-more button\" href=\"https:\/\/www.konstantin-goerlich.de\/wordpress\/2010\/04\/17\/salomon-verfehlt-absolute-mehrheit-deutlich\/#more-662\" aria-label=\"Mehr Informationen \u00fcber Salomon verfehlt absolute Mehrheit deutlich!\">weiterlesen<\/a><\/p>\n","protected":false},"author":1,"featured_media":0,"comment_status":"open","ping_status":"open","sticky":false,"template":"","format":"standard","meta":{"footnotes":""},"categories":[1],"tags":[],"_links":{"self":[{"href":"https:\/\/www.konstantin-goerlich.de\/wordpress\/wp-json\/wp\/v2\/posts\/662"}],"collection":[{"href":"https:\/\/www.konstantin-goerlich.de\/wordpress\/wp-json\/wp\/v2\/posts"}],"about":[{"href":"https:\/\/www.konstantin-goerlich.de\/wordpress\/wp-json\/wp\/v2\/types\/post"}],"author":[{"embeddable":true,"href":"https:\/\/www.konstantin-goerlich.de\/wordpress\/wp-json\/wp\/v2\/users\/1"}],"replies":[{"embeddable":true,"href":"https:\/\/www.konstantin-goerlich.de\/wordpress\/wp-json\/wp\/v2\/comments?post=662"}],"version-history":[{"count":4,"href":"https:\/\/www.konstantin-goerlich.de\/wordpress\/wp-json\/wp\/v2\/posts\/662\/revisions"}],"predecessor-version":[{"id":665,"href":"https:\/\/www.konstantin-goerlich.de\/wordpress\/wp-json\/wp\/v2\/posts\/662\/revisions\/665"}],"wp:attachment":[{"href":"https:\/\/www.konstantin-goerlich.de\/wordpress\/wp-json\/wp\/v2\/media?parent=662"}],"wp:term":[{"taxonomy":"category","embeddable":true,"href":"https:\/\/www.konstantin-goerlich.de\/wordpress\/wp-json\/wp\/v2\/categories?post=662"},{"taxonomy":"post_tag","embeddable":true,"href":"https:\/\/www.konstantin-goerlich.de\/wordpress\/wp-json\/wp\/v2\/tags?post=662"}],"curies":[{"name":"wp","href":"https:\/\/api.w.org\/{rel}","templated":true}]}}