{"id":659,"date":"2010-04-17T15:11:13","date_gmt":"2010-04-17T13:11:13","guid":{"rendered":"http:\/\/www.konstantin-goerlich.de\/wordpress\/?p=659"},"modified":"2010-04-17T15:11:13","modified_gmt":"2010-04-17T13:11:13","slug":"lasst-die-vag-fur-das-sozialticket-marktforschen","status":"publish","type":"post","link":"https:\/\/www.konstantin-goerlich.de\/wordpress\/2010\/04\/17\/lasst-die-vag-fur-das-sozialticket-marktforschen\/","title":{"rendered":"L\u00e4sst die VAG f\u00fcr das Sozialticket marktforschen?"},"content":{"rendered":"<p>K\u00f6nnte sein. Denn grad erhielt ich einen Anruf, der sich als vernuscheltes Marktforschungsinstitut ausgab und einleitend behauptete, die VAG Freiburg untersuche derzeit die Einf\u00fchrung eines verbilligten, nur in Freiburg g\u00fcltigen Tickets nur f\u00fcr bestimmte bed\u00fcrftige Gruppen wie etwa Hartz IV Empf\u00e4nger. Gefragt wurde, ob es solche oder andere aus einer langen Liste in meinem Haushalt gebe.<\/p>\n<p>Ich frage mich nun, ob, sollte der Anruf tats\u00e4chlich dem vorgeblichen Zwecke gedient haben, es wirklich n\u00f6tig ist, den Bedarf f\u00fcr ein Sozialticket per Telefonumfrage auszuloten. Die hierf\u00fcr ben\u00f6tigten Daten wie etwa die Anzahl der Empf\u00e4nger von Arbeitslosengeld II sind doch vorhanden.<\/p>\n","protected":false},"excerpt":{"rendered":"<p>K\u00f6nnte sein. Denn grad erhielt ich einen Anruf, der sich als vernuscheltes Marktforschungsinstitut ausgab und einleitend behauptete, die VAG Freiburg untersuche derzeit die Einf\u00fchrung eines verbilligten, nur in Freiburg g\u00fcltigen Tickets nur f\u00fcr bestimmte bed\u00fcrftige Gruppen wie etwa Hartz IV Empf\u00e4nger. Gefragt wurde, ob es solche oder andere aus einer langen Liste in meinem Haushalt &#8230; <\/p>\n<p class=\"read-more-container\"><a title=\"L\u00e4sst die VAG f\u00fcr das Sozialticket marktforschen?\" class=\"read-more button\" href=\"https:\/\/www.konstantin-goerlich.de\/wordpress\/2010\/04\/17\/lasst-die-vag-fur-das-sozialticket-marktforschen\/#more-659\" aria-label=\"Mehr Informationen \u00fcber L\u00e4sst die VAG f\u00fcr das Sozialticket marktforschen?\">weiterlesen<\/a><\/p>\n","protected":false},"author":1,"featured_media":0,"comment_status":"open","ping_status":"open","sticky":false,"template":"","format":"standard","meta":{"footnotes":""},"categories":[1],"tags":[],"_links":{"self":[{"href":"https:\/\/www.konstantin-goerlich.de\/wordpress\/wp-json\/wp\/v2\/posts\/659"}],"collection":[{"href":"https:\/\/www.konstantin-goerlich.de\/wordpress\/wp-json\/wp\/v2\/posts"}],"about":[{"href":"https:\/\/www.konstantin-goerlich.de\/wordpress\/wp-json\/wp\/v2\/types\/post"}],"author":[{"embeddable":true,"href":"https:\/\/www.konstantin-goerlich.de\/wordpress\/wp-json\/wp\/v2\/users\/1"}],"replies":[{"embeddable":true,"href":"https:\/\/www.konstantin-goerlich.de\/wordpress\/wp-json\/wp\/v2\/comments?post=659"}],"version-history":[{"count":2,"href":"https:\/\/www.konstantin-goerlich.de\/wordpress\/wp-json\/wp\/v2\/posts\/659\/revisions"}],"predecessor-version":[{"id":661,"href":"https:\/\/www.konstantin-goerlich.de\/wordpress\/wp-json\/wp\/v2\/posts\/659\/revisions\/661"}],"wp:attachment":[{"href":"https:\/\/www.konstantin-goerlich.de\/wordpress\/wp-json\/wp\/v2\/media?parent=659"}],"wp:term":[{"taxonomy":"category","embeddable":true,"href":"https:\/\/www.konstantin-goerlich.de\/wordpress\/wp-json\/wp\/v2\/categories?post=659"},{"taxonomy":"post_tag","embeddable":true,"href":"https:\/\/www.konstantin-goerlich.de\/wordpress\/wp-json\/wp\/v2\/tags?post=659"}],"curies":[{"name":"wp","href":"https:\/\/api.w.org\/{rel}","templated":true}]}}