{"id":657,"date":"2010-04-17T14:23:21","date_gmt":"2010-04-17T12:23:21","guid":{"rendered":"http:\/\/www.konstantin-goerlich.de\/wordpress\/?p=657"},"modified":"2010-04-17T14:23:21","modified_gmt":"2010-04-17T12:23:21","slug":"der-teufel-schreibt-oft-im-detail","status":"publish","type":"post","link":"https:\/\/www.konstantin-goerlich.de\/wordpress\/2010\/04\/17\/der-teufel-schreibt-oft-im-detail\/","title":{"rendered":"Der Teufel schreibt oft im Detail."},"content":{"rendered":"<p>So auch bei der Badischen Zeitung. Die <a href=\"http:\/\/www.badische-zeitung.de\/freiburg\/druck-sachen-xdvgvf3ax\">berichtet<\/a> nicht nur unter ferner liefen zusammen mit den Parkgeb\u00fchren auf dem M\u00fcnsterplatz \u00fcber die menschenunw\u00fcrdige Unterbringung von Fl\u00fcchtlingen in Freiburg sondern bringt es in diesen paar Zeilen auchnoch fertig, die Gr\u00fcne Alternative Freiburg (GAF) volle sechs mal GAL zu nennen. Dabei sind das doch die, die in Hamburg mit der CDU koalieren. Eigentlich kaum der Rede wert, aber immerhin eine gute Gelegenheit, nochmals auf das Problem <a href=\"http:\/\/www.ga-freiburg.net\/node\/230\">aufmerksam<\/a> zu machen. Es dr\u00e4ngt n\u00e4mlich.<\/p>\n","protected":false},"excerpt":{"rendered":"<p>So auch bei der Badischen Zeitung. Die berichtet nicht nur unter ferner liefen zusammen mit den Parkgeb\u00fchren auf dem M\u00fcnsterplatz \u00fcber die menschenunw\u00fcrdige Unterbringung von Fl\u00fcchtlingen in Freiburg sondern bringt es in diesen paar Zeilen auchnoch fertig, die Gr\u00fcne Alternative Freiburg (GAF) volle sechs mal GAL zu nennen. Dabei sind das doch die, die in &#8230; <\/p>\n<p class=\"read-more-container\"><a title=\"Der Teufel schreibt oft im Detail.\" class=\"read-more button\" href=\"https:\/\/www.konstantin-goerlich.de\/wordpress\/2010\/04\/17\/der-teufel-schreibt-oft-im-detail\/#more-657\" aria-label=\"Mehr Informationen \u00fcber Der Teufel schreibt oft im Detail.\">weiterlesen<\/a><\/p>\n","protected":false},"author":1,"featured_media":0,"comment_status":"open","ping_status":"open","sticky":false,"template":"","format":"standard","meta":{"footnotes":""},"categories":[1],"tags":[],"_links":{"self":[{"href":"https:\/\/www.konstantin-goerlich.de\/wordpress\/wp-json\/wp\/v2\/posts\/657"}],"collection":[{"href":"https:\/\/www.konstantin-goerlich.de\/wordpress\/wp-json\/wp\/v2\/posts"}],"about":[{"href":"https:\/\/www.konstantin-goerlich.de\/wordpress\/wp-json\/wp\/v2\/types\/post"}],"author":[{"embeddable":true,"href":"https:\/\/www.konstantin-goerlich.de\/wordpress\/wp-json\/wp\/v2\/users\/1"}],"replies":[{"embeddable":true,"href":"https:\/\/www.konstantin-goerlich.de\/wordpress\/wp-json\/wp\/v2\/comments?post=657"}],"version-history":[{"count":1,"href":"https:\/\/www.konstantin-goerlich.de\/wordpress\/wp-json\/wp\/v2\/posts\/657\/revisions"}],"predecessor-version":[{"id":658,"href":"https:\/\/www.konstantin-goerlich.de\/wordpress\/wp-json\/wp\/v2\/posts\/657\/revisions\/658"}],"wp:attachment":[{"href":"https:\/\/www.konstantin-goerlich.de\/wordpress\/wp-json\/wp\/v2\/media?parent=657"}],"wp:term":[{"taxonomy":"category","embeddable":true,"href":"https:\/\/www.konstantin-goerlich.de\/wordpress\/wp-json\/wp\/v2\/categories?post=657"},{"taxonomy":"post_tag","embeddable":true,"href":"https:\/\/www.konstantin-goerlich.de\/wordpress\/wp-json\/wp\/v2\/tags?post=657"}],"curies":[{"name":"wp","href":"https:\/\/api.w.org\/{rel}","templated":true}]}}