{"id":643,"date":"2010-03-24T11:48:02","date_gmt":"2010-03-24T10:48:02","guid":{"rendered":"http:\/\/www.konstantin-goerlich.de\/wordpress\/?p=643"},"modified":"2010-03-26T00:44:28","modified_gmt":"2010-03-25T23:44:28","slug":"von-barendienstleistern-und-selbstdarstellern","status":"publish","type":"post","link":"https:\/\/www.konstantin-goerlich.de\/wordpress\/2010\/03\/24\/von-barendienstleistern-und-selbstdarstellern\/","title":{"rendered":"Von B\u00e4rendienstleistern und Selbstdarstellern."},"content":{"rendered":"<p>Am Montag schrieb Johannes Waldsch\u00fctz auf gruenesfreiburg.de <a href=\"http:\/\/www.gruenesfreiburg.de\/2010\/03\/22\/ueber-scheinfragen-stoerungen-und-den-baerendienst\/\">\u00fcber Scheinfragen, St\u00f6rungen und den B\u00e4rendienst <\/a>bei den Podiumsdiskussionen zur in gut einem Monat stattfindenden Oberb\u00fcrgermeisterwahl in Freiburg. Der Tenor: parteiisches Applaudieren, minutenlange als Frage getarnte Kommentare und St\u00f6rungen aller Art schaden dem jeweils vermeintlich unterst\u00fctzten Kandidaten mehr, als das sie n\u00fctzen. Zum Beispiel:<\/p>\n<blockquote><p>In Worte gefasst hat das bei der letzten Podiumsdiskussion Dieter Salomon, der seine Antwort auf die f\u00fcnfmin\u00fctige Frage von WIR-Mann Martin Klauss mit den Worten \u201ewollen Sie es nicht mal lassen, Sie geben mir jedes Mal eine Steilvorlage?\u201c beendete.<\/p><\/blockquote>\n<p>Da Simone Lutz in der Badischen Zeitung gerade heute die vielen Podiumsdiskussionen als hohe Leidensf\u00e4higkeit erfordernden Veranstaltungsmarathon <a href=\"http:\/\/www.badische-zeitung.de\/freiburg\/bei-podiumsdiskussionen-beweisen-ob-kandidaten-leidensfaehigkeit\">darstellt<\/a> kommt mir noch ein weiterer Gedanke zur vollkommen richtigen und berechtigten Kritik auf gruenesfreiburg.de: Wozu sind diese vielen Podiumsdiskussionen denn eigentlich da? Simone Lutz schreibt unter anderem:<\/p>\n<blockquote><p>Wer die Kandidaten selbst kennen lernen will, geht zu Podiumsdiskussionen.<\/p><\/blockquote>\n<p>So sollte es eigentlich sein, ja. Der eingangs erw\u00e4hnte B\u00e4rendienst wird nicht nur den Kandidaten geleistet, sondern auch den W\u00e4hlerinnen und W\u00e4hlern, denen die Besuchsm\u00f6glichkeiten bei Podiumsdiskussionen wegmobilisiert werden, etwa durch Aufrufe wie den folgenden zur Podiumsdiskussion von BZ und SWR im Paulussaal am 25.3.:<\/p>\n<blockquote><p>Diese Podiumsveranstaltung im Paulussaal ist vielleicht die Wichtigste.<\/p>\n<p>Bitte mobilisiert so gut ihr k\u00f6nnt. Da M\u00dcSSEN wir in der Mehrheit sein!<br \/>\nDas wird die Veranstaltung, \u00fcber welche die BZ am ausf\u00fchrlichsten<br \/>\nberichten wird.<\/p>\n<p>Wir wollen ein richtig starkes Bild abgeben &#8211; und viele unangenehme<br \/>\nFragen an Salomon und gute Fragen an G\u00fcnter stellen!<\/p><\/blockquote>\n<p>Dieser Aufruf an die WiR-Leute, unterzeichnet von &#8222;Martin&#8220; (Klauss?), existiert sicherlich bei den Unterst\u00fctzerInnen der anderen Kandidaten in \u00e4hnlicher Form, sonst k\u00e4me es ja nicht zu diesem Wettbewerb, der es dem Ottonormalfreiburger so schwer macht, einen sinnvollen Sitzplatz bei einer der Diskussionen zu ergattern. Damit ergeben die nicht weniger als 22 Veranstaltungen dieser Art kaum noch Sinn, wenn sie vor Publikum stattfinden, das gr\u00f6\u00dftenteils schon fest f\u00fcr einen Kandidaten entschieden ist. Einzig ein Veranstaltungsort mit so vielen Pl\u00e4tzen wie der Paulussaal bietet noch genug Platz f\u00fcr, so f\u00fchlt es sich schon fast an, ein paar noch unentschiedene Wahlberechtigte am Rande. Vielleicht sollte Rausch die von ihm vorgeschlagene B\u00fcrgerversammlung in der Rothaus-Arena als Podiumsdiskussion vorverlegen, damit die von ihm insbesondere angesprochenen Nichtw\u00e4hlerInnen und kleinen Leute auch mal die Chance haben, seinen Worten zu lauschen. Sie sind n\u00e4mlich zuf\u00e4lliger Weise auch eine der Gruppen, die die in den vielf\u00e4ltigen Onlineangebote bis hin zu Videos von Podiumsdiskussionen bestehende Alternative (wie z.B. auf dem hervorragenden Portal <a href=\"http:\/\/www.ob-wahl-freiburg.de\">ob-wahl-freiburg.de<\/a>) am ehesten nicht nutzen (k\u00f6nnen) werden.<\/p>\n<p>Falls es mit der Rothaus-Arena so schnell nicht klappen sollte, w\u00e4re vielleicht eine \u00dcbereinkunft zwischen den drei Wahlkampfteams w\u00fcnschenswert, die Anzahl der Claqueure zu deckeln (St\u00f6rfragen und dergleichen zu unterlassen sowieso) und so die Podiumsdiskussionen wieder ihrem eigentlichen Zweck zuzuf\u00fchren. Das ist n\u00e4mlich der Wahlkampf der Kandidaten. Und nicht die Selbstdarstellung einiger Anh\u00e4nger.<\/p>\n<p>Update (26.03.2010): Ein Tweet nach besagter Podiumsdiskussion, ohne weiteren Kommentar:<\/p>\n<blockquote><p><a href=\"http:\/\/twitter.com\/DerJaaan\/status\/11059316654\">@DerJaaan<\/a><span style=\"color: #000000;\">: Die Podiumsdiskussion war sehr gut auch wenn sich wieder einige Teilnehmer im Publikum nicht unter Kontrolle hatten. <\/span><a style=\"text-decoration: none; padding: 0px; margin: 0px;\" title=\"#obfr2010\" rel=\"nofollow\" href=\"http:\/\/twitter.com\/search?q=%23obfr2010\"><span style=\"color: #000000;\">#obfr2010<\/span><\/a><span style=\"color: #000000;\"> <\/span><a style=\"text-decoration: none; padding: 0px; margin: 0px;\" title=\"#DKP\" rel=\"nofollow\" href=\"http:\/\/twitter.com\/search?q=%23DKP\"><span style=\"color: #000000;\">#DKP<\/span><\/a><span style=\"color: #000000;\"> :D<\/span><\/p><\/blockquote>\n","protected":false},"excerpt":{"rendered":"<p>Am Montag schrieb Johannes Waldsch\u00fctz auf gruenesfreiburg.de \u00fcber Scheinfragen, St\u00f6rungen und den B\u00e4rendienst bei den Podiumsdiskussionen zur in gut einem Monat stattfindenden Oberb\u00fcrgermeisterwahl in Freiburg. Der Tenor: parteiisches Applaudieren, minutenlange als Frage getarnte Kommentare und St\u00f6rungen aller Art schaden dem jeweils vermeintlich unterst\u00fctzten Kandidaten mehr, als das sie n\u00fctzen. Zum Beispiel: In Worte gefasst hat &#8230; <\/p>\n<p class=\"read-more-container\"><a title=\"Von B\u00e4rendienstleistern und Selbstdarstellern.\" class=\"read-more button\" href=\"https:\/\/www.konstantin-goerlich.de\/wordpress\/2010\/03\/24\/von-barendienstleistern-und-selbstdarstellern\/#more-643\" aria-label=\"Mehr Informationen \u00fcber Von B\u00e4rendienstleistern und Selbstdarstellern.\">weiterlesen<\/a><\/p>\n","protected":false},"author":1,"featured_media":0,"comment_status":"open","ping_status":"open","sticky":false,"template":"","format":"standard","meta":{"footnotes":""},"categories":[1],"tags":[],"_links":{"self":[{"href":"https:\/\/www.konstantin-goerlich.de\/wordpress\/wp-json\/wp\/v2\/posts\/643"}],"collection":[{"href":"https:\/\/www.konstantin-goerlich.de\/wordpress\/wp-json\/wp\/v2\/posts"}],"about":[{"href":"https:\/\/www.konstantin-goerlich.de\/wordpress\/wp-json\/wp\/v2\/types\/post"}],"author":[{"embeddable":true,"href":"https:\/\/www.konstantin-goerlich.de\/wordpress\/wp-json\/wp\/v2\/users\/1"}],"replies":[{"embeddable":true,"href":"https:\/\/www.konstantin-goerlich.de\/wordpress\/wp-json\/wp\/v2\/comments?post=643"}],"version-history":[{"count":3,"href":"https:\/\/www.konstantin-goerlich.de\/wordpress\/wp-json\/wp\/v2\/posts\/643\/revisions"}],"predecessor-version":[{"id":645,"href":"https:\/\/www.konstantin-goerlich.de\/wordpress\/wp-json\/wp\/v2\/posts\/643\/revisions\/645"}],"wp:attachment":[{"href":"https:\/\/www.konstantin-goerlich.de\/wordpress\/wp-json\/wp\/v2\/media?parent=643"}],"wp:term":[{"taxonomy":"category","embeddable":true,"href":"https:\/\/www.konstantin-goerlich.de\/wordpress\/wp-json\/wp\/v2\/categories?post=643"},{"taxonomy":"post_tag","embeddable":true,"href":"https:\/\/www.konstantin-goerlich.de\/wordpress\/wp-json\/wp\/v2\/tags?post=643"}],"curies":[{"name":"wp","href":"https:\/\/api.w.org\/{rel}","templated":true}]}}