{"id":636,"date":"2010-02-25T17:54:32","date_gmt":"2010-02-25T16:54:32","guid":{"rendered":"http:\/\/www.konstantin-goerlich.de\/wordpress\/?p=636"},"modified":"2010-02-25T18:23:55","modified_gmt":"2010-02-25T17:23:55","slug":"u-asta-vorstand-tritt-zuruck","status":"publish","type":"post","link":"https:\/\/www.konstantin-goerlich.de\/wordpress\/2010\/02\/25\/u-asta-vorstand-tritt-zuruck\/","title":{"rendered":"u-asta Vorstand tritt zur\u00fcck."},"content":{"rendered":"<p>Wie soeben bekannt wird ist Maggie Jaglo am Montag von ihrem Amt als Vorst\u00e4ndin des\u00a0<a href=\"http:\/\/www.u-asta.de\" target=\"_blank\">u-asta<\/a>, der Studierendenvertretung an der Uni Freiburg,\u00a0zur\u00fcckgetreten. Zur Begr\u00fcndung schreibt sie u.a.:<\/p>\n<blockquote><p>zu dieser entscheidung haben mich pers\u00f6nliche gr\u00fcnde<br \/>\ngebracht, die es mir nicht mehr erm\u00f6glichen, mich<br \/>\nangemessen um den u-asta und auch um mich selbst zu<br \/>\nk\u00fcmmern. mein r\u00fccktritt hat nichts mit dem u-asta an sich<br \/>\nzu tun oder mit der verbundenen arbeit.<\/p><\/blockquote>\n<p>Mit Lisa Schindler und Lisa Oster verbleiben noch zwei u-asta Vorst\u00e4ndinnen im Amt. Es ist das zweite dreik\u00f6pfige Vorstandsteam in Folge, was mitten in der Amtszeit ein Mitglied verliert.<\/p>\n","protected":false},"excerpt":{"rendered":"<p>Wie soeben bekannt wird ist Maggie Jaglo am Montag von ihrem Amt als Vorst\u00e4ndin des\u00a0u-asta, der Studierendenvertretung an der Uni Freiburg,\u00a0zur\u00fcckgetreten. Zur Begr\u00fcndung schreibt sie u.a.: zu dieser entscheidung haben mich pers\u00f6nliche gr\u00fcnde gebracht, die es mir nicht mehr erm\u00f6glichen, mich angemessen um den u-asta und auch um mich selbst zu k\u00fcmmern. mein r\u00fccktritt hat &#8230; <\/p>\n<p class=\"read-more-container\"><a title=\"u-asta Vorstand tritt zur\u00fcck.\" class=\"read-more button\" href=\"https:\/\/www.konstantin-goerlich.de\/wordpress\/2010\/02\/25\/u-asta-vorstand-tritt-zuruck\/#more-636\" aria-label=\"Mehr Informationen \u00fcber u-asta Vorstand tritt zur\u00fcck.\">weiterlesen<\/a><\/p>\n","protected":false},"author":1,"featured_media":0,"comment_status":"open","ping_status":"open","sticky":false,"template":"","format":"standard","meta":{"footnotes":""},"categories":[1],"tags":[],"_links":{"self":[{"href":"https:\/\/www.konstantin-goerlich.de\/wordpress\/wp-json\/wp\/v2\/posts\/636"}],"collection":[{"href":"https:\/\/www.konstantin-goerlich.de\/wordpress\/wp-json\/wp\/v2\/posts"}],"about":[{"href":"https:\/\/www.konstantin-goerlich.de\/wordpress\/wp-json\/wp\/v2\/types\/post"}],"author":[{"embeddable":true,"href":"https:\/\/www.konstantin-goerlich.de\/wordpress\/wp-json\/wp\/v2\/users\/1"}],"replies":[{"embeddable":true,"href":"https:\/\/www.konstantin-goerlich.de\/wordpress\/wp-json\/wp\/v2\/comments?post=636"}],"version-history":[{"count":2,"href":"https:\/\/www.konstantin-goerlich.de\/wordpress\/wp-json\/wp\/v2\/posts\/636\/revisions"}],"predecessor-version":[{"id":638,"href":"https:\/\/www.konstantin-goerlich.de\/wordpress\/wp-json\/wp\/v2\/posts\/636\/revisions\/638"}],"wp:attachment":[{"href":"https:\/\/www.konstantin-goerlich.de\/wordpress\/wp-json\/wp\/v2\/media?parent=636"}],"wp:term":[{"taxonomy":"category","embeddable":true,"href":"https:\/\/www.konstantin-goerlich.de\/wordpress\/wp-json\/wp\/v2\/categories?post=636"},{"taxonomy":"post_tag","embeddable":true,"href":"https:\/\/www.konstantin-goerlich.de\/wordpress\/wp-json\/wp\/v2\/tags?post=636"}],"curies":[{"name":"wp","href":"https:\/\/api.w.org\/{rel}","templated":true}]}}