{"id":634,"date":"2010-02-15T08:00:00","date_gmt":"2010-02-15T07:00:00","guid":{"rendered":"http:\/\/www.konstantin-goerlich.de\/wordpress\/2010\/02\/15\/die-vergangene-woche-bei-twitter-2010-02-15\/"},"modified":"2010-02-15T08:00:00","modified_gmt":"2010-02-15T07:00:00","slug":"die-vergangene-woche-bei-twitter-2010-02-15","status":"publish","type":"post","link":"https:\/\/www.konstantin-goerlich.de\/wordpress\/2010\/02\/15\/die-vergangene-woche-bei-twitter-2010-02-15\/","title":{"rendered":"Die vergangene Woche bei Twitter. (2010-02-15)"},"content":{"rendered":"<ul class=\"aktt_tweet_digest\">\n<li>laaangweilig <a href=\"http:\/\/twitter.com\/konstantin_frbg\/statuses\/9107412833\" class=\"aktt_tweet_time\">#<\/a><\/li>\n<li>RT @<a href=\"http:\/\/twitter.com\/annnalist\" class=\"aktt_username\">annnalist<\/a>: Der Begriff &quot;Extremismus&quot; ist dabei, in der deutschen \u00d6ffentlichkeit dem Begriff &quot;Terrorismus&quot; &#8230; <a href=\"http:\/\/bit.ly\/aa84nx\" rel=\"nofollow\">http:\/\/bit.ly\/aa84nx<\/a> <a href=\"http:\/\/twitter.com\/konstantin_frbg\/statuses\/9095479151\" class=\"aktt_tweet_time\">#<\/a><\/li>\n<li>hmm ok, die zweite Band ist &#8230; anders. L\u00e4\u00dft&#39;s aber auch krachen. #<a href=\"http:\/\/search.twitter.com\/search?q=%23Party\" class=\"aktt_hashtag\">Party<\/a> #Uni #<a href=\"http:\/\/search.twitter.com\/search?q=%23Freiburg\" class=\"aktt_hashtag\">Freiburg<\/a> #Crash <a href=\"http:\/\/twitter.com\/konstantin_frbg\/statuses\/9031615225\" class=\"aktt_tweet_time\">#<\/a><\/li>\n<li>Also, die u-Party &#8230; k\u00f6nnte sich lohnen. &quot;Wahrheit &amp; Aspirin&quot; legen grad los. #<a href=\"http:\/\/search.twitter.com\/search?q=%23Party\" class=\"aktt_hashtag\">Party<\/a> #Uni #<a href=\"http:\/\/search.twitter.com\/search?q=%23Freiburg\" class=\"aktt_hashtag\">Freiburg<\/a>  <a href=\"http:\/\/twitvid.com\/45939\" rel=\"nofollow\">http:\/\/twitvid.com\/45939<\/a> <a href=\"http:\/\/twitter.com\/konstantin_frbg\/statuses\/9029243523\" class=\"aktt_tweet_time\">#<\/a><\/li>\n<li>so gut wie unterwegs zur u-Party zum Semesterabschlu\u00df im Crash. #<a href=\"http:\/\/search.twitter.com\/search?q=%23Party\" class=\"aktt_hashtag\">Party<\/a> #Uni #<a href=\"http:\/\/search.twitter.com\/search?q=%23Freiburg\" class=\"aktt_hashtag\">Freiburg<\/a>  <a href=\"http:\/\/twitpic.com\/12u0n4\" rel=\"nofollow\">http:\/\/twitpic.com\/12u0n4<\/a> <a href=\"http:\/\/twitter.com\/konstantin_frbg\/statuses\/9024696568\" class=\"aktt_tweet_time\">#<\/a><\/li>\n<li>.@sixtus RT @<a href=\"http:\/\/twitter.com\/udovetter\" class=\"aktt_username\">udovetter<\/a>: Ist jetzt nicht genau die Zeit, in der wir alle an Schweinegrippe verenden sollten? <a href=\"http:\/\/twitter.com\/sixtus\/statuses\/8976267840\" class=\"aktt_tweet_reply\">in reply to sixtus<\/a> <a href=\"http:\/\/twitter.com\/konstantin_frbg\/statuses\/8976386002\" class=\"aktt_tweet_time\">#<\/a><\/li>\n<li>da f\u00e4llt mir auf: meine winter-vorlesungszeit ist ja seit 4 Stunden vorbei. sowas aber auch. war eine denkw\u00fcrdige Woche. <a href=\"http:\/\/twitter.com\/konstantin_frbg\/statuses\/8973298612\" class=\"aktt_tweet_time\">#<\/a><\/li>\n<li>sitze im u-asta und warte auf den beginn der 19:30 Uhr Regelung. #<a href=\"http:\/\/search.twitter.com\/search?q=%23sparfuchs\" class=\"aktt_hashtag\">sparfuchs<\/a> #vag #<a href=\"http:\/\/search.twitter.com\/search?q=%23freiburg\" class=\"aktt_hashtag\">freiburg<\/a> <a href=\"http:\/\/twitter.com\/konstantin_frbg\/statuses\/8971475635\" class=\"aktt_tweet_time\">#<\/a><\/li>\n<li>Gundolf Fleischer tritt zur\u00fcck #<a href=\"http:\/\/search.twitter.com\/search?q=%23cdu\" class=\"aktt_hashtag\">cdu<\/a> #kies <a href=\"http:\/\/bit.ly\/cmCoWo\" rel=\"nofollow\">http:\/\/bit.ly\/cmCoWo<\/a> \/via @<a href=\"http:\/\/twitter.com\/badischezeitung\" class=\"aktt_username\">badischezeitung<\/a> <a href=\"http:\/\/twitter.com\/konstantin_frbg\/statuses\/8968895649\" class=\"aktt_tweet_time\">#<\/a><\/li>\n<li>aber heute ist doch gar nicht der 11.11. &#8230; habe da glaube ich irgendetwas grundlegendes nicht verstanden. <a href=\"http:\/\/twitter.com\/konstantin_frbg\/statuses\/8953939302\" class=\"aktt_tweet_time\">#<\/a><\/li>\n<li>Revolution im Nahverkehr: #<a href=\"http:\/\/search.twitter.com\/search?q=%23Google\" class=\"aktt_hashtag\">Google<\/a> errichtet erste Buzzhaltestelle. <a href=\"http:\/\/twitter.com\/konstantin_frbg\/statuses\/8905198033\" class=\"aktt_tweet_time\">#<\/a><\/li>\n<li>Harte Gangster-Kinder in der #<a href=\"http:\/\/search.twitter.com\/search?q=%23Mensa3\" class=\"aktt_hashtag\">Mensa3<\/a> in #<a href=\"http:\/\/search.twitter.com\/search?q=%23Freiburg\" class=\"aktt_hashtag\">Freiburg<\/a>  die dann die zweitmildeste Sorte Currywurst bestellen. Niedlich. <a href=\"http:\/\/twitter.com\/konstantin_frbg\/statuses\/8902510465\" class=\"aktt_tweet_time\">#<\/a><\/li>\n<li>Das Haus das Verr\u00fcckte macht. #<a href=\"http:\/\/search.twitter.com\/search?q=%23Uni\" class=\"aktt_hashtag\">Uni<\/a> #Freiburg #<a href=\"http:\/\/search.twitter.com\/search?q=%23Verwaltung\" class=\"aktt_hashtag\">Verwaltung<\/a> #fail #<a href=\"http:\/\/search.twitter.com\/search?q=%23argh\" class=\"aktt_hashtag\">argh<\/a> #Inkompetenz <a href=\"http:\/\/twitter.com\/konstantin_frbg\/statuses\/8898592972\" class=\"aktt_tweet_time\">#<\/a><\/li>\n<li>Warten auf Godot. Um nicht zu sagen Schwendemann. <a href=\"http:\/\/twitter.com\/konstantin_frbg\/statuses\/8894039774\" class=\"aktt_tweet_time\">#<\/a><\/li>\n<li>Das einzige, was beim radeln im Schnee nervt, ist der Schnee. Sonst geht&#39;s eigentlich. <a href=\"http:\/\/twitter.com\/konstantin_frbg\/statuses\/8878980369\" class=\"aktt_tweet_time\">#<\/a><\/li>\n<li>Beim #<a href=\"http:\/\/search.twitter.com\/search?q=%23Spieleabend\" class=\"aktt_hashtag\">Spieleabend<\/a> #Risiko in 5 Z\u00fcgen gewonnen :-) :-) :-)<br \/>\nJetzt durch den Schnee heimw\u00e4rts radeln, was schwieriger wird. <a href=\"http:\/\/twitter.com\/konstantin_frbg\/statuses\/8875498458\" class=\"aktt_tweet_time\">#<\/a><\/li>\n<li>Nichts gegen Naivit\u00e4t, aber die Frage nach dem Nutzen von #<a href=\"http:\/\/search.twitter.com\/search?q=%23Video\" class=\"aktt_hashtag\">Video<\/a> ?berwachung &#8230; naja. <a href=\"http:\/\/j.mp\/bOuFQV\" rel=\"nofollow\">http:\/\/j.mp\/bOuFQV<\/a> #<a href=\"http:\/\/search.twitter.com\/search?q=%23Freiburg\" class=\"aktt_hashtag\">Freiburg<\/a> <a href=\"http:\/\/twitter.com\/konstantin_frbg\/statuses\/8817638195\" class=\"aktt_tweet_time\">#<\/a><\/li>\n<li>Nichts gegen Stadtf\u00fchrungen per Fahrrad, aber eine kleine Einf\u00fchrung in den hiesigen Stra\u00dfenverkehr w\u00e4re nicht von Nachteil. #<a href=\"http:\/\/search.twitter.com\/search?q=%23Freiburg\" class=\"aktt_hashtag\">Freiburg<\/a> <a href=\"http:\/\/twitter.com\/konstantin_frbg\/statuses\/8817277251\" class=\"aktt_tweet_time\">#<\/a><\/li>\n<\/ul>\n","protected":false},"excerpt":{"rendered":"<p>laaangweilig # RT @annnalist: Der Begriff &quot;Extremismus&quot; ist dabei, in der deutschen \u00d6ffentlichkeit dem Begriff &quot;Terrorismus&quot; &#8230; http:\/\/bit.ly\/aa84nx # hmm ok, die zweite Band ist &#8230; anders. L\u00e4\u00dft&#39;s aber auch krachen. #Party #Uni #Freiburg #Crash # Also, die u-Party &#8230; k\u00f6nnte sich lohnen. &quot;Wahrheit &amp; Aspirin&quot; legen grad los. #Party #Uni #Freiburg http:\/\/twitvid.com\/45939 # so &#8230; <\/p>\n<p class=\"read-more-container\"><a title=\"Die vergangene Woche bei Twitter. (2010-02-15)\" class=\"read-more button\" href=\"https:\/\/www.konstantin-goerlich.de\/wordpress\/2010\/02\/15\/die-vergangene-woche-bei-twitter-2010-02-15\/#more-634\" aria-label=\"Mehr Informationen \u00fcber Die vergangene Woche bei Twitter. (2010-02-15)\">weiterlesen<\/a><\/p>\n","protected":false},"author":1,"featured_media":0,"comment_status":"open","ping_status":"open","sticky":false,"template":"","format":"standard","meta":{"footnotes":""},"categories":[1],"tags":[],"_links":{"self":[{"href":"https:\/\/www.konstantin-goerlich.de\/wordpress\/wp-json\/wp\/v2\/posts\/634"}],"collection":[{"href":"https:\/\/www.konstantin-goerlich.de\/wordpress\/wp-json\/wp\/v2\/posts"}],"about":[{"href":"https:\/\/www.konstantin-goerlich.de\/wordpress\/wp-json\/wp\/v2\/types\/post"}],"author":[{"embeddable":true,"href":"https:\/\/www.konstantin-goerlich.de\/wordpress\/wp-json\/wp\/v2\/users\/1"}],"replies":[{"embeddable":true,"href":"https:\/\/www.konstantin-goerlich.de\/wordpress\/wp-json\/wp\/v2\/comments?post=634"}],"version-history":[{"count":0,"href":"https:\/\/www.konstantin-goerlich.de\/wordpress\/wp-json\/wp\/v2\/posts\/634\/revisions"}],"wp:attachment":[{"href":"https:\/\/www.konstantin-goerlich.de\/wordpress\/wp-json\/wp\/v2\/media?parent=634"}],"wp:term":[{"taxonomy":"category","embeddable":true,"href":"https:\/\/www.konstantin-goerlich.de\/wordpress\/wp-json\/wp\/v2\/categories?post=634"},{"taxonomy":"post_tag","embeddable":true,"href":"https:\/\/www.konstantin-goerlich.de\/wordpress\/wp-json\/wp\/v2\/tags?post=634"}],"curies":[{"name":"wp","href":"https:\/\/api.w.org\/{rel}","templated":true}]}}