{"id":632,"date":"2010-02-01T08:00:00","date_gmt":"2010-02-01T07:00:00","guid":{"rendered":"http:\/\/www.konstantin-goerlich.de\/wordpress\/2010\/02\/01\/die-vergangene-woche-bei-twitter-2010-02-01\/"},"modified":"2010-02-01T08:00:00","modified_gmt":"2010-02-01T07:00:00","slug":"die-vergangene-woche-bei-twitter-2010-02-01","status":"publish","type":"post","link":"https:\/\/www.konstantin-goerlich.de\/wordpress\/2010\/02\/01\/die-vergangene-woche-bei-twitter-2010-02-01\/","title":{"rendered":"Die vergangene Woche bei Twitter. (2010-02-01)"},"content":{"rendered":"<ul class=\"aktt_tweet_digest\">\n<li>steffi t\u00fccking von #<a href=\"http:\/\/search.twitter.com\/search?q=%23swr3\" class=\"aktt_hashtag\">swr3<\/a> ist echt t\u00fcckisch: einmal swr3rock podcast geh\u00f6rt und schon ist die wunschliste bei itunes doppelt so lang. <a href=\"http:\/\/twitter.com\/konstantin_frbg\/statuses\/8455671183\" class=\"aktt_tweet_time\">#<\/a><\/li>\n<li>laut fudder.de brennt in der zasiusstr. in #<a href=\"http:\/\/search.twitter.com\/search?q=%23freiburg\" class=\"aktt_hashtag\">freiburg<\/a> #wiehre ein wohnhaus. keine verletzten. <a href=\"http:\/\/tr.im\/Mb3q\" rel=\"nofollow\">http:\/\/tr.im\/Mb3q<\/a> <a href=\"http:\/\/twitter.com\/konstantin_frbg\/statuses\/8425331159\" class=\"aktt_tweet_time\">#<\/a><\/li>\n<li>chatte gerade gleichzeitig mit japan und &#8230; freiburg-z\u00e4hringen <a href=\"http:\/\/twitter.com\/konstantin_frbg\/statuses\/8424379920\" class=\"aktt_tweet_time\">#<\/a><\/li>\n<li>Ich habe einen Ofen und ich werde ihn einsetzen!  <a href=\"http:\/\/twitpic.com\/10iqgy\" rel=\"nofollow\">http:\/\/twitpic.com\/10iqgy<\/a> <a href=\"http:\/\/twitter.com\/konstantin_frbg\/statuses\/8417320062\" class=\"aktt_tweet_time\">#<\/a><\/li>\n<li>.@<a href=\"http:\/\/twitter.com\/esmeraldaesk\" class=\"aktt_username\">esmeraldaesk<\/a> Schlafs\u00e4cke mitbringen? <a href=\"http:\/\/twitter.com\/esmeraldaesk\/statuses\/8370627884\" class=\"aktt_tweet_reply\">in reply to esmeraldaesk<\/a> <a href=\"http:\/\/twitter.com\/konstantin_frbg\/statuses\/8406793913\" class=\"aktt_tweet_time\">#<\/a><\/li>\n<li>Zum #<a href=\"http:\/\/search.twitter.com\/search?q=%23FollowFriday\" class=\"aktt_hashtag\">FollowFriday<\/a> empfiehlt <a href=\"http:\/\/AutoFF.com\" rel=\"nofollow\">http:\/\/AutoFF.com<\/a> @<a href=\"http:\/\/twitter.com\/dvaulont\" class=\"aktt_username\">dvaulont<\/a> @<a href=\"http:\/\/twitter.com\/mikes1985\" class=\"aktt_username\">mikes1985<\/a> @<a href=\"http:\/\/twitter.com\/_coolcat\" class=\"aktt_username\">_coolcat<\/a> @<a href=\"http:\/\/twitter.com\/jw_fr\" class=\"aktt_username\">jw_fr<\/a> @<a href=\"http:\/\/twitter.com\/_tillwe_\" class=\"aktt_username\">_tillwe_<\/a> @<a href=\"http:\/\/twitter.com\/misscaro\" class=\"aktt_username\">misscaro<\/a> und @brainvibes. recht so. #<a href=\"http:\/\/search.twitter.com\/search?q=%23ff\" class=\"aktt_hashtag\">ff<\/a> <a href=\"http:\/\/twitter.com\/konstantin_frbg\/statuses\/8363638462\" class=\"aktt_tweet_time\">#<\/a><\/li>\n<li>Taktete die VAG #<a href=\"http:\/\/search.twitter.com\/search?q=%23Freiburg\" class=\"aktt_hashtag\">Freiburg<\/a> ihre Fahrpl\u00e4ne mit meiner Nase, f\u00fchre erstere mir nicht, wie soeben, vor letzterer davon. #<a href=\"http:\/\/search.twitter.com\/search?q=%23Wunschdenken\" class=\"aktt_hashtag\">Wunschdenken<\/a> <a href=\"http:\/\/twitter.com\/konstantin_frbg\/statuses\/8334473291\" class=\"aktt_tweet_time\">#<\/a><\/li>\n<li>ist schon recht frisch drau\u00dfen: grad vom andern Ende der Stadt heim geradelt, mit halb festsitzender Bremse &#8230; #<a href=\"http:\/\/search.twitter.com\/search?q=%23training\" class=\"aktt_hashtag\">training<\/a> <a href=\"http:\/\/twitter.com\/konstantin_frbg\/statuses\/8253869247\" class=\"aktt_tweet_time\">#<\/a><\/li>\n<li>gleich gibts sauscharfes Zeug zum in Tortillas einwickeln ftw:  <a href=\"http:\/\/twitpic.com\/zvgfm\" rel=\"nofollow\">http:\/\/twitpic.com\/zvgfm<\/a> <a href=\"http:\/\/twitter.com\/konstantin_frbg\/statuses\/8243573167\" class=\"aktt_tweet_time\">#<\/a><\/li>\n<li>entfollowe jetzt @<a href=\"http:\/\/twitter.com\/freiburgbrennt\" class=\"aktt_username\">freiburgbrennt<\/a> wegen massenhaftem spam ohne freiburgbezug unter dem tag #<a href=\"http:\/\/search.twitter.com\/search?q=%23freiburgbrennt\" class=\"aktt_hashtag\">freiburgbrennt<\/a> <a href=\"http:\/\/twitter.com\/konstantin_frbg\/statuses\/8234437433\" class=\"aktt_tweet_time\">#<\/a><\/li>\n<li>soso, die Fachschaft Politik bekommt fast 20 Leute an ihren Stammtisch, aber zum KG4-Kaffee reichts nicht. #<a href=\"http:\/\/search.twitter.com\/search?q=%23uni\" class=\"aktt_hashtag\">uni<\/a> #freiburg #<a href=\"http:\/\/search.twitter.com\/search?q=%23fail\" class=\"aktt_hashtag\">fail<\/a> <a href=\"http:\/\/twitter.com\/konstantin_frbg\/statuses\/8206566031\" class=\"aktt_tweet_time\">#<\/a><\/li>\n<li>unterwegs zur Sitzung der Fachschaft Geschichte. #<a href=\"http:\/\/search.twitter.com\/search?q=%23uni\" class=\"aktt_hashtag\">uni<\/a> #freiburg <a href=\"http:\/\/twitter.com\/konstantin_frbg\/statuses\/8198560633\" class=\"aktt_tweet_time\">#<\/a><\/li>\n<li>habe soeben eine mail in meinem account bei #<a href=\"http:\/\/search.twitter.com\/search?q=%23gmx\" class=\"aktt_hashtag\">gmx<\/a> bekommen <a href=\"http:\/\/twitter.com\/konstantin_frbg\/statuses\/8197030960\" class=\"aktt_tweet_time\">#<\/a><\/li>\n<li>Die Fachschaft Politik macht schon wieder keinen Kaffeeverkauf im KG4. Am besten der akj \u00fcbernimmt den Montag. #<a href=\"http:\/\/search.twitter.com\/search?q=%23Uni\" class=\"aktt_hashtag\">Uni<\/a> #Freiburg #<a href=\"http:\/\/search.twitter.com\/search?q=%23fail\" class=\"aktt_hashtag\">fail<\/a> <a href=\"http:\/\/twitter.com\/konstantin_frbg\/statuses\/8190011803\" class=\"aktt_tweet_time\">#<\/a><\/li>\n<li>Nanu, da fehlen Tags, #<a href=\"http:\/\/search.twitter.com\/search?q=%23Freiburg\" class=\"aktt_hashtag\">Freiburg<\/a> z.B. RT ichselbst: &quot;Frisch gebloggt: Alle halbe Jahre wieder: R\u00fcckmeldung an der Uni! <a href=\"http:\/\/bit.ly\/5CBLv5\" rel=\"nofollow\">http:\/\/bit.ly\/5CBLv5<\/a> &quot; <a href=\"http:\/\/twitter.com\/konstantin_frbg\/statuses\/8185755931\" class=\"aktt_tweet_time\">#<\/a><\/li>\n<\/ul>\n","protected":false},"excerpt":{"rendered":"<p>steffi t\u00fccking von #swr3 ist echt t\u00fcckisch: einmal swr3rock podcast geh\u00f6rt und schon ist die wunschliste bei itunes doppelt so lang. # laut fudder.de brennt in der zasiusstr. in #freiburg #wiehre ein wohnhaus. keine verletzten. http:\/\/tr.im\/Mb3q # chatte gerade gleichzeitig mit japan und &#8230; freiburg-z\u00e4hringen # Ich habe einen Ofen und ich werde ihn einsetzen! &#8230; <\/p>\n<p class=\"read-more-container\"><a title=\"Die vergangene Woche bei Twitter. (2010-02-01)\" class=\"read-more button\" href=\"https:\/\/www.konstantin-goerlich.de\/wordpress\/2010\/02\/01\/die-vergangene-woche-bei-twitter-2010-02-01\/#more-632\" aria-label=\"Mehr Informationen \u00fcber Die vergangene Woche bei Twitter. (2010-02-01)\">weiterlesen<\/a><\/p>\n","protected":false},"author":1,"featured_media":0,"comment_status":"open","ping_status":"open","sticky":false,"template":"","format":"standard","meta":{"footnotes":""},"categories":[1],"tags":[],"_links":{"self":[{"href":"https:\/\/www.konstantin-goerlich.de\/wordpress\/wp-json\/wp\/v2\/posts\/632"}],"collection":[{"href":"https:\/\/www.konstantin-goerlich.de\/wordpress\/wp-json\/wp\/v2\/posts"}],"about":[{"href":"https:\/\/www.konstantin-goerlich.de\/wordpress\/wp-json\/wp\/v2\/types\/post"}],"author":[{"embeddable":true,"href":"https:\/\/www.konstantin-goerlich.de\/wordpress\/wp-json\/wp\/v2\/users\/1"}],"replies":[{"embeddable":true,"href":"https:\/\/www.konstantin-goerlich.de\/wordpress\/wp-json\/wp\/v2\/comments?post=632"}],"version-history":[{"count":0,"href":"https:\/\/www.konstantin-goerlich.de\/wordpress\/wp-json\/wp\/v2\/posts\/632\/revisions"}],"wp:attachment":[{"href":"https:\/\/www.konstantin-goerlich.de\/wordpress\/wp-json\/wp\/v2\/media?parent=632"}],"wp:term":[{"taxonomy":"category","embeddable":true,"href":"https:\/\/www.konstantin-goerlich.de\/wordpress\/wp-json\/wp\/v2\/categories?post=632"},{"taxonomy":"post_tag","embeddable":true,"href":"https:\/\/www.konstantin-goerlich.de\/wordpress\/wp-json\/wp\/v2\/tags?post=632"}],"curies":[{"name":"wp","href":"https:\/\/api.w.org\/{rel}","templated":true}]}}