{"id":631,"date":"2010-01-25T08:00:00","date_gmt":"2010-01-25T07:00:00","guid":{"rendered":"http:\/\/www.konstantin-goerlich.de\/wordpress\/2010\/01\/25\/die-vergangene-woche-bei-twitter-2010-01-25\/"},"modified":"2010-01-25T08:00:00","modified_gmt":"2010-01-25T07:00:00","slug":"die-vergangene-woche-bei-twitter-2010-01-25","status":"publish","type":"post","link":"https:\/\/www.konstantin-goerlich.de\/wordpress\/2010\/01\/25\/die-vergangene-woche-bei-twitter-2010-01-25\/","title":{"rendered":"Die vergangene Woche bei Twitter. (2010-01-25)"},"content":{"rendered":"<ul class=\"aktt_tweet_digest\">\n<li>RT @Brainvibes: [&#8230;] je mehr ich \u00fcber den B\u00fcrgermeisterkandidaten G\u00fcnter Rausch f\u00fcr #<a href=\"http:\/\/search.twitter.com\/search?q=%23Freiburg\" class=\"aktt_hashtag\">Freiburg<\/a> nachlese, desto sympathischer wird er mir. <a href=\"http:\/\/twitter.com\/konstantin_frbg\/statuses\/8147080350\" class=\"aktt_tweet_time\">#<\/a><\/li>\n<li>RT @freiburglive: echo-fm 88,4: Interview mit G\u00fcnter Rausch <a href=\"http:\/\/goo.gl\/fb\/x7dJ\" rel=\"nofollow\">http:\/\/goo.gl\/fb\/x7dJ<\/a> #<a href=\"http:\/\/search.twitter.com\/search?q=%23obfr2010\" class=\"aktt_hashtag\">obfr2010<\/a> #freiburg #<a href=\"http:\/\/search.twitter.com\/search?q=%23WiRFR\" class=\"aktt_hashtag\">WiRFR<\/a> <a href=\"http:\/\/twitter.com\/konstantin_frbg\/statuses\/8115479438\" class=\"aktt_tweet_time\">#<\/a><\/li>\n<li>Mehr #<a href=\"http:\/\/search.twitter.com\/search?q=%23fail\" class=\"aktt_hashtag\">fail<\/a> geht kaum: #<a href=\"http:\/\/search.twitter.com\/search?q=%23SPON\" class=\"aktt_hashtag\">SPON<\/a> warnt vor #<a href=\"http:\/\/search.twitter.com\/search?q=%23Bakterien\" class=\"aktt_hashtag\">Bakterien<\/a> in 2 Sorten #K\u00e4se bei #Lidl, nennt die Symptome &#8211; aber nicht die Sorten. <a href=\"http:\/\/j.mp\/5vHSu6\" rel=\"nofollow\">http:\/\/j.mp\/5vHSu6<\/a> <a href=\"http:\/\/twitter.com\/konstantin_frbg\/statuses\/8112806914\" class=\"aktt_tweet_time\">#<\/a><\/li>\n<li>.@<a href=\"http:\/\/twitter.com\/mikes1985\" class=\"aktt_username\">mikes1985<\/a> ob-wahl-freiburg.de wirkt so #WirFR-lastig, weil die anderen nicht so viel Programmpower haben, auch personell und so. #<a href=\"http:\/\/search.twitter.com\/search?q=%23obfr2010\" class=\"aktt_hashtag\">obfr2010<\/a> <a href=\"http:\/\/twitter.com\/mikes1985\/statuses\/8106316571\" class=\"aktt_tweet_reply\">in reply to mikes1985<\/a> <a href=\"http:\/\/twitter.com\/konstantin_frbg\/statuses\/8109134106\" class=\"aktt_tweet_time\">#<\/a><\/li>\n<li>Piraten setzen auf #<a href=\"http:\/\/search.twitter.com\/search?q=%23fossile\" class=\"aktt_hashtag\">fossile<\/a> Energietr\u00e4ger: RT @Brainvibes: K\u00f6nnte mal jemand noch ein paar Kohlen in den Kessel des #<a href=\"http:\/\/search.twitter.com\/search?q=%23Piraten\" class=\"aktt_hashtag\">Piraten<\/a> Wiki schaufeln? <a href=\"http:\/\/twitter.com\/konstantin_frbg\/statuses\/8109018196\" class=\"aktt_tweet_time\">#<\/a><\/li>\n<li>RT @WiR_Freiburg: Rund um die OB-Wahlen &#8211; Das Portal &#8211; <a href=\"http:\/\/www.ob-wahl-freiburg.de\/\" rel=\"nofollow\">http:\/\/www.ob-wahl-freiburg.de\/<\/a> &#8211; Tolle Sache! &#8211; #<a href=\"http:\/\/search.twitter.com\/search?q=%23obfr10\" class=\"aktt_hashtag\">obfr10<\/a> #wirfr #<a href=\"http:\/\/search.twitter.com\/search?q=%23freiburg\" class=\"aktt_hashtag\">freiburg<\/a> <a href=\"http:\/\/twitter.com\/konstantin_frbg\/statuses\/8086820800\" class=\"aktt_tweet_time\">#<\/a><\/li>\n<li>Warnung vor Reifgl\u00e4tte &quot;in der Zeit zwischen abends und vormittags&quot;. Also &#8230; nachts? #<a href=\"http:\/\/search.twitter.com\/search?q=%23uwz\" class=\"aktt_hashtag\">uwz<\/a> <a href=\"http:\/\/twitter.com\/konstantin_frbg\/statuses\/8073454113\" class=\"aktt_tweet_time\">#<\/a><\/li>\n<li>aber immerhin: @<a href=\"http:\/\/twitter.com\/JW_fr\" class=\"aktt_username\">JW_fr<\/a> und @<a href=\"http:\/\/twitter.com\/_tillwe_\" class=\"aktt_username\">_tillwe_<\/a> ist das mit #<a href=\"http:\/\/search.twitter.com\/search?q=%23OBFR09\" class=\"aktt_hashtag\">OBFR09<\/a> statt #<a href=\"http:\/\/search.twitter.com\/search?q=%23OBFR2010\" class=\"aktt_hashtag\">OBFR2010<\/a> auch nicht aufgefallen &#8230; <a href=\"http:\/\/twitter.com\/konstantin_frbg\/statuses\/8071467942\" class=\"aktt_tweet_time\">#<\/a><\/li>\n<li>da f\u00e4llt mir grad was auf: #<a href=\"http:\/\/search.twitter.com\/search?q=%23OBFR09\" class=\"aktt_hashtag\">OBFR09<\/a> ist als Hashtag f\u00fcr die Freiburger Oberb\u00fcrgermeisterwahl 2010 ungeeignet. #<a href=\"http:\/\/search.twitter.com\/search?q=%23OBFR2010\" class=\"aktt_hashtag\">OBFR2010<\/a> #fail <a href=\"http:\/\/twitter.com\/konstantin_frbg\/statuses\/8071229949\" class=\"aktt_tweet_time\">#<\/a><\/li>\n<li>vor 5 jahren mal auf 10 S. material im u-asta zusammengefasst, letztes jahr f\u00fcr ne HA weitergegeben, jetzt vortrag auf HA-basis. #<a href=\"http:\/\/search.twitter.com\/search?q=%23recycling\" class=\"aktt_hashtag\">recycling<\/a> <a href=\"http:\/\/twitter.com\/konstantin_frbg\/statuses\/8070602450\" class=\"aktt_tweet_time\">#<\/a><\/li>\n<li>Rausch im 1. Wahlgang mit absoluter Mehrheit gew\u00e4hlt. #<a href=\"http:\/\/search.twitter.com\/search?q=%23OBFR09\" class=\"aktt_hashtag\">OBFR09<\/a> #Freiburg #<a href=\"http:\/\/search.twitter.com\/search?q=%23WiRFR\" class=\"aktt_hashtag\">WiRFR<\/a> <a href=\"http:\/\/twitpic.com\/z3y3c\" rel=\"nofollow\">http:\/\/twitpic.com\/z3y3c<\/a> <a href=\"http:\/\/twitter.com\/konstantin_frbg\/statuses\/8041779548\" class=\"aktt_tweet_time\">#<\/a><\/li>\n<li>Ergebnis 1. Wahlgang: Werz: 7, Michaelis: 11, Dengler: 13, Rausch: 85. 118 Wahlberechtigte. #<a href=\"http:\/\/search.twitter.com\/search?q=%23OBFR09\" class=\"aktt_hashtag\">OBFR09<\/a> #Freiburg #<a href=\"http:\/\/search.twitter.com\/search?q=%23WiRFR\" class=\"aktt_hashtag\">WiRFR<\/a> <a href=\"http:\/\/twitter.com\/konstantin_frbg\/statuses\/8041777008\" class=\"aktt_tweet_time\">#<\/a><\/li>\n<li>Klarer Wahlverlierer mit nur 9%: Mein Akku. Ansonsten wird noch flei\u00dfig ausgez\u00e4hlt. #<a href=\"http:\/\/search.twitter.com\/search?q=%23OBFR09\" class=\"aktt_hashtag\">OBFR09<\/a> #Freiburg #<a href=\"http:\/\/search.twitter.com\/search?q=%23WiRFR\" class=\"aktt_hashtag\">WiRFR<\/a> <a href=\"http:\/\/twitter.com\/konstantin_frbg\/statuses\/8041378719\" class=\"aktt_tweet_time\">#<\/a><\/li>\n<li>Erste Entscheidung, mit gro\u00dfer Mehrheit: Es gibt eine Einzelkandidatur. #<a href=\"http:\/\/search.twitter.com\/search?q=%23OBFR09\" class=\"aktt_hashtag\">OBFR09<\/a> #Freiburg #<a href=\"http:\/\/search.twitter.com\/search?q=%23WiRFR\" class=\"aktt_hashtag\">WiRFR<\/a> <a href=\"http:\/\/twitter.com\/konstantin_frbg\/statuses\/8041312806\" class=\"aktt_tweet_time\">#<\/a><\/li>\n<li>Erster Wahlgang. #<a href=\"http:\/\/search.twitter.com\/search?q=%23OBFR09\" class=\"aktt_hashtag\">OBFR09<\/a> #Freiburg #<a href=\"http:\/\/search.twitter.com\/search?q=%23WiRFR\" class=\"aktt_hashtag\">WiRFR<\/a>  <a href=\"http:\/\/twitpic.com\/z3v1y\" rel=\"nofollow\">http:\/\/twitpic.com\/z3v1y<\/a> <a href=\"http:\/\/twitter.com\/konstantin_frbg\/statuses\/8041160651\" class=\"aktt_tweet_time\">#<\/a><\/li>\n<li>Jetzt wird wirklich gew\u00e4hlt :-) #<a href=\"http:\/\/search.twitter.com\/search?q=%23OBFR09\" class=\"aktt_hashtag\">OBFR09<\/a> #Freiburg #<a href=\"http:\/\/search.twitter.com\/search?q=%23WiRFR\" class=\"aktt_hashtag\">WiRFR<\/a>  <a href=\"http:\/\/twitpic.com\/z3um7\" rel=\"nofollow\">http:\/\/twitpic.com\/z3um7<\/a> <a href=\"http:\/\/twitter.com\/konstantin_frbg\/statuses\/8041078411\" class=\"aktt_tweet_time\">#<\/a><\/li>\n<li>v.l.n.r.: Dengler, Michaelis, Rausch. Gleich beginnt die Fragerunde. #<a href=\"http:\/\/search.twitter.com\/search?q=%23OBFR09\" class=\"aktt_hashtag\">OBFR09<\/a> #Freiburg #<a href=\"http:\/\/search.twitter.com\/search?q=%23WiRFR\" class=\"aktt_hashtag\">WiRFR<\/a>  <a href=\"http:\/\/twitpic.com\/z3ufk\" rel=\"nofollow\">http:\/\/twitpic.com\/z3ufk<\/a> <a href=\"http:\/\/twitter.com\/konstantin_frbg\/statuses\/8041040851\" class=\"aktt_tweet_time\">#<\/a><\/li>\n<li>Ganz schlechter Stil: Scherbart nutzt seine Vorstellungszeit voll aus, um am Ende zur\u00fcckzuziehen &amp; Rausch zu unterst\u00fctzen #<a href=\"http:\/\/search.twitter.com\/search?q=%23OBFR09\" class=\"aktt_hashtag\">OBFR09<\/a> #Freiburg <a href=\"http:\/\/twitter.com\/konstantin_frbg\/statuses\/8039496178\" class=\"aktt_tweet_time\">#<\/a><\/li>\n<li>energie- und applaustechnisch bis jetzt am mitrei\u00dfendsten: G\u00fcnter Rausch. #<a href=\"http:\/\/search.twitter.com\/search?q=%23OBFR09\" class=\"aktt_hashtag\">OBFR09<\/a> #Freiburg <a href=\"http:\/\/twitter.com\/konstantin_frbg\/statuses\/8039292678\" class=\"aktt_tweet_time\">#<\/a><\/li>\n<li>Es kandidieren: Jens Werz, Annette Michaelis*, J\u00f6rg Dengler*, G\u00fcnter Rausch, Joachim Scherbart (*zugleich als Gender-Paar) #<a href=\"http:\/\/search.twitter.com\/search?q=%23OBFR09\" class=\"aktt_hashtag\">OBFR09<\/a> #Freiburg <a href=\"http:\/\/twitter.com\/konstantin_frbg\/statuses\/8038829800\" class=\"aktt_tweet_time\">#<\/a><\/li>\n<li>Alternative: EinzelkandidatIn oder sog. Gender-Paar (ein m, eine w, formal getrennte Kandidaturen) Spannende Idee. #<a href=\"http:\/\/search.twitter.com\/search?q=%23OBFR09\" class=\"aktt_hashtag\">OBFR09<\/a> #Freiburg <a href=\"http:\/\/twitter.com\/konstantin_frbg\/statuses\/8038750339\" class=\"aktt_tweet_time\">#<\/a><\/li>\n<li>Moos: &quot;Salomon hat die Stadt dem Privatsektor ungeheuer weit ge\u00f6ffnet. Wir brauchen Rekommunalisierung &amp; Druck von unten!&quot; #<a href=\"http:\/\/search.twitter.com\/search?q=%23OBFR09\" class=\"aktt_hashtag\">OBFR09<\/a> #Freiburg <a href=\"http:\/\/twitter.com\/konstantin_frbg\/statuses\/8038056764\" class=\"aktt_tweet_time\">#<\/a><\/li>\n<li>Jetzt spricht Michael Moos (UL). Generalabrechnung mit OB Salomon mit Fokus auf Stadtbauverk. #<a href=\"http:\/\/search.twitter.com\/search?q=%23OBFR09\" class=\"aktt_hashtag\">OBFR09<\/a> #Freiburg  <a href=\"http:\/\/twitpic.com\/z3ex3\" rel=\"nofollow\">http:\/\/twitpic.com\/z3ex3<\/a> <a href=\"http:\/\/twitter.com\/konstantin_frbg\/statuses\/8037907736\" class=\"aktt_tweet_time\">#<\/a><\/li>\n<li>Es geht los: Tina Gr\u00f6bmayr von WiR begr\u00fc\u00dft die gef\u00fchlt 120 TeilnehmerInnen. #<a href=\"http:\/\/search.twitter.com\/search?q=%23OBFR09\" class=\"aktt_hashtag\">OBFR09<\/a> #Freiburg  <a href=\"http:\/\/twitpic.com\/z3dyy\" rel=\"nofollow\">http:\/\/twitpic.com\/z3dyy<\/a> <a href=\"http:\/\/twitter.com\/konstantin_frbg\/statuses\/8037717964\" class=\"aktt_tweet_time\">#<\/a><\/li>\n<li>19:30 war eigentlich Beginn, aber noch wird organisiert und konzertet. #<a href=\"http:\/\/search.twitter.com\/search?q=%23OBFR09\" class=\"aktt_hashtag\">OBFR09<\/a> #Freiburg Der Fahrplan:  <a href=\"http:\/\/twitpic.com\/z3ber\" rel=\"nofollow\">http:\/\/twitpic.com\/z3ber<\/a> <a href=\"http:\/\/twitter.com\/konstantin_frbg\/statuses\/8037184889\" class=\"aktt_tweet_time\">#<\/a><\/li>\n<li>Bin bei der Wahlversammlung von  WiR (Wechsel im Rathaus). Heute entscheidet sich, wer als 3. Kandidat ins OB-Rennen geht. #<a href=\"http:\/\/search.twitter.com\/search?q=%23Freiburg\" class=\"aktt_hashtag\">Freiburg<\/a> #OBFR09 <a href=\"http:\/\/twitter.com\/konstantin_frbg\/statuses\/8037059775\" class=\"aktt_tweet_time\">#<\/a><\/li>\n<li>Guter Artikel zur Frage ob und wenn ja, wie Apple die Zeitungen revolutionieren kann <a href=\"http:\/\/tinyurl.com\/yew3y29\" rel=\"nofollow\">http:\/\/tinyurl.com\/yew3y29<\/a>  #<a href=\"http:\/\/search.twitter.com\/search?q=%23MacTV\" class=\"aktt_hashtag\">MacTV<\/a> \/via @<a href=\"http:\/\/twitter.com\/DVaulont\" class=\"aktt_username\">DVaulont<\/a> <a href=\"http:\/\/twitter.com\/konstantin_frbg\/statuses\/8021422804\" class=\"aktt_tweet_time\">#<\/a><\/li>\n<li>Coole Seminarsitzung diese Woche, mit kontroverser Diskussion \u00fcber paid content und aussterbende Redaktionen. <a href=\"http:\/\/twitter.com\/konstantin_frbg\/statuses\/7995671797\" class=\"aktt_tweet_time\">#<\/a><\/li>\n<li>RT @diktator: F\u00fcnf Tweets hat @<a href=\"http:\/\/twitter.com\/billgates\" class=\"aktt_username\">billgates<\/a> bis jetzt. Zwei sind Retweets.<br \/>\nHm. 40% von anderen kopieren und damit Unmengen Follower erreichen. <a href=\"http:\/\/twitter.com\/konstantin_frbg\/statuses\/7983830865\" class=\"aktt_tweet_time\">#<\/a><\/li>\n<li>Neulich in der Sedanstra\u00dfe (oder war&#39;s doch die Friedensstra\u00dfe?) in #Freiburg:  <a href=\"http:\/\/twitpic.com\/yto66\" rel=\"nofollow\">http:\/\/twitpic.com\/yto66<\/a> <a href=\"http:\/\/twitter.com\/konstantin_frbg\/statuses\/7955991029\" class=\"aktt_tweet_time\">#<\/a><\/li>\n<li>Die bislang massivste Offensive der Nebelschwaben in #Freiburg, und es wird min\u00fctlich grauer. #<a href=\"http:\/\/search.twitter.com\/search?q=%23Nebel\" class=\"aktt_hashtag\">Nebel<\/a> <a href=\"http:\/\/twitter.com\/konstantin_frbg\/statuses\/7950215105\" class=\"aktt_tweet_time\">#<\/a><\/li>\n<li>sogar im winter gibt&#39;s #<a href=\"http:\/\/search.twitter.com\/search?q=%23SPAM\" class=\"aktt_hashtag\">SPAM<\/a> am Fahrrad: #<a href=\"http:\/\/search.twitter.com\/search?q=%23fahrradstadt\" class=\"aktt_hashtag\">fahrradstadt<\/a> #freiburg <a href=\"http:\/\/twitpic.com\/ysh9k\" rel=\"nofollow\">http:\/\/twitpic.com\/ysh9k<\/a> <a href=\"http:\/\/twitter.com\/konstantin_frbg\/statuses\/7945099975\" class=\"aktt_tweet_time\">#<\/a><\/li>\n<li>Der KG4-Kaffee lohnt sich heute doppelt: Die Fachschaft Geschichte spendet den Erl\u00f6s f\u00fcr #Haiti. #<a href=\"http:\/\/search.twitter.com\/search?q=%23Uni\" class=\"aktt_hashtag\">Uni<\/a> #Freiburg #<a href=\"http:\/\/search.twitter.com\/search?q=%23Erdbeben\" class=\"aktt_hashtag\">Erdbeben<\/a> <a href=\"http:\/\/twitter.com\/konstantin_frbg\/statuses\/7943213886\" class=\"aktt_tweet_time\">#<\/a><\/li>\n<li>Hab grad hervorragende und intensive Kaufberatung (#Fahrradhelm) bei Radsport S\u00fctterlin in #<a href=\"http:\/\/search.twitter.com\/search?q=%23Merzhausen\" class=\"aktt_hashtag\">Merzhausen<\/a> bekommen :-) #<a href=\"http:\/\/search.twitter.com\/search?q=%23Fahrradstadt\" class=\"aktt_hashtag\">Fahrradstadt<\/a> #Freiburg <a href=\"http:\/\/twitter.com\/konstantin_frbg\/statuses\/7908749041\" class=\"aktt_tweet_time\">#<\/a><\/li>\n<li>irgendwie m\u00fcde heut <a href=\"http:\/\/twitter.com\/konstantin_frbg\/statuses\/7898849018\" class=\"aktt_tweet_time\">#<\/a><\/li>\n<li>RT @udovetter: Wartet nur, bis die #<a href=\"http:\/\/search.twitter.com\/search?q=%23FDP\" class=\"aktt_hashtag\">FDP<\/a> verr\u00e4t, was sie den Anw\u00e4lten vor der Wahl versprochen hat. <a href=\"http:\/\/twitter.com\/konstantin_frbg\/statuses\/7898290660\" class=\"aktt_tweet_time\">#<\/a><\/li>\n<\/ul>\n","protected":false},"excerpt":{"rendered":"<p>RT @Brainvibes: [&#8230;] je mehr ich \u00fcber den B\u00fcrgermeisterkandidaten G\u00fcnter Rausch f\u00fcr #Freiburg nachlese, desto sympathischer wird er mir. # RT @freiburglive: echo-fm 88,4: Interview mit G\u00fcnter Rausch http:\/\/goo.gl\/fb\/x7dJ #obfr2010 #freiburg #WiRFR # Mehr #fail geht kaum: #SPON warnt vor #Bakterien in 2 Sorten #K\u00e4se bei #Lidl, nennt die Symptome &#8211; aber nicht die Sorten. &#8230; <\/p>\n<p class=\"read-more-container\"><a title=\"Die vergangene Woche bei Twitter. (2010-01-25)\" class=\"read-more button\" href=\"https:\/\/www.konstantin-goerlich.de\/wordpress\/2010\/01\/25\/die-vergangene-woche-bei-twitter-2010-01-25\/#more-631\" aria-label=\"Mehr Informationen \u00fcber Die vergangene Woche bei Twitter. (2010-01-25)\">weiterlesen<\/a><\/p>\n","protected":false},"author":1,"featured_media":0,"comment_status":"open","ping_status":"open","sticky":false,"template":"","format":"standard","meta":{"footnotes":""},"categories":[1],"tags":[],"_links":{"self":[{"href":"https:\/\/www.konstantin-goerlich.de\/wordpress\/wp-json\/wp\/v2\/posts\/631"}],"collection":[{"href":"https:\/\/www.konstantin-goerlich.de\/wordpress\/wp-json\/wp\/v2\/posts"}],"about":[{"href":"https:\/\/www.konstantin-goerlich.de\/wordpress\/wp-json\/wp\/v2\/types\/post"}],"author":[{"embeddable":true,"href":"https:\/\/www.konstantin-goerlich.de\/wordpress\/wp-json\/wp\/v2\/users\/1"}],"replies":[{"embeddable":true,"href":"https:\/\/www.konstantin-goerlich.de\/wordpress\/wp-json\/wp\/v2\/comments?post=631"}],"version-history":[{"count":0,"href":"https:\/\/www.konstantin-goerlich.de\/wordpress\/wp-json\/wp\/v2\/posts\/631\/revisions"}],"wp:attachment":[{"href":"https:\/\/www.konstantin-goerlich.de\/wordpress\/wp-json\/wp\/v2\/media?parent=631"}],"wp:term":[{"taxonomy":"category","embeddable":true,"href":"https:\/\/www.konstantin-goerlich.de\/wordpress\/wp-json\/wp\/v2\/categories?post=631"},{"taxonomy":"post_tag","embeddable":true,"href":"https:\/\/www.konstantin-goerlich.de\/wordpress\/wp-json\/wp\/v2\/tags?post=631"}],"curies":[{"name":"wp","href":"https:\/\/api.w.org\/{rel}","templated":true}]}}