{"id":624,"date":"2010-01-22T11:37:37","date_gmt":"2010-01-22T10:37:37","guid":{"rendered":"http:\/\/www.konstantin-goerlich.de\/wordpress\/?p=624"},"modified":"2010-01-22T11:37:37","modified_gmt":"2010-01-22T10:37:37","slug":"wechsel-im-rathaus-mit-rausch","status":"publish","type":"post","link":"https:\/\/www.konstantin-goerlich.de\/wordpress\/2010\/01\/22\/wechsel-im-rathaus-mit-rausch\/","title":{"rendered":"Wechsel im Rathaus: B\u00fcrgerb\u00fcndnis stellt eigenen Kandidaten auf."},"content":{"rendered":"<p>Neben dem von der CDU unterst\u00fctzten Amtsinhaber Dieter Salomon (B\u00fcndnis90\/Gr\u00fcne) und dem derzeitigen Kulturb\u00fcrgermeister Ulrich von Kirchbach (SPD) haben die B\u00fcrgerinnen und B\u00fcrger Freiburgs nach WiR-Lesart seit gestern Abend einen eigenen Kandidaten: Das B\u00fcrgerb\u00fcndnis Wechsel im Rathaus (WiR) w\u00e4hlte mit klarem Ergebnis G\u00fcnter Rausch zu ihrem Kandidaten f\u00fcr die Wahl der Freiburger Oberb\u00fcrgermeisters im April dieses Jahres.<\/p>\n<p>&#8222;Wir k\u00f6nnen es echt schaffen!&#8220; kommentiert Tina Gr\u00f6bmayr von WiR das Ergebnis, in welchem die Begeisterung gipfelte, die Rausch von Beginn der Vorstellungsrunde an ausl\u00f6ste. Zuvor war die Idee verworfen worden, mit einer als Genderpaar bezeichneten Doppelspitze ins Rennen zu gehen.<\/p>\n<p><object classid=\"clsid:d27cdb6e-ae6d-11cf-96b8-444553540000\" width=\"480\" height=\"385\" codebase=\"http:\/\/download.macromedia.com\/pub\/shockwave\/cabs\/flash\/swflash.cab#version=6,0,40,0\"><param name=\"allowFullScreen\" value=\"true\" \/><param name=\"allowscriptaccess\" value=\"always\" \/><param name=\"src\" value=\"http:\/\/www.youtube.com\/v\/jB5IR8_LGDU&amp;hl=de_DE&amp;fs=1&amp;rel=0&amp;color1=0x3a3a3a&amp;color2=0x999999\" \/><param name=\"allowfullscreen\" value=\"true\" \/><embed type=\"application\/x-shockwave-flash\" width=\"480\" height=\"385\" src=\"http:\/\/www.youtube.com\/v\/jB5IR8_LGDU&amp;hl=de_DE&amp;fs=1&amp;rel=0&amp;color1=0x3a3a3a&amp;color2=0x999999\" allowscriptaccess=\"always\" allowfullscreen=\"true\"><\/embed><\/object><\/p>\n<p>Rausch kann begeistern, keine Frage, das hat er gestern bewiesen. Als gelernter Verwaltungsfachmann, Sozialarbeiter und Professor f\u00fcr Sozialmanagement bringt er so manche Basisqualifikation f\u00fcr das Amt mit. Von Wyhl bis Wohnungsverkauf hat er sich stets f\u00fcr Freiburg und die FreiburgerInnen eingesetzt. Ob aber B\u00fcrgerbeteiligung allein gegen die kommenden Haushaltsl\u00f6cher hilft, wie es gestern den Anschein hatte, oder ob es Rausch gemeinsam mit WiR gelingt, auch programmatisch zu begeistern, mu\u00df sich erst noch zeigen.<\/p>\n","protected":false},"excerpt":{"rendered":"<p>Neben dem von der CDU unterst\u00fctzten Amtsinhaber Dieter Salomon (B\u00fcndnis90\/Gr\u00fcne) und dem derzeitigen Kulturb\u00fcrgermeister Ulrich von Kirchbach (SPD) haben die B\u00fcrgerinnen und B\u00fcrger Freiburgs nach WiR-Lesart seit gestern Abend einen eigenen Kandidaten: Das B\u00fcrgerb\u00fcndnis Wechsel im Rathaus (WiR) w\u00e4hlte mit klarem Ergebnis G\u00fcnter Rausch zu ihrem Kandidaten f\u00fcr die Wahl der Freiburger Oberb\u00fcrgermeisters im April &#8230; <\/p>\n<p class=\"read-more-container\"><a title=\"Wechsel im Rathaus: B\u00fcrgerb\u00fcndnis stellt eigenen Kandidaten auf.\" class=\"read-more button\" href=\"https:\/\/www.konstantin-goerlich.de\/wordpress\/2010\/01\/22\/wechsel-im-rathaus-mit-rausch\/#more-624\" aria-label=\"Mehr Informationen \u00fcber Wechsel im Rathaus: B\u00fcrgerb\u00fcndnis stellt eigenen Kandidaten auf.\">weiterlesen<\/a><\/p>\n","protected":false},"author":1,"featured_media":0,"comment_status":"open","ping_status":"open","sticky":false,"template":"","format":"standard","meta":{"footnotes":""},"categories":[1],"tags":[],"_links":{"self":[{"href":"https:\/\/www.konstantin-goerlich.de\/wordpress\/wp-json\/wp\/v2\/posts\/624"}],"collection":[{"href":"https:\/\/www.konstantin-goerlich.de\/wordpress\/wp-json\/wp\/v2\/posts"}],"about":[{"href":"https:\/\/www.konstantin-goerlich.de\/wordpress\/wp-json\/wp\/v2\/types\/post"}],"author":[{"embeddable":true,"href":"https:\/\/www.konstantin-goerlich.de\/wordpress\/wp-json\/wp\/v2\/users\/1"}],"replies":[{"embeddable":true,"href":"https:\/\/www.konstantin-goerlich.de\/wordpress\/wp-json\/wp\/v2\/comments?post=624"}],"version-history":[{"count":4,"href":"https:\/\/www.konstantin-goerlich.de\/wordpress\/wp-json\/wp\/v2\/posts\/624\/revisions"}],"predecessor-version":[{"id":699,"href":"https:\/\/www.konstantin-goerlich.de\/wordpress\/wp-json\/wp\/v2\/posts\/624\/revisions\/699"}],"wp:attachment":[{"href":"https:\/\/www.konstantin-goerlich.de\/wordpress\/wp-json\/wp\/v2\/media?parent=624"}],"wp:term":[{"taxonomy":"category","embeddable":true,"href":"https:\/\/www.konstantin-goerlich.de\/wordpress\/wp-json\/wp\/v2\/categories?post=624"},{"taxonomy":"post_tag","embeddable":true,"href":"https:\/\/www.konstantin-goerlich.de\/wordpress\/wp-json\/wp\/v2\/tags?post=624"}],"curies":[{"name":"wp","href":"https:\/\/api.w.org\/{rel}","templated":true}]}}