{"id":622,"date":"2010-01-11T08:00:00","date_gmt":"2010-01-11T07:00:00","guid":{"rendered":"http:\/\/www.konstantin-goerlich.de\/wordpress\/2010\/01\/11\/die-vergangene-woche-bei-twitter-2010-01-11\/"},"modified":"2010-01-11T08:00:00","modified_gmt":"2010-01-11T07:00:00","slug":"die-vergangene-woche-bei-twitter-2010-01-11","status":"publish","type":"post","link":"https:\/\/www.konstantin-goerlich.de\/wordpress\/2010\/01\/11\/die-vergangene-woche-bei-twitter-2010-01-11\/","title":{"rendered":"Die vergangene Woche bei Twitter. (2010-01-11)"},"content":{"rendered":"<ul class=\"aktt_tweet_digest\">\n<li>Anl\u00e4\u00dflich des day after tomorrow auf #<a href=\"http:\/\/search.twitter.com\/search?q=%23RTL\" class=\"aktt_hashtag\">RTL<\/a>: RT @andreasdotorg: Es ist so weit: Der Golfstrom ist abgebogen. <a href=\"http:\/\/bit.ly\/7iEYBp\" rel=\"nofollow\">http:\/\/bit.ly\/7iEYBp<\/a> <a href=\"http:\/\/twitter.com\/konstantin_frbg\/statuses\/7601529319\" class=\"aktt_tweet_time\">#<\/a><\/li>\n<li>Digitale Linke: Launcht die FAZ eine neue Kampage f\u00fcr Internetsperren? <a href=\"http:\/\/bit.ly\/4CPUYQ\" rel=\"nofollow\">http:\/\/bit.ly\/4CPUYQ<\/a> \/via @<a href=\"http:\/\/twitter.com\/annnalist\" class=\"aktt_username\">annnalist<\/a> (oder geht&#39;s ums UrheberR?) <a href=\"http:\/\/twitter.com\/konstantin_frbg\/statuses\/7588916066\" class=\"aktt_tweet_time\">#<\/a><\/li>\n<li>RT @madyar: drug dealers were hanged this morning in Esfahan #<a href=\"http:\/\/search.twitter.com\/search?q=%23Iranelection\" class=\"aktt_hashtag\">Iranelection<\/a> #<a href=\"http:\/\/search.twitter.com\/search?q=%23Humanrights\" class=\"aktt_hashtag\">Humanrights<\/a> #<a href=\"http:\/\/search.twitter.com\/search?q=%23Partnerstadt\" class=\"aktt_hashtag\">Partnerstadt<\/a> #<a href=\"http:\/\/search.twitter.com\/search?q=%23Freiburg\" class=\"aktt_hashtag\">Freiburg<\/a> <a href=\"http:\/\/twitter.com\/konstantin_frbg\/statuses\/7564760763\" class=\"aktt_tweet_time\">#<\/a><\/li>\n<li>Ein weiteres K\u00fcchenregal in die Ecke gezimmert. Au\u00dferdem kann man jetzt endlich eine Jacke im Flur aufh\u00e4ngen :-) #<a href=\"http:\/\/search.twitter.com\/search?q=%23Heimwerkerking\" class=\"aktt_hashtag\">Heimwerkerking<\/a> <a href=\"http:\/\/twitter.com\/konstantin_frbg\/statuses\/7558309739\" class=\"aktt_tweet_time\">#<\/a><\/li>\n<li>ich glaub es geht los. #<a href=\"http:\/\/search.twitter.com\/search?q=%23schnee\" class=\"aktt_hashtag\">schnee<\/a> #<a href=\"http:\/\/search.twitter.com\/search?q=%23freiburg\" class=\"aktt_hashtag\">freiburg<\/a> <a href=\"http:\/\/twitter.com\/konstantin_frbg\/statuses\/7511933612\" class=\"aktt_tweet_time\">#<\/a><\/li>\n<li>Ich habe eine iTunes-Karte und ich werde sie einsetzen. :-) Gewonnen \u00fcbrigens im Dezember bei @<a href=\"http:\/\/twitter.com\/alextv\" class=\"aktt_username\">alextv<\/a> <a href=\"http:\/\/twitpic.com\/x19mj\" rel=\"nofollow\">http:\/\/twitpic.com\/x19mj<\/a> <a href=\"http:\/\/twitter.com\/konstantin_frbg\/statuses\/7474579079\" class=\"aktt_tweet_time\">#<\/a><\/li>\n<li>Autofahrer sucht nach #<a href=\"http:\/\/search.twitter.com\/search?q=%23Unfall\" class=\"aktt_hashtag\">Unfall<\/a> im #<a href=\"http:\/\/search.twitter.com\/search?q=%23Schwarzwald\" class=\"aktt_hashtag\">Schwarzwald<\/a> den Bauernhof, wo sein Auto steht. <a href=\"http:\/\/tr.im\/JCi6\" rel=\"nofollow\">http:\/\/tr.im\/JCi6<\/a> #<a href=\"http:\/\/search.twitter.com\/search?q=%23Freiburg\" class=\"aktt_hashtag\">Freiburg<\/a> #<a href=\"http:\/\/search.twitter.com\/search?q=%23Hinterzarten\" class=\"aktt_hashtag\">Hinterzarten<\/a> #<a href=\"http:\/\/search.twitter.com\/search?q=%23B500\" class=\"aktt_hashtag\">B500<\/a> #<a href=\"http:\/\/search.twitter.com\/search?q=%23epicfail\" class=\"aktt_hashtag\">epicfail<\/a> <a href=\"http:\/\/twitter.com\/konstantin_frbg\/statuses\/7449708189\" class=\"aktt_tweet_time\">#<\/a><\/li>\n<li>RT @<a href=\"http:\/\/twitter.com\/Ichhebgleichab\" class=\"aktt_username\">Ichhebgleichab<\/a> HELP PLEASE!! meine Handtasche ist noch im ICE 279 nach Basel!!! HELP PLEASE!! <a href=\"http:\/\/twitter.com\/konstantin_frbg\/statuses\/7449631783\" class=\"aktt_tweet_time\">#<\/a><\/li>\n<li>Warum die #<a href=\"http:\/\/search.twitter.com\/search?q=%23FDP\" class=\"aktt_hashtag\">FDP<\/a> keine B\u00fcrgerrechtspartei (mehr?) ist steht hier: <a href=\"http:\/\/j.mp\/7h8EGz\" rel=\"nofollow\">http:\/\/j.mp\/7h8EGz<\/a> <a href=\"http:\/\/twitter.com\/konstantin_frbg\/statuses\/7441371667\" class=\"aktt_tweet_time\">#<\/a><\/li>\n<li>seit einer halben Stunde zur\u00fcck in #<a href=\"http:\/\/search.twitter.com\/search?q=%23Freiburg\" class=\"aktt_hashtag\">Freiburg<\/a>. <a href=\"http:\/\/twitter.com\/konstantin_frbg\/statuses\/7410231334\" class=\"aktt_tweet_time\">#<\/a><\/li>\n<li>Gleich geht&#39;s los: wieder zur\u00fcck nach #<a href=\"http:\/\/search.twitter.com\/search?q=%23Freiburg\" class=\"aktt_hashtag\">Freiburg<\/a> :-) <a href=\"http:\/\/twitter.com\/konstantin_frbg\/statuses\/7400823501\" class=\"aktt_tweet_time\">#<\/a><\/li>\n<\/ul>\n","protected":false},"excerpt":{"rendered":"<p>Anl\u00e4\u00dflich des day after tomorrow auf #RTL: RT @andreasdotorg: Es ist so weit: Der Golfstrom ist abgebogen. http:\/\/bit.ly\/7iEYBp # Digitale Linke: Launcht die FAZ eine neue Kampage f\u00fcr Internetsperren? http:\/\/bit.ly\/4CPUYQ \/via @annnalist (oder geht&#39;s ums UrheberR?) # RT @madyar: drug dealers were hanged this morning in Esfahan #Iranelection #Humanrights #Partnerstadt #Freiburg # Ein weiteres K\u00fcchenregal &#8230; <\/p>\n<p class=\"read-more-container\"><a title=\"Die vergangene Woche bei Twitter. (2010-01-11)\" class=\"read-more button\" href=\"https:\/\/www.konstantin-goerlich.de\/wordpress\/2010\/01\/11\/die-vergangene-woche-bei-twitter-2010-01-11\/#more-622\" aria-label=\"Mehr Informationen \u00fcber Die vergangene Woche bei Twitter. (2010-01-11)\">weiterlesen<\/a><\/p>\n","protected":false},"author":1,"featured_media":0,"comment_status":"open","ping_status":"open","sticky":false,"template":"","format":"standard","meta":{"footnotes":""},"categories":[1],"tags":[],"_links":{"self":[{"href":"https:\/\/www.konstantin-goerlich.de\/wordpress\/wp-json\/wp\/v2\/posts\/622"}],"collection":[{"href":"https:\/\/www.konstantin-goerlich.de\/wordpress\/wp-json\/wp\/v2\/posts"}],"about":[{"href":"https:\/\/www.konstantin-goerlich.de\/wordpress\/wp-json\/wp\/v2\/types\/post"}],"author":[{"embeddable":true,"href":"https:\/\/www.konstantin-goerlich.de\/wordpress\/wp-json\/wp\/v2\/users\/1"}],"replies":[{"embeddable":true,"href":"https:\/\/www.konstantin-goerlich.de\/wordpress\/wp-json\/wp\/v2\/comments?post=622"}],"version-history":[{"count":0,"href":"https:\/\/www.konstantin-goerlich.de\/wordpress\/wp-json\/wp\/v2\/posts\/622\/revisions"}],"wp:attachment":[{"href":"https:\/\/www.konstantin-goerlich.de\/wordpress\/wp-json\/wp\/v2\/media?parent=622"}],"wp:term":[{"taxonomy":"category","embeddable":true,"href":"https:\/\/www.konstantin-goerlich.de\/wordpress\/wp-json\/wp\/v2\/categories?post=622"},{"taxonomy":"post_tag","embeddable":true,"href":"https:\/\/www.konstantin-goerlich.de\/wordpress\/wp-json\/wp\/v2\/tags?post=622"}],"curies":[{"name":"wp","href":"https:\/\/api.w.org\/{rel}","templated":true}]}}