{"id":598,"date":"2009-12-21T19:16:05","date_gmt":"2009-12-21T18:16:05","guid":{"rendered":"http:\/\/www.konstantin-goerlich.de\/wordpress\/?p=598"},"modified":"2009-12-21T19:16:05","modified_gmt":"2009-12-21T18:16:05","slug":"sich-auch-mal-dem-willen-der-masse-beugen","status":"publish","type":"post","link":"https:\/\/www.konstantin-goerlich.de\/wordpress\/2009\/12\/21\/sich-auch-mal-dem-willen-der-masse-beugen\/","title":{"rendered":"&#8222;&#8230; sich auch mal dem Willen der Masse beugen &#8230;&#8220;"},"content":{"rendered":"<p><strong>Das Audimax in Freiburg ist nicht mehr besetzt, es wurden viele viele Seiten Text ausgetauscht (Forderungen der BesetzerInnen, Antworten vom Rektorat), kilometerweise Stoff f\u00fcr Transparente bemalt und die eine oder andere Tonne leckerer Volxk\u00fcchenspeisen zubereitet und verputzt. Ich will diesmal gar nicht so viel selbst kommentieren (weil ich ja nun auch schon eine Weile selbst nicht mehr so sehr hochschulpolitisch aktiv bin), sondern den ein oder anderen aufgeschnappten Kommentar als Frage weitergeben. Daf\u00fcr stand mir Maggie Jaglo vom u-asta Vorstand k\u00fcrzlich Rede und Antwort &#8211; auch f\u00fcr ein paar pers\u00f6nliche Fragen war Zeit.<\/strong><\/p>\n<p><em>Jetzt ist das Wochenende nach dem Ende der Besetzung rum: Hast Du denn schon allen n\u00f6tigen Schlaf nachgeholt, oder warst Du selbst gar nicht so viel selbst dort?<\/em><\/p>\n<p>Ich hatte zwar nicht so riesigen Schlafmangel, aber ich glaub ich hab mich jetzt schon wieder gut ins vorherherige Leben zur\u00fcck man\u00f6vriert.<\/p>\n<p><em>Also war es schon ein anderes Leben?<\/em><\/p>\n<p>Auf jeden Fall. Ich war ja einen ganzen Monat lang nicht im Training, hab einen ganzen Monat lang nicht zu Hause und vor allem eher einseitig ern\u00e4hrt, also zum Beispiel praktisch ohne Obst. Das hat man dann auch schon gemerkt.<\/p>\n<p><em>Eine Bemerkung h\u00f6rt man immer wieder: Die Forderungen seien nicht neu und im Prinzip die selben wie bei den Protesten 97\/98, dem Freiburger Fr\u00fchling inklusive Rektoratsbesetzung 2005 oder den Freiburger Forderungen vom Januar\/Februar diesen Jahres. Was war diesmal anders?<\/em><\/p>\n<p>Anders war, da\u00df es nicht nur die \u00fcblichen Verd\u00e4chtigen waren. Also zwar auch, weil ja auch viele vom u-asta dabei waren, aber auch viele neue Leute, auch welche, die ich vielleicht als konservativ bezeichnen w\u00fcrde, die zB ein Stipendiensystem ausbauen wollten, was ja eigentlich nicht die Meinung von linken, progressiven oder u-asta-Leuten widerspiegelt.<br \/>\nUnd anders war auch, da\u00df auf die Forderungen richtig geantwortet wurde. Manche hat das Rektorat zwar auch nicht oder nur kurz beantwortet, bei manchen hatte ich den Eindruck, da\u00df die Forderung nicht richtig gelesen wurde und manche Antworten fand ich auch frech oder anma\u00dfend.<\/p>\n<p><em>Eine andere typische skeptische Bemerkung: Es \u00e4ndert sich ja doch nichts. Warum sollte diesmal &#8211; \u00fcber die schriftlichen Antworten hinaus &#8211; auf die Forderungen eingangen werden? Warum sollte sich jetzt wirklich etwas \u00e4ndern?<\/em><\/p>\n<p>Weil die Bewegung ziemlich gro\u00df ist. Der Bildungsstreik geht ja weiter, auch wenn die Besetzung vorbei ist &#8211; oder ausgesetzt. Und ein paar Sachen haben sich ja auch schon getan. Heute zum Beispiel hat mein Dozent die Anwesenheitslisten zerrissen, weil von der Fakult\u00e4t ein Brief kam, der Dozent oder die Dozentin habe die Anwesenheit selbst zu regeln. Und dann war&#8217;s das. H\u00e4tten jetzt nicht vier wochen lang Leute Listen geklaut w\u00e4r das vielleicht nicht dabei rumgekommen. Auf jeden Fall ein erster Erfolg.<\/p>\n<p><em>Wie geht es denn jetzt weiter? Offiziell ist die Besetzung ja nur ausgesetzt, bis zum 26.1., wie ich geh\u00f6rt habe? Wieviel von alledem sind tats\u00e4chlich Gruppenentscheidung und wieviel wird da gesteuert? Immerhin konnte man schon vorher in der BZ lesen &#8211; wenn auch nur als Ger\u00fccht &#8211; wann die Besetzung beendet werden w\u00fcrde.<\/em><\/p>\n<p>Das mit dem 26. ist mir neu, das ist beim Plenum so nicht genannt worden. Vielleicht ist das ein gestreutes Ger\u00fccht, es k\u00f6nnte aber schon nach Lenkung aussehen. Nat\u00fcrlich gibt es immer ein paar Leute, die das Ruder in die hand nehmen, Forderungen ausarbeiten oder Plena leiten, anstatt Eintopf zu machen oder die Klos zu putzen.<\/p>\n<p><em>Du hast die neuen Leute angesprochen, die sich beteiligt haben. Waren es mehrheitlich viele alte u-asta-Hasen? Wie gro\u00df ist denn der Anteil neuer Leute wirklich?<\/em><\/p>\n<p>An u-Leuten waren es schon die \u00fcblichen Verd\u00e4chtigen, also Henrike, Clemens oder wir Vorst\u00e4nde. Andererseits waren Leute, die sonst eher bei sowas aktiv sind, erstaunlicherweise gar nicht so engagiert, wie ich es erwartet h\u00e4tte. Viele neue Leute gabs aber schon. Der Bildungsstreik hatte sich ja vorher schon getroffen, das waren auch viele Erstsemester und Leute, die ich vorher nicht gesehen hatte, auch bei Geb\u00fchrenFRei nicht. Das fand ich schon gut.<\/p>\n<p><em>Viele neue Leute also. Was glaubst Du, wie k\u00f6nnen und werden diese neuen in den u-asta integriert werden k\u00f6nnnen? Der u-asta wird ja sicherlich einen Gro\u00dfteil der Forderungen \u00fcbernehmen.<\/em><\/p>\n<p>Also der u-asta steht ja voll hinter der Besetzung, auch wenn die Forderungen sicherlich nicht 1:1 \u00fcbernommen werden werden, weil wir beim u-asta ja teilweise weitereichendere Forderungen haben. Aber z.B. hat sich in der letzten FSK ein neuer Referent vorgestellt, der auch bei der Besetzung ziemlich aktiv war. Leute, die da jetzt irgendwie Hochschulpolitik gemacht haben oder Redeleitung oder so, die hatten nicht unbedingt das Gef\u00fchl, zum u-asta zu gehen. Die sind zum Bildungsstreik gegangen. Das war so, weil der u-asta ja eigentlich auch keine Werbung gemacht hat, anders als manche parteipolitische Hochschulgruppe. Man mu\u00df die leute gezielt ansprechen und nicht erwarten, da\u00df sie von alleine kommen. Ich glaub aber schon, da\u00df wir die eine oder andere Person gefunden haben.<\/p>\n<p><em>Zumal man in den Forderungen ja praktisch jedes auch unbesetzte Referat inhaltlich wiederfinden kann.<\/em><\/p>\n<p>Ja klar. Leute, die PR gemacht haben, hab ich gefragt. Die waren aber erstmal ziemlich fertig und wollen dann n\u00e4chstes Jahr, n\u00e4chstes Semester mal gucken. Und das ist ja auch richtig, aber mittelfristig werden davon schon ein paar Leute hierher kommen, glaube ich.<\/p>\n<p><em>Bei manchen Tweets von Freiburger Studierenden mu\u00dfte man sich fragen, wie gut die Studierende eigentlich erreicht wurden.\u00a0Am Anfang waren ja sehr viele da, dann weniger. Einige haben vielleicht gar nichts mitbekommen. Immerhin steht im Titel der Forderungen, da\u00df es jene &#8222;der Freiburger Studierenden&#8220; seien.<\/em><\/p>\n<p>Ich glaube schon, da\u00df man die Studierenden h\u00e4tte besser erreichen k\u00f6nnen. Aber das ist halt ein mords Aufwand, da \u00fcberall rauszufahren, auch personell. Teilweise ist es ein berechtigter Vorwurf, aber andererseits wu\u00dften es angesichts der Medienberichte eigentlich alle. Ich glaub aber, nicht alle wissen, da\u00df es jetzt beendet wurde, das wurde wohl etwas schlechter kommuniziert.<\/p>\n<p><em>Wie lautet denn Dein pers\u00f6nliches Fazit? W\u00fcrdest Du es wieder machen oder bevorzugst Du nun andere Aktionsformen? Hat es Dir viel gebracht oder garnix?<\/em><\/p>\n<p>Ich glaube, da\u00df es viel gebracht hat. Allerdings glaube ich, da\u00df man h\u00e4tte Punkte besetzen k\u00f6nnen, die mehr weh tun. Also H\u00f6rs\u00e4le, die h\u00f6her frequentiert sind, die es dem Rektorat nicht so einfach gemacht h\u00e4tten zu sagen, wir dulden Euch und sind konstruktiv. Wir hatten ja teilweise echt das Potential, das KG1 abzuriegeln, aber das wollte dann halt niemand h\u00f6ren. An anderen Hochschulen wurden ja tats\u00e4chlich ganze Geb\u00e4ude besetzt.<\/p>\n<p><em>Im fudder-Interview hoffte der KG2-Hausmeister ja, da\u00df es das n\u00e4chste mal das KG1 trifft. Da seid ihr ja schonmal auf einer Linie. Und was hat es dir pers\u00f6nlich gebracht?<\/em><\/p>\n<p>Zu erkennen, da\u00df man sich auch mal dem Willen der Masse beugen mu\u00df. Wenn etwas abgestimmt wird, was mir nicht weitreichend genug ist, nicht zu sagen, das und das find ich doof, sondern zu sagen, ok, insgesamt find ich&#8217;s cool. Und auch zu sehen, wieviel Arbeit das ist, wie anspruchsvoll das ist. H\u00e4tte man mir am Anfang meiner Amtszeit im Oktober gesagt, wir besetzen jetzt vier Wochen das Audimax, h\u00e4tt ich gesagt: &#8222;haha, alles klar, tsch\u00fc\u00df!&#8220;. Ich fand es interessant zu sehen, da\u00df es auch funktioniert, wenn sich wir &#8222;Hauptverantwortlichen&#8220; auch mal raushalten. Da\u00df die Welt nicht untergeht, wenn man selbst mal nicht da ist. Da\u00df die Vorw\u00fcrfe, die man bekommt, wenn man mal nicht da ist, da\u00df man die nicht an sich ranlassen muss. Da\u00df ich stark genug bin zu sagen, nee, ich geh jetzt nach Hause oder nee, mein Handy ist jetzt aus oder nee, ich hab seit 6 Wochen Konzertkarten und ich fahr jetzt nach Karlsruhe.<\/p>\n<p><em>Es hat also auch Downphasen mit sich gebracht?<\/em><\/p>\n<p>Ja na klar! Die einen beschwerten sich, wo denn der Vorstand sei und was er mache und die anderen beschwerten sich, was sich denn der Vorstand da einmische. Das hat uns glaube ich alle drei auch belastet, so zwischen den Fronten zu stehen. Ich konnte es da nat\u00fcrlich nicht allen recht machen und kann auch die leute verstehen, die sich dann unfreundlich behandelt f\u00fchlten.<\/p>\n<p><em>Vielen Dank f\u00fcr das Gespr\u00e4ch!<\/em><\/p>\n<p>Gerngeschehn!<\/p>\n","protected":false},"excerpt":{"rendered":"<p>Das Audimax in Freiburg ist nicht mehr besetzt, es wurden viele viele Seiten Text ausgetauscht (Forderungen der BesetzerInnen, Antworten vom Rektorat), kilometerweise Stoff f\u00fcr Transparente bemalt und die eine oder andere Tonne leckerer Volxk\u00fcchenspeisen zubereitet und verputzt. Ich will diesmal gar nicht so viel selbst kommentieren (weil ich ja nun auch schon eine Weile selbst &#8230; <\/p>\n<p class=\"read-more-container\"><a title=\"&#8222;&#8230; sich auch mal dem Willen der Masse beugen &#8230;&#8220;\" class=\"read-more button\" href=\"https:\/\/www.konstantin-goerlich.de\/wordpress\/2009\/12\/21\/sich-auch-mal-dem-willen-der-masse-beugen\/#more-598\" aria-label=\"Mehr Informationen \u00fcber &#8222;&#8230; sich auch mal dem Willen der Masse beugen &#8230;&#8220;\">weiterlesen<\/a><\/p>\n","protected":false},"author":1,"featured_media":0,"comment_status":"open","ping_status":"open","sticky":false,"template":"","format":"standard","meta":{"footnotes":""},"categories":[1],"tags":[],"_links":{"self":[{"href":"https:\/\/www.konstantin-goerlich.de\/wordpress\/wp-json\/wp\/v2\/posts\/598"}],"collection":[{"href":"https:\/\/www.konstantin-goerlich.de\/wordpress\/wp-json\/wp\/v2\/posts"}],"about":[{"href":"https:\/\/www.konstantin-goerlich.de\/wordpress\/wp-json\/wp\/v2\/types\/post"}],"author":[{"embeddable":true,"href":"https:\/\/www.konstantin-goerlich.de\/wordpress\/wp-json\/wp\/v2\/users\/1"}],"replies":[{"embeddable":true,"href":"https:\/\/www.konstantin-goerlich.de\/wordpress\/wp-json\/wp\/v2\/comments?post=598"}],"version-history":[{"count":5,"href":"https:\/\/www.konstantin-goerlich.de\/wordpress\/wp-json\/wp\/v2\/posts\/598\/revisions"}],"predecessor-version":[{"id":798,"href":"https:\/\/www.konstantin-goerlich.de\/wordpress\/wp-json\/wp\/v2\/posts\/598\/revisions\/798"}],"wp:attachment":[{"href":"https:\/\/www.konstantin-goerlich.de\/wordpress\/wp-json\/wp\/v2\/media?parent=598"}],"wp:term":[{"taxonomy":"category","embeddable":true,"href":"https:\/\/www.konstantin-goerlich.de\/wordpress\/wp-json\/wp\/v2\/categories?post=598"},{"taxonomy":"post_tag","embeddable":true,"href":"https:\/\/www.konstantin-goerlich.de\/wordpress\/wp-json\/wp\/v2\/tags?post=598"}],"curies":[{"name":"wp","href":"https:\/\/api.w.org\/{rel}","templated":true}]}}