{"id":580,"date":"2009-12-07T08:00:00","date_gmt":"2009-12-07T07:00:00","guid":{"rendered":"http:\/\/www.konstantin-goerlich.de\/wordpress\/2009\/12\/07\/die-vergangene-woche-bei-twitter-2009-12-07\/"},"modified":"2009-12-07T08:00:00","modified_gmt":"2009-12-07T07:00:00","slug":"die-vergangene-woche-bei-twitter-2009-12-07","status":"publish","type":"post","link":"https:\/\/www.konstantin-goerlich.de\/wordpress\/2009\/12\/07\/die-vergangene-woche-bei-twitter-2009-12-07\/","title":{"rendered":"Die vergangene Woche bei Twitter. (2009-12-07)"},"content":{"rendered":"<ul class=\"aktt_tweet_digest\">\n<li>Auch wenn Nikolausessen nicht unbedingt rot sein mu\u00df: Borschtsch ftw :-)  <a href=\"http:\/\/twitpic.com\/sf5bl\" rel=\"nofollow\">http:\/\/twitpic.com\/sf5bl<\/a> <a href=\"http:\/\/twitter.com\/konstantin_frbg\/statuses\/6405048739\" class=\"aktt_tweet_time\">#<\/a><\/li>\n<li>Gestern 5h mit Schweizern in #<a href=\"http:\/\/search.twitter.com\/search?q=%23Freiburg\" class=\"aktt_hashtag\">Freiburg<\/a> unterwegs gewesen ohne da\u00df auch nur ein mal das Wort &quot;Minarett&quot; gefallen w\u00e4re. <a href=\"http:\/\/twitter.com\/konstantin_frbg\/statuses\/6402496654\" class=\"aktt_tweet_time\">#<\/a><\/li>\n<li>am Mittwoch wird angeblich endlich meine Handynummer portiert. Zeit wird&#39;s aber auch, f\u00fchle mich schon wieder ziemlich offline &#8230; <a href=\"http:\/\/twitter.com\/konstantin_frbg\/statuses\/6376004437\" class=\"aktt_tweet_time\">#<\/a><\/li>\n<li>Grad die Kapuze wieder an die Jacke montiert, der #<a href=\"http:\/\/search.twitter.com\/search?q=%23Herbst\" class=\"aktt_hashtag\">Herbst<\/a> kann kommen. Oh, ist schon da &#8230; <a href=\"http:\/\/twitter.com\/konstantin_frbg\/statuses\/6367029006\" class=\"aktt_tweet_time\">#<\/a><\/li>\n<li>Verdachtsf\u00e4lle nicht von erwiesenen F\u00e4llen unterscheidbar: Fast alle #<a href=\"http:\/\/search.twitter.com\/search?q=%23Verfassungsschu\" class=\"aktt_hashtag\">Verfassungsschu<\/a>tzberichte #<a href=\"http:\/\/search.twitter.com\/search?q=%23verfassungswidr\" class=\"aktt_hashtag\">verfassungswidr<\/a>ig. <a href=\"http:\/\/tr.im\/GDLB\" rel=\"nofollow\">http:\/\/tr.im\/GDLB<\/a> <a href=\"http:\/\/twitter.com\/konstantin_frbg\/statuses\/6343992937\" class=\"aktt_tweet_time\">#<\/a><\/li>\n<li>Heute mal Wortsport beim #<a href=\"http:\/\/search.twitter.com\/search?q=%23followfriday\" class=\"aktt_hashtag\">followfriday<\/a>: @<a href=\"http:\/\/twitter.com\/maatc\" class=\"aktt_username\">maatc<\/a> #<a href=\"http:\/\/search.twitter.com\/search?q=%23ff\" class=\"aktt_hashtag\">ff<\/a> <a href=\"http:\/\/twitter.com\/konstantin_frbg\/statuses\/6337218592\" class=\"aktt_tweet_time\">#<\/a><\/li>\n<li>1\/3 der potentiellen Studierenden wird aus finanziellen Gr\u00fcnden abgeschreckt <a href=\"http:\/\/j.mp\/4OoFoz\" rel=\"nofollow\">http:\/\/j.mp\/4OoFoz<\/a> #<a href=\"http:\/\/search.twitter.com\/search?q=%23SPON\" class=\"aktt_hashtag\">SPON<\/a> #<a href=\"http:\/\/search.twitter.com\/search?q=%23bildungsstreik\" class=\"aktt_hashtag\">bildungsstreik<\/a> <a href=\"http:\/\/twitter.com\/konstantin_frbg\/statuses\/6336952032\" class=\"aktt_tweet_time\">#<\/a><\/li>\n<li>yeah ich kann&#39;s noch: mit kongenialem Co-Referenten geniales Referat gehalten :-) <a href=\"http:\/\/twitter.com\/konstantin_frbg\/statuses\/6311756964\" class=\"aktt_tweet_time\">#<\/a><\/li>\n<li>Ich habe eine iPhonetasche :-)  <a href=\"http:\/\/twitpic.com\/ryedp\" rel=\"nofollow\">http:\/\/twitpic.com\/ryedp<\/a> <a href=\"http:\/\/twitter.com\/konstantin_frbg\/statuses\/6300441181\" class=\"aktt_tweet_time\">#<\/a><\/li>\n<li>Polizei jagt studis durch die strassen #<a href=\"http:\/\/search.twitter.com\/search?q=%23ffmbrennt\" class=\"aktt_hashtag\">ffmbrennt<\/a> \/via @<a href=\"http:\/\/twitter.com\/BSFFM\" class=\"aktt_username\">BSFFM<\/a> <a href=\"http:\/\/twitter.com\/konstantin_frbg\/statuses\/6280523509\" class=\"aktt_tweet_time\">#<\/a><\/li>\n<li>Die heutige Demo vorhin am Bertoldsbrunnen in #<a href=\"http:\/\/search.twitter.com\/search?q=%23Freiburg\" class=\"aktt_hashtag\">Freiburg<\/a>. Vielleicht 250 Leute. <a href=\"http:\/\/twitpic.com\/rufqt\" rel=\"nofollow\">http:\/\/twitpic.com\/rufqt<\/a> <a href=\"http:\/\/twitter.com\/konstantin_frbg\/statuses\/6273781432\" class=\"aktt_tweet_time\">#<\/a><\/li>\n<li>RT @JonathanTT: Heute strahlender Sonnenschein in #<a href=\"http:\/\/search.twitter.com\/search?q=%23Freiburg\" class=\"aktt_hashtag\">Freiburg<\/a>! Wenn man in die Ferne schaut sieht man auch schon die ersten wei\u00dfen Gipfel :) <a href=\"http:\/\/twitter.com\/konstantin_frbg\/statuses\/6265543986\" class=\"aktt_tweet_time\">#<\/a><\/li>\n<li>Was ist eigentlich dieses Geld und warum hat es so viele Follower? <a href=\"http:\/\/twitter.com\/konstantin_frbg\/statuses\/6265421145\" class=\"aktt_tweet_time\">#<\/a><\/li>\n<li>RT @DanielSanderCDU: Bin jetzt in der Sitzung des Gemeinderats der Stadt Freiburg! Studierende st\u00f6ren gerade unsere Gemeinderatssitzung! #<a href=\"http:\/\/search.twitter.com\/search?q=%23fb\" class=\"aktt_hashtag\">fb<\/a> <a href=\"http:\/\/twitter.com\/konstantin_frbg\/statuses\/6238257005\" class=\"aktt_tweet_time\">#<\/a><\/li>\n<li>Und mein erster Tweet vom iPhone :-)  <a href=\"http:\/\/twitpic.com\/rppsb\" rel=\"nofollow\">http:\/\/twitpic.com\/rppsb<\/a> <a href=\"http:\/\/twitter.com\/konstantin_frbg\/statuses\/6238230566\" class=\"aktt_tweet_time\">#<\/a><\/li>\n<li>mein letzter tweet von meinem alten xda neo, den ich auch sehr gemocht hab <a href=\"http:\/\/twitpic.com\/rpotp\" rel=\"nofollow\">http:\/\/twitpic.com\/rpotp<\/a> <a href=\"http:\/\/twitter.com\/konstantin_frbg\/statuses\/6238022895\" class=\"aktt_tweet_time\">#<\/a><\/li>\n<li>RT @maatc: Seit Sonntag folge ich dem @ventskranz. <a href=\"http:\/\/twitter.com\/konstantin_frbg\/statuses\/6204278672\" class=\"aktt_tweet_time\">#<\/a><\/li>\n<li>RT @olicious: Aula der PH #<a href=\"http:\/\/search.twitter.com\/search?q=%23Freiburg\" class=\"aktt_hashtag\">Freiburg<\/a> besetzt! N\u00e4chstes Plenum 16 Uhr! #<a href=\"http:\/\/search.twitter.com\/search?q=%23freiburgbrennt\" class=\"aktt_hashtag\">freiburgbrennt<\/a> #<a href=\"http:\/\/search.twitter.com\/search?q=%23unibrennt\" class=\"aktt_hashtag\">unibrennt<\/a> <a href=\"http:\/\/twitter.com\/konstantin_frbg\/statuses\/6203392176\" class=\"aktt_tweet_time\">#<\/a><\/li>\n<li>RT @nilsandre: #<a href=\"http:\/\/search.twitter.com\/search?q=%23freiburgbrennt\" class=\"aktt_hashtag\">freiburgbrennt<\/a> Einer von den Obdachlosen hat grad nen Sicherheitsmann bespuckt, der hat zur\u00fcckgespuckt. <a href=\"http:\/\/twitter.com\/konstantin_frbg\/statuses\/6202121555\" class=\"aktt_tweet_time\">#<\/a><\/li>\n<li>ach \u00fcbrigens: schwarz! <a href=\"http:\/\/twitter.com\/konstantin_frbg\/statuses\/6201804790\" class=\"aktt_tweet_time\">#<\/a><\/li>\n<li>daher also: RT @badischezeitung: Gasalarm in der N\u00e4he des Hauptbahnhofs #<a href=\"http:\/\/search.twitter.com\/search?q=%23Freiburg\" class=\"aktt_hashtag\">Freiburg<\/a>. 500 Menschen in Sicherheit gebracht  <a href=\"http:\/\/is.gd\/57Kcc\" rel=\"nofollow\">http:\/\/is.gd\/57Kcc<\/a> <a href=\"http:\/\/twitter.com\/konstantin_frbg\/statuses\/6201776064\" class=\"aktt_tweet_time\">#<\/a><\/li>\n<li>Schnewlinbr\u00fccke und Heinrich v. Stephan Str. in #<a href=\"http:\/\/search.twitter.com\/search?q=%23Freiburg\" class=\"aktt_hashtag\">Freiburg<\/a> voll gesperrt. Unfall? Viel Feuerwehr bei der Baustelle, leerer Bus auf d. Br\u00fccke. <a href=\"http:\/\/twitter.com\/konstantin_frbg\/statuses\/6201716843\" class=\"aktt_tweet_time\">#<\/a><\/li>\n<li>&quot;Fudder hat mir die Story geklaut, nachdem ich [&#8230;] ihnen diese Fotos hier nicht gratis zur Verf\u00fcgung stellen wollte.&quot; <a href=\"http:\/\/tr.im\/GaK0\" rel=\"nofollow\">http:\/\/tr.im\/GaK0<\/a> <a href=\"http:\/\/twitter.com\/konstantin_frbg\/statuses\/6197311629\" class=\"aktt_tweet_time\">#<\/a><\/li>\n<li>oh leute, heute muss ich mich entscheiden. helft mir mal. schwarz oder wei\u00df? <a href=\"http:\/\/twitter.com\/konstantin_frbg\/statuses\/6196919682\" class=\"aktt_tweet_time\">#<\/a><\/li>\n<\/ul>\n","protected":false},"excerpt":{"rendered":"<p>Auch wenn Nikolausessen nicht unbedingt rot sein mu\u00df: Borschtsch ftw :-) http:\/\/twitpic.com\/sf5bl # Gestern 5h mit Schweizern in #Freiburg unterwegs gewesen ohne da\u00df auch nur ein mal das Wort &quot;Minarett&quot; gefallen w\u00e4re. # am Mittwoch wird angeblich endlich meine Handynummer portiert. Zeit wird&#39;s aber auch, f\u00fchle mich schon wieder ziemlich offline &#8230; # Grad die &#8230; <\/p>\n<p class=\"read-more-container\"><a title=\"Die vergangene Woche bei Twitter. (2009-12-07)\" class=\"read-more button\" href=\"https:\/\/www.konstantin-goerlich.de\/wordpress\/2009\/12\/07\/die-vergangene-woche-bei-twitter-2009-12-07\/#more-580\" aria-label=\"Mehr Informationen \u00fcber Die vergangene Woche bei Twitter. (2009-12-07)\">weiterlesen<\/a><\/p>\n","protected":false},"author":1,"featured_media":0,"comment_status":"open","ping_status":"open","sticky":false,"template":"","format":"standard","meta":{"footnotes":""},"categories":[1],"tags":[],"_links":{"self":[{"href":"https:\/\/www.konstantin-goerlich.de\/wordpress\/wp-json\/wp\/v2\/posts\/580"}],"collection":[{"href":"https:\/\/www.konstantin-goerlich.de\/wordpress\/wp-json\/wp\/v2\/posts"}],"about":[{"href":"https:\/\/www.konstantin-goerlich.de\/wordpress\/wp-json\/wp\/v2\/types\/post"}],"author":[{"embeddable":true,"href":"https:\/\/www.konstantin-goerlich.de\/wordpress\/wp-json\/wp\/v2\/users\/1"}],"replies":[{"embeddable":true,"href":"https:\/\/www.konstantin-goerlich.de\/wordpress\/wp-json\/wp\/v2\/comments?post=580"}],"version-history":[{"count":0,"href":"https:\/\/www.konstantin-goerlich.de\/wordpress\/wp-json\/wp\/v2\/posts\/580\/revisions"}],"wp:attachment":[{"href":"https:\/\/www.konstantin-goerlich.de\/wordpress\/wp-json\/wp\/v2\/media?parent=580"}],"wp:term":[{"taxonomy":"category","embeddable":true,"href":"https:\/\/www.konstantin-goerlich.de\/wordpress\/wp-json\/wp\/v2\/categories?post=580"},{"taxonomy":"post_tag","embeddable":true,"href":"https:\/\/www.konstantin-goerlich.de\/wordpress\/wp-json\/wp\/v2\/tags?post=580"}],"curies":[{"name":"wp","href":"https:\/\/api.w.org\/{rel}","templated":true}]}}