{"id":575,"date":"2009-11-29T10:10:46","date_gmt":"2009-11-29T09:10:46","guid":{"rendered":"http:\/\/www.konstantin-goerlich.de\/wordpress\/?p=575"},"modified":"2009-12-09T12:17:11","modified_gmt":"2009-12-09T11:17:11","slug":"kein-anschlus-unter-meiner-nummer","status":"publish","type":"post","link":"https:\/\/www.konstantin-goerlich.de\/wordpress\/2009\/11\/29\/kein-anschlus-unter-meiner-nummer\/","title":{"rendered":"Kein Anschlu\u00df unter meiner Nummer. (2 Updates)"},"content":{"rendered":"<p>Wenigstens erscheint hier mal etwas in eigener Sache. Ab morgen habe ich vorerst keinen Mobiltelefonanschlu\u00df mehr, weil o2 (bei ansonsten keinen Grund zur Beanstandung bietendem Service) nicht in der Lage ist, innerhalb der eigenen K\u00fcndigungsfrist eine korrekte K\u00fcndigungsbest\u00e4tigung zuzustellen (wobei das dritte, mutma\u00dflich korrekte Schreiben offensichtlich bei der Post fl\u00f6ten gegangen ist&#8230;). Eine solche schriftliche Best\u00e4tigung ben\u00f6tigt man aber, wenn man seine Rufnummer zum neuen Anbieter mitnehmen m\u00f6chte. Darum bin ich also erstmal unter der altbekannten Nummer nicht zu erreichen, sonst aber wie gewohnt. Wie beim Verkehrsfunk folgt dann auch hier eine Information, wenn die Gefahr vor\u00fcber ist.<\/p>\n<p>Update: Aller Voraussicht nach wird die mobilunkommunikative Gefahr noch bis zum 9.12. andauern. Bis dahin gilt weiterhin: Kein Anschlu\u00df unter meiner Nummer. Oder genauer: Die von Ihnen gew\u00e4hlte Rufnummer ist nicht vergeben. Stimmt aber nicht, wird portiert &#8230;<\/p>\n<p>Update 2: Tats\u00e4chlich, wir schreiben den 9.12., das iPhone ist aktiviert, Mobilfunk funktionert. Gefahr gebannt.<\/p>\n","protected":false},"excerpt":{"rendered":"<p>Wenigstens erscheint hier mal etwas in eigener Sache. Ab morgen habe ich vorerst keinen Mobiltelefonanschlu\u00df mehr, weil o2 (bei ansonsten keinen Grund zur Beanstandung bietendem Service) nicht in der Lage ist, innerhalb der eigenen K\u00fcndigungsfrist eine korrekte K\u00fcndigungsbest\u00e4tigung zuzustellen (wobei das dritte, mutma\u00dflich korrekte Schreiben offensichtlich bei der Post fl\u00f6ten gegangen ist&#8230;). Eine solche schriftliche &#8230; <\/p>\n<p class=\"read-more-container\"><a title=\"Kein Anschlu\u00df unter meiner Nummer. (2 Updates)\" class=\"read-more button\" href=\"https:\/\/www.konstantin-goerlich.de\/wordpress\/2009\/11\/29\/kein-anschlus-unter-meiner-nummer\/#more-575\" aria-label=\"Mehr Informationen \u00fcber Kein Anschlu\u00df unter meiner Nummer. (2 Updates)\">weiterlesen<\/a><\/p>\n","protected":false},"author":1,"featured_media":0,"comment_status":"open","ping_status":"open","sticky":false,"template":"","format":"standard","meta":{"footnotes":""},"categories":[1],"tags":[],"_links":{"self":[{"href":"https:\/\/www.konstantin-goerlich.de\/wordpress\/wp-json\/wp\/v2\/posts\/575"}],"collection":[{"href":"https:\/\/www.konstantin-goerlich.de\/wordpress\/wp-json\/wp\/v2\/posts"}],"about":[{"href":"https:\/\/www.konstantin-goerlich.de\/wordpress\/wp-json\/wp\/v2\/types\/post"}],"author":[{"embeddable":true,"href":"https:\/\/www.konstantin-goerlich.de\/wordpress\/wp-json\/wp\/v2\/users\/1"}],"replies":[{"embeddable":true,"href":"https:\/\/www.konstantin-goerlich.de\/wordpress\/wp-json\/wp\/v2\/comments?post=575"}],"version-history":[{"count":4,"href":"https:\/\/www.konstantin-goerlich.de\/wordpress\/wp-json\/wp\/v2\/posts\/575\/revisions"}],"predecessor-version":[{"id":578,"href":"https:\/\/www.konstantin-goerlich.de\/wordpress\/wp-json\/wp\/v2\/posts\/575\/revisions\/578"}],"wp:attachment":[{"href":"https:\/\/www.konstantin-goerlich.de\/wordpress\/wp-json\/wp\/v2\/media?parent=575"}],"wp:term":[{"taxonomy":"category","embeddable":true,"href":"https:\/\/www.konstantin-goerlich.de\/wordpress\/wp-json\/wp\/v2\/categories?post=575"},{"taxonomy":"post_tag","embeddable":true,"href":"https:\/\/www.konstantin-goerlich.de\/wordpress\/wp-json\/wp\/v2\/tags?post=575"}],"curies":[{"name":"wp","href":"https:\/\/api.w.org\/{rel}","templated":true}]}}