{"id":574,"date":"2009-11-23T08:00:00","date_gmt":"2009-11-23T07:00:00","guid":{"rendered":"http:\/\/www.konstantin-goerlich.de\/wordpress\/2009\/11\/23\/die-vergangene-woche-bei-twitter-2009-11-23\/"},"modified":"2009-11-23T08:00:00","modified_gmt":"2009-11-23T07:00:00","slug":"die-vergangene-woche-bei-twitter-2009-11-23","status":"publish","type":"post","link":"https:\/\/www.konstantin-goerlich.de\/wordpress\/2009\/11\/23\/die-vergangene-woche-bei-twitter-2009-11-23\/","title":{"rendered":"Die vergangene Woche bei Twitter. (2009-11-23)"},"content":{"rendered":"<ul class=\"aktt_tweet_digest\">\n<li>RT @udovetter: Es gibt Menschen, die schalten vor der geschlossenen Bahnschranke nicht den Motor aus. <a href=\"http:\/\/twitter.com\/konstantin_frbg\/statuses\/5951405344\" class=\"aktt_tweet_time\">#<\/a><\/li>\n<li>Gedeck als U. Meinhof, V. Ferres als H.-M. Schleyer, H. R\u00fchmann als Vater v. G. Ensslin. @<a href=\"http:\/\/twitter.com\/bov\" class=\"aktt_username\">bov<\/a> \u00fcber Baader-Meinhof-Komplex <a href=\"http:\/\/tr.im\/Fv8UM\" rel=\"nofollow\">http:\/\/tr.im\/Fv8UM<\/a> <a href=\"http:\/\/twitter.com\/konstantin_frbg\/statuses\/5950483751\" class=\"aktt_tweet_time\">#<\/a><\/li>\n<li>wo ich bin ist das chaos: erneut s-bahn in #<a href=\"http:\/\/search.twitter.com\/search?q=%23berlin\" class=\"aktt_hashtag\">berlin<\/a> entgleist (beim rangieren in gr\u00fcnau): <a href=\"http:\/\/tr.im\/FuWU\" rel=\"nofollow\">http:\/\/tr.im\/FuWU<\/a> #<a href=\"http:\/\/search.twitter.com\/search?q=%23SPON\" class=\"aktt_hashtag\">SPON<\/a> <a href=\"http:\/\/twitter.com\/konstantin_frbg\/statuses\/5948950523\" class=\"aktt_tweet_time\">#<\/a><\/li>\n<li>grad eine fahrradrunde durch #<a href=\"http:\/\/search.twitter.com\/search?q=%23wildau\" class=\"aktt_hashtag\">wildau<\/a> gedreht. entweder ist der ort kleiner geworden oder ich gr\u00f6\u00dfer. <a href=\"http:\/\/twitter.com\/konstantin_frbg\/statuses\/5944187020\" class=\"aktt_tweet_time\">#<\/a><\/li>\n<li>RT @DVaulont: Gr\u00fcne gegen Verbotspolitik: Alkohol- und Fleischverbot auf den Parteitagen in BaW\u00fc! Na toll! #<a href=\"http:\/\/search.twitter.com\/search?q=%23ldkbw\" class=\"aktt_hashtag\">ldkbw<\/a> <a href=\"http:\/\/twitter.com\/konstantin_frbg\/statuses\/5928197056\" class=\"aktt_tweet_time\">#<\/a><\/li>\n<li>#interzonenzug #<a href=\"http:\/\/search.twitter.com\/search?q=%23ice374\" class=\"aktt_hashtag\">ice374<\/a> hat die haltlose fahrt von wolfsburg direkt nach westberlin p\u00fcnktlich geschafft. gleich s-bahn, falls eine kommt&#8230; <a href=\"http:\/\/twitter.com\/konstantin_frbg\/statuses\/5924553187\" class=\"aktt_tweet_time\">#<\/a><\/li>\n<li>#Polizeigewalt bei #<a href=\"http:\/\/search.twitter.com\/search?q=%23Bildungsstreik\" class=\"aktt_hashtag\">Bildungsstreik<\/a> #<a href=\"http:\/\/search.twitter.com\/search?q=%23Demo\" class=\"aktt_hashtag\">Demo<\/a> in #<a href=\"http:\/\/search.twitter.com\/search?q=%23Stuttgart\" class=\"aktt_hashtag\">Stuttgart<\/a>. Cops setzen massiv Pfefferspray gegen friedliche Studis ein. #<a href=\"http:\/\/search.twitter.com\/search?q=%23unibrennt\" class=\"aktt_hashtag\">unibrennt<\/a> (via @<a href=\"http:\/\/twitter.com\/br0ka\" class=\"aktt_username\">br0ka<\/a>) <a href=\"http:\/\/twitter.com\/konstantin_frbg\/statuses\/5924130026\" class=\"aktt_tweet_time\">#<\/a><\/li>\n<li>RT @DreisamPirat: [&#8230;] 10000 auf #<a href=\"http:\/\/search.twitter.com\/search?q=%23Demo\" class=\"aktt_hashtag\">Demo<\/a> in #<a href=\"http:\/\/search.twitter.com\/search?q=%23Stuttgart\" class=\"aktt_hashtag\">Stuttgart<\/a>. Hauptst\u00e4dterstra\u00dfe ist besetzt. [&#8230;] #<a href=\"http:\/\/search.twitter.com\/search?q=%23Bildungsstreik\" class=\"aktt_hashtag\">Bildungsstreik<\/a> #<a href=\"http:\/\/search.twitter.com\/search?q=%23unibrennt\" class=\"aktt_hashtag\">unibrennt<\/a> #<a href=\"http:\/\/search.twitter.com\/search?q=%23freiburgbrennt\" class=\"aktt_hashtag\">freiburgbrennt<\/a> <a href=\"http:\/\/twitter.com\/DreisamPirat\/statuses\/5922891187\" class=\"aktt_tweet_reply\">in reply to DreisamPirat<\/a> <a href=\"http:\/\/twitter.com\/konstantin_frbg\/statuses\/5923105044\" class=\"aktt_tweet_time\">#<\/a><\/li>\n<li>#ice374 erreicht pktl. irgendeine stadt in der es dunkel ist. netter mitreisender leiht mir sein iphonekabel. ipodakku \u00fcbersch\u00e4tzt. #<a href=\"http:\/\/search.twitter.com\/search?q=%23fail\" class=\"aktt_hashtag\">fail<\/a> <a href=\"http:\/\/twitter.com\/konstantin_frbg\/statuses\/5922424783\" class=\"aktt_tweet_time\">#<\/a><\/li>\n<li>passiere mit #<a href=\"http:\/\/search.twitter.com\/search?q=%23ice374\" class=\"aktt_hashtag\">ice374<\/a> p\u00fcnktlich #<a href=\"http:\/\/search.twitter.com\/search?q=%23frankfurt\" class=\"aktt_hashtag\">frankfurt<\/a>. menschenmassen um die commerzbank-arena. #<a href=\"http:\/\/search.twitter.com\/search?q=%23ice\" class=\"aktt_hashtag\">ice<\/a> #<a href=\"http:\/\/search.twitter.com\/search?q=%23374\" class=\"aktt_hashtag\">374<\/a> <a href=\"http:\/\/twitter.com\/konstantin_frbg\/statuses\/5919075069\" class=\"aktt_tweet_time\">#<\/a><\/li>\n<li>sehr cool: keine 10 minuten nach meinem kaffeetweet kam eine kaffeeverk\u00e4uferin vorbei :-) #<a href=\"http:\/\/search.twitter.com\/search?q=%23ice\" class=\"aktt_hashtag\">ice<\/a> #<a href=\"http:\/\/search.twitter.com\/search?q=%23374\" class=\"aktt_hashtag\">374<\/a> #<a href=\"http:\/\/search.twitter.com\/search?q=%23ice374\" class=\"aktt_hashtag\">ice374<\/a> <a href=\"http:\/\/twitter.com\/konstantin_frbg\/statuses\/5917587307\" class=\"aktt_tweet_time\">#<\/a><\/li>\n<li>launiges kabinenpersonal: &quot;n\u00e4chster halt: die ortenaumetropole #<a href=\"http:\/\/search.twitter.com\/search?q=%23offenburg\" class=\"aktt_hashtag\">offenburg<\/a>&quot; *g* #<a href=\"http:\/\/search.twitter.com\/search?q=%23ice\" class=\"aktt_hashtag\">ice<\/a> 374 #<a href=\"http:\/\/search.twitter.com\/search?q=%23freiburg\" class=\"aktt_hashtag\">freiburg<\/a> #<a href=\"http:\/\/search.twitter.com\/search?q=%23berlin\" class=\"aktt_hashtag\">berlin<\/a> <a href=\"http:\/\/twitter.com\/konstantin_frbg\/statuses\/5917163728\" class=\"aktt_tweet_time\">#<\/a><\/li>\n<li>#ICE 374 verl\u00e4\u00dft mit +7min #<a href=\"http:\/\/search.twitter.com\/search?q=%23freiburg\" class=\"aktt_hashtag\">freiburg<\/a> auf dem weg nach #<a href=\"http:\/\/search.twitter.com\/search?q=%23berlin\" class=\"aktt_hashtag\">berlin<\/a>. wer bringt mir kaffee? <a href=\"http:\/\/twitter.com\/konstantin_frbg\/statuses\/5917140937\" class=\"aktt_tweet_time\">#<\/a><\/li>\n<li>entere gleich #<a href=\"http:\/\/search.twitter.com\/search?q=%23ICE\" class=\"aktt_hashtag\">ICE<\/a> 374 in<br \/>\n#freiburg auf dem weg nach #<a href=\"http:\/\/search.twitter.com\/search?q=%23berlin\" class=\"aktt_hashtag\">berlin<\/a> :-) <a href=\"http:\/\/twitter.com\/konstantin_frbg\/statuses\/5916901332\" class=\"aktt_tweet_time\">#<\/a><\/li>\n<li>fahre auch gleich zug ^^ RT @zeitrafferin: langweilig. Suche mit bluetooth nach sichtbaren Ger\u00e4ten. Trau mich aber nicht, reinzuschn\u00fcffeln. <a href=\"http:\/\/twitter.com\/konstantin_frbg\/statuses\/5916267619\" class=\"aktt_tweet_time\">#<\/a><\/li>\n<li>RT @spaass: schiewer will lieber wieder eine ganz normale universit\u00e4t werden als alle 5 jahre erneut exzellenzwettbewerbe bestehen zu m\u00fcssen <a href=\"http:\/\/twitter.com\/konstantin_frbg\/statuses\/5895473362\" class=\"aktt_tweet_time\">#<\/a><\/li>\n<li>BZ meldet mutma\u00dfl. #<a href=\"http:\/\/search.twitter.com\/search?q=%23Brandanschlag\" class=\"aktt_hashtag\">Brandanschlag<\/a> auf Luxusauto in #<a href=\"http:\/\/search.twitter.com\/search?q=%23Freiburg\" class=\"aktt_hashtag\">Freiburg<\/a> und verlinkt Bekennerschreiben auf #<a href=\"http:\/\/search.twitter.com\/search?q=%23indymedia\" class=\"aktt_hashtag\">indymedia<\/a>. <a href=\"http:\/\/tr.im\/FnAp\" rel=\"nofollow\">http:\/\/tr.im\/FnAp<\/a> #<a href=\"http:\/\/search.twitter.com\/search?q=%23wtf\" class=\"aktt_hashtag\">wtf<\/a> <a href=\"http:\/\/twitter.com\/konstantin_frbg\/statuses\/5894919872\" class=\"aktt_tweet_time\">#<\/a><\/li>\n<li>sollte nicht seit 12min sch\u00fclerInnen-VV sein? RT @Dancelinger: @<a href=\"http:\/\/twitter.com\/DreisamPirat\" class=\"aktt_username\">DreisamPirat<\/a> Ui ist das leer im Audimax!! #<a href=\"http:\/\/search.twitter.com\/search?q=%23uniglimmt\" class=\"aktt_hashtag\">uniglimmt<\/a>!? #<a href=\"http:\/\/search.twitter.com\/search?q=%23freiburgbrennt\" class=\"aktt_hashtag\">freiburgbrennt<\/a> <a href=\"http:\/\/twitter.com\/konstantin_frbg\/statuses\/5893033090\" class=\"aktt_tweet_time\">#<\/a><\/li>\n<li>RT @derJuff: Kastaniengarten hat auf!!! #<a href=\"http:\/\/search.twitter.com\/search?q=%23Freiburg\" class=\"aktt_hashtag\">Freiburg<\/a> #<a href=\"http:\/\/search.twitter.com\/search?q=%23Klimawandel\" class=\"aktt_hashtag\">Klimawandel<\/a> <a href=\"http:\/\/twitter.com\/konstantin_frbg\/statuses\/5891780436\" class=\"aktt_tweet_time\">#<\/a><\/li>\n<li>wieder ein lauttipper: immernoch keine leiseren tastaturen mitten in der kg4-bibliothek. erneuere daher meine forderung. #<a href=\"http:\/\/search.twitter.com\/search?q=%23nerv\" class=\"aktt_hashtag\">nerv<\/a> #<a href=\"http:\/\/search.twitter.com\/search?q=%23krach\" class=\"aktt_hashtag\">krach<\/a> <a href=\"http:\/\/twitter.com\/konstantin_frbg\/statuses\/5890977736\" class=\"aktt_tweet_time\">#<\/a><\/li>\n<li>RT @st_s: \u00e4rgert sich immernoch, da\u00df seine schwarze THE NORTH FACE Softshelljacke \u00fcber Nacht weggekommen ist. Finderlohn! ;) #<a href=\"http:\/\/search.twitter.com\/search?q=%23freiburgbrennt\" class=\"aktt_hashtag\">freiburgbrennt<\/a> <a href=\"http:\/\/twitter.com\/konstantin_frbg\/statuses\/5888762775\" class=\"aktt_tweet_time\">#<\/a><\/li>\n<li>heute abend, also quasi jetzt, ist \u00fcbrigens akj-party in der alten stusie-bar. #<a href=\"http:\/\/search.twitter.com\/search?q=%23uni\" class=\"aktt_hashtag\">uni<\/a> #<a href=\"http:\/\/search.twitter.com\/search?q=%23freiburg\" class=\"aktt_hashtag\">freiburg<\/a> <a href=\"http:\/\/twitter.com\/konstantin_frbg\/statuses\/5868120619\" class=\"aktt_tweet_time\">#<\/a><\/li>\n<li>#Pressemitteilung vom #<a href=\"http:\/\/search.twitter.com\/search?q=%23akj\" class=\"aktt_hashtag\">akj<\/a> und Beobachtungsbericht von der #<a href=\"http:\/\/search.twitter.com\/search?q=%23Bildungsstreik\" class=\"aktt_hashtag\">Bildungsstreik<\/a> #<a href=\"http:\/\/search.twitter.com\/search?q=%23Demo\" class=\"aktt_hashtag\">Demo<\/a> in #<a href=\"http:\/\/search.twitter.com\/search?q=%23Freiburg\" class=\"aktt_hashtag\">Freiburg<\/a> am 17.11. <a href=\"http:\/\/tr.im\/Fj7A\" rel=\"nofollow\">http:\/\/tr.im\/Fj7A<\/a> <a href=\"http:\/\/twitter.com\/konstantin_frbg\/statuses\/5864093459\" class=\"aktt_tweet_time\">#<\/a><\/li>\n<li>ein paar tische vor mir pokert einer online an mindestens 4 tischen gleichzeitig. #<a href=\"http:\/\/search.twitter.com\/search?q=%23bibliothek\" class=\"aktt_hashtag\">bibliothek<\/a> #<a href=\"http:\/\/search.twitter.com\/search?q=%23exzellenzcluste\" class=\"aktt_hashtag\">exzellenzcluste<\/a>r <a href=\"http:\/\/twitter.com\/konstantin_frbg\/statuses\/5859817387\" class=\"aktt_tweet_time\">#<\/a><\/li>\n<li>ich fordere leisere tastaturen f\u00fcr die 8 PCs mitten in der kg4-bibliothek. da h\u00e4mmern leute ganze hausarbeiten rein. #<a href=\"http:\/\/search.twitter.com\/search?q=%23nerv\" class=\"aktt_hashtag\">nerv<\/a> <a href=\"http:\/\/twitter.com\/konstantin_frbg\/statuses\/5857304702\" class=\"aktt_tweet_time\">#<\/a><\/li>\n<li>Spalter! RT @maatc: Ich als Optimist sage: &quot;Diese Tasse ist nur halb kaputt!&quot;  <a href=\"http:\/\/yfrog.com\/33woej\" rel=\"nofollow\">http:\/\/yfrog.com\/33woej<\/a> <a href=\"http:\/\/twitter.com\/konstantin_frbg\/statuses\/5854228306\" class=\"aktt_tweet_time\">#<\/a><\/li>\n<li>RT @bov: Kinders, warum muss denn jeder, der sich im November mal die Beine vertritt, gleich vom &quot;Hei\u00dfen Herbst&quot; reden? <a href=\"http:\/\/twitter.com\/konstantin_frbg\/statuses\/5853477171\" class=\"aktt_tweet_time\">#<\/a><\/li>\n<li>RT @fudder: Studis mit Pr\u00fcfungsstress wg. Bachelor, Finanzierungsproblemen und ohne Masterplatz. Wir wollen Eure Geschichte! #<a href=\"http:\/\/search.twitter.com\/search?q=%23freiburgbrennt\" class=\"aktt_hashtag\">freiburgbrennt<\/a> <a href=\"http:\/\/twitter.com\/konstantin_frbg\/statuses\/5823884951\" class=\"aktt_tweet_time\">#<\/a><\/li>\n<li>i.d.T. fraglich: RT @Brainvibes: #<a href=\"http:\/\/search.twitter.com\/search?q=%23WTF\" class=\"aktt_hashtag\">WTF<\/a>? Hausverwaltung verlangt Kennzeichnung aller Fahrr\u00e4der mit Namen &amp; Telefonnummern. #<a href=\"http:\/\/search.twitter.com\/search?q=%23Datenschutz\" class=\"aktt_hashtag\">Datenschutz<\/a> #<a href=\"http:\/\/search.twitter.com\/search?q=%23fail\" class=\"aktt_hashtag\">fail<\/a> <a href=\"http:\/\/twitter.com\/konstantin_frbg\/statuses\/5820406633\" class=\"aktt_tweet_time\">#<\/a><\/li>\n<li>Laut SWR3 wurden &quot;\u00fcber Nacht weitere H\u00f6rs\u00e4le besetzt, u.a. in Freiburg&quot;. Wei\u00df jmd. n\u00e4heres? #<a href=\"http:\/\/search.twitter.com\/search?q=%23freiburgbrennt\" class=\"aktt_hashtag\">freiburgbrennt<\/a> #<a href=\"http:\/\/search.twitter.com\/search?q=%23freiburg\" class=\"aktt_hashtag\">freiburg<\/a> #<a href=\"http:\/\/search.twitter.com\/search?q=%23bildungsstreik\" class=\"aktt_hashtag\">bildungsstreik<\/a> <a href=\"http:\/\/twitter.com\/konstantin_frbg\/statuses\/5820394452\" class=\"aktt_tweet_time\">#<\/a><\/li>\n<li>RT @esmeraldaesk: sexismus im plenum, riesige chance verpasst, wo ist die reflexion der eigenen sozialen wirklichkeiten?! #<a href=\"http:\/\/search.twitter.com\/search?q=%23freiburgbrennt\" class=\"aktt_hashtag\">freiburgbrennt<\/a> <a href=\"http:\/\/twitter.com\/konstantin_frbg\/statuses\/5809055443\" class=\"aktt_tweet_time\">#<\/a><\/li>\n<li>RT @freiburgbrennt: Klausur &quot;B\u00fcrgerliches Recht f\u00fcr Anf\u00e4nger II&quot;: Morgen 14.15 Uhr (Einlass 14 Uhr). A-J in HS 1010, K-Z in HS 2006 <a href=\"http:\/\/twitter.com\/konstantin_frbg\/statuses\/5804847900\" class=\"aktt_tweet_time\">#<\/a><\/li>\n<li>Rektorat toleriert Audimax-Besetzung weiterhin. F\u00fcr die Juraklausuren wurden Ersatzr\u00e4ume gefunden. Wer h\u00e4tts gedacht ^^ Via @<a href=\"http:\/\/twitter.com\/freiburgbrennt\" class=\"aktt_username\">freiburgbrennt<\/a> <a href=\"http:\/\/twitter.com\/konstantin_frbg\/statuses\/5804834410\" class=\"aktt_tweet_time\">#<\/a><\/li>\n<li>RT @rebelreflex: #<a href=\"http:\/\/search.twitter.com\/search?q=%23zdf\" class=\"aktt_hashtag\">zdf<\/a> #<a href=\"http:\/\/search.twitter.com\/search?q=%23heute\" class=\"aktt_hashtag\">heute<\/a> spricht von 85.000 teilnehmern  bundesweit #<a href=\"http:\/\/search.twitter.com\/search?q=%23bildungsstreik\" class=\"aktt_hashtag\">bildungsstreik<\/a> #<a href=\"http:\/\/search.twitter.com\/search?q=%23unibrennt\" class=\"aktt_hashtag\">unibrennt<\/a> #<a href=\"http:\/\/search.twitter.com\/search?q=%23freiburgbrennt\" class=\"aktt_hashtag\">freiburgbrennt<\/a> <a href=\"http:\/\/twitter.com\/konstantin_frbg\/statuses\/5801959459\" class=\"aktt_tweet_time\">#<\/a><\/li>\n<li>bei @<a href=\"http:\/\/twitter.com\/fudder\" class=\"aktt_username\">fudder<\/a> gibts live und animiert alles, was zu #<a href=\"http:\/\/search.twitter.com\/search?q=%23freiburgbrennt\" class=\"aktt_hashtag\">freiburgbrennt<\/a> &amp; #<a href=\"http:\/\/search.twitter.com\/search?q=%23unibrennt\" class=\"aktt_hashtag\">unibrennt<\/a> getwittert wird. also auch diesen tweet&#8230; <a href=\"http:\/\/tr.im\/F9uT\" rel=\"nofollow\">http:\/\/tr.im\/F9uT<\/a> <a href=\"http:\/\/twitter.com\/konstantin_frbg\/statuses\/5799930775\" class=\"aktt_tweet_time\">#<\/a><\/li>\n<li>RT @zeitrafferin: Pfefferspray-Einsatz in Jena ist best\u00e4tigt (mehrere Quellen). #<a href=\"http:\/\/search.twitter.com\/search?q=%23unibrennt\" class=\"aktt_hashtag\">unibrennt<\/a> Unverh\u00e4ltnism\u00e4\u00dfig! <a href=\"http:\/\/twitter.com\/konstantin_frbg\/statuses\/5799203541\" class=\"aktt_tweet_time\">#<\/a><\/li>\n<li>RT @zeitrafferin: ruhrbarone\/Essen: Protestierende werden v. Polizei gekesselt und mit Elektroschockern bedroht <a href=\"http:\/\/ow.ly\/D1Ws\" rel=\"nofollow\">http:\/\/ow.ly\/D1Ws<\/a> #<a href=\"http:\/\/search.twitter.com\/search?q=%23unibrennt\" class=\"aktt_hashtag\">unibrennt<\/a> <a href=\"http:\/\/twitter.com\/konstantin_frbg\/statuses\/5796906834\" class=\"aktt_tweet_time\">#<\/a><\/li>\n<li>RT @freiburgbrennt: Plenum beschlie\u00dft, im Audimax zu bleiben. Wird kein Ersatz f\u00fcr die Jura-Pr\u00fcfung gefunden, werden daf\u00fcr H\u00f6rs\u00e4le besetzt. <a href=\"http:\/\/twitter.com\/konstantin_frbg\/statuses\/5796350058\" class=\"aktt_tweet_time\">#<\/a><\/li>\n<li>schaue mir kurz plenum im #<a href=\"http:\/\/search.twitter.com\/search?q=%23audimax\" class=\"aktt_hashtag\">audimax<\/a> #<a href=\"http:\/\/search.twitter.com\/search?q=%23freiburg\" class=\"aktt_hashtag\">freiburg<\/a> an. debatte: jura-klausur morgen verlegen oder besetzung zeitweise verlegent. #<a href=\"http:\/\/search.twitter.com\/search?q=%23freiburgbrennt\" class=\"aktt_hashtag\">freiburgbrennt<\/a> <a href=\"http:\/\/twitter.com\/konstantin_frbg\/statuses\/5795262106\" class=\"aktt_tweet_time\">#<\/a><\/li>\n<li>zwischenkundgebung am rektorat. #<a href=\"http:\/\/search.twitter.com\/search?q=%23freiburgbrennt\" class=\"aktt_hashtag\">freiburgbrennt<\/a>. prof schenek wird eingelassen, ansonsten ists wohl schwierig. #<a href=\"http:\/\/search.twitter.com\/search?q=%23demo\" class=\"aktt_hashtag\">demo<\/a> #<a href=\"http:\/\/search.twitter.com\/search?q=%23freiburg\" class=\"aktt_hashtag\">freiburg<\/a> <a href=\"http:\/\/twitter.com\/konstantin_frbg\/statuses\/5792760748\" class=\"aktt_tweet_time\">#<\/a><\/li>\n<li>die sonne kommt raus :-) doch noch #<a href=\"http:\/\/search.twitter.com\/search?q=%23deeskalationswe\" class=\"aktt_hashtag\">deeskalationswe<\/a>tter in #<a href=\"http:\/\/search.twitter.com\/search?q=%23freiburg\" class=\"aktt_hashtag\">freiburg<\/a>. #<a href=\"http:\/\/search.twitter.com\/search?q=%23freiburgbrennt\" class=\"aktt_hashtag\">freiburgbrennt<\/a> <a href=\"http:\/\/twitter.com\/konstantin_frbg\/statuses\/5791866841\" class=\"aktt_tweet_time\">#<\/a><\/li>\n<li>demoroute beinhaltet zwischenkundgebung am bertoldsbrunnen in #<a href=\"http:\/\/search.twitter.com\/search?q=%23freiburg\" class=\"aktt_hashtag\">freiburg<\/a>. aha. war letztes mal noch verboten. #<a href=\"http:\/\/search.twitter.com\/search?q=%23freiburgbrennt\" class=\"aktt_hashtag\">freiburgbrennt<\/a> <a href=\"http:\/\/twitter.com\/konstantin_frbg\/statuses\/5791762530\" class=\"aktt_tweet_time\">#<\/a><\/li>\n<li>bin jetzt bei der #<a href=\"http:\/\/search.twitter.com\/search?q=%23demobeobachtung\" class=\"aktt_hashtag\">demobeobachtung<\/a> vom #<a href=\"http:\/\/search.twitter.com\/search?q=%23akj\" class=\"aktt_hashtag\">akj<\/a> bei der demo in #<a href=\"http:\/\/search.twitter.com\/search?q=%23freiburg\" class=\"aktt_hashtag\">freiburg<\/a>. noch kein deeskalationswetter. #<a href=\"http:\/\/search.twitter.com\/search?q=%23freiburgbrennt\" class=\"aktt_hashtag\">freiburgbrennt<\/a> <a href=\"http:\/\/twitter.com\/konstantin_frbg\/statuses\/5791377172\" class=\"aktt_tweet_time\">#<\/a><\/li>\n<li>RT @freiburgbrennt: Alle Infos &amp; mehr zur #<a href=\"http:\/\/search.twitter.com\/search?q=%23Besetzung\" class=\"aktt_hashtag\">Besetzung<\/a> des #<a href=\"http:\/\/search.twitter.com\/search?q=%23Audimax\" class=\"aktt_hashtag\">Audimax<\/a> #<a href=\"http:\/\/search.twitter.com\/search?q=%23Freiburg\" class=\"aktt_hashtag\">Freiburg<\/a> findet ihr topaktuell unter <a href=\"http:\/\/bit.ly\/fJKQW\" rel=\"nofollow\">http:\/\/bit.ly\/fJKQW<\/a> #<a href=\"http:\/\/search.twitter.com\/search?q=%23freiburgbrennt\" class=\"aktt_hashtag\">freiburgbrennt<\/a> <a href=\"http:\/\/twitter.com\/freiburgbrennt\/statuses\/5777023728\" class=\"aktt_tweet_reply\">in reply to freiburgbrennt<\/a> <a href=\"http:\/\/twitter.com\/konstantin_frbg\/statuses\/5777198639\" class=\"aktt_tweet_time\">#<\/a><\/li>\n<li>.@<a href=\"http:\/\/twitter.com\/JW_Fr\" class=\"aktt_username\">JW_Fr<\/a> da stellt sich mir die frage: wieviele schlafpl\u00e4tze hat das #<a href=\"http:\/\/search.twitter.com\/search?q=%23audimax\" class=\"aktt_hashtag\">audimax<\/a> wohl? #<a href=\"http:\/\/search.twitter.com\/search?q=%23freiburgbrennt\" class=\"aktt_hashtag\">freiburgbrennt<\/a> #<a href=\"http:\/\/search.twitter.com\/search?q=%23uni\" class=\"aktt_hashtag\">uni<\/a> #<a href=\"http:\/\/search.twitter.com\/search?q=%23freiburg\" class=\"aktt_hashtag\">freiburg<\/a> <a href=\"http:\/\/twitter.com\/JW_Fr\/statuses\/5776234325\" class=\"aktt_tweet_reply\">in reply to JW_Fr<\/a> <a href=\"http:\/\/twitter.com\/konstantin_frbg\/statuses\/5776295973\" class=\"aktt_tweet_time\">#<\/a><\/li>\n<li>.@<a href=\"http:\/\/twitter.com\/JW_Fr\" class=\"aktt_username\">JW_Fr<\/a> ja und was gilt nun? abgesehen davon, da\u00df ja wohl ohnehin dageblieben wird &#8230; <a href=\"http:\/\/twitter.com\/JW_Fr\/statuses\/5776054393\" class=\"aktt_tweet_reply\">in reply to JW_Fr<\/a> <a href=\"http:\/\/twitter.com\/konstantin_frbg\/statuses\/5776088273\" class=\"aktt_tweet_time\">#<\/a><\/li>\n<li>RT @stadtreporter: Uni Freiburg toleriert Besetzung &#8211; unter Bedingung: keine Sachbesch\u00e4digung, keine Uniexternen-Besetzer. #<a href=\"http:\/\/search.twitter.com\/search?q=%23freiburgbrennt\" class=\"aktt_hashtag\">freiburgbrennt<\/a> <a href=\"http:\/\/twitter.com\/konstantin_frbg\/statuses\/5775954898\" class=\"aktt_tweet_time\">#<\/a><\/li>\n<li>RT @stadtreporter: Vizerektor Schanz u Kanzler Schenek sind im besetzten #<a href=\"http:\/\/search.twitter.com\/search?q=%23Audimax\" class=\"aktt_hashtag\">Audimax<\/a> angekommen. #<a href=\"http:\/\/search.twitter.com\/search?q=%23uni\" class=\"aktt_hashtag\">uni<\/a> #<a href=\"http:\/\/search.twitter.com\/search?q=%23freiburg\" class=\"aktt_hashtag\">freiburg<\/a> #<a href=\"http:\/\/search.twitter.com\/search?q=%23freiburgbrennt\" class=\"aktt_hashtag\">freiburgbrennt<\/a> <a href=\"http:\/\/twitter.com\/konstantin_frbg\/statuses\/5775462927\" class=\"aktt_tweet_time\">#<\/a><\/li>\n<li>\u00fcberall in #<a href=\"http:\/\/search.twitter.com\/search?q=%23freiburg\" class=\"aktt_hashtag\">freiburg<\/a> radeln leute mit schlafs\u00e4cken richtung #<a href=\"http:\/\/search.twitter.com\/search?q=%23audimax\" class=\"aktt_hashtag\">audimax<\/a> :-) #<a href=\"http:\/\/search.twitter.com\/search?q=%23freiburgbrennt\" class=\"aktt_hashtag\">freiburgbrennt<\/a> <a href=\"http:\/\/twitter.com\/konstantin_frbg\/statuses\/5775393894\" class=\"aktt_tweet_time\">#<\/a><\/li>\n<li>RT @spaass: &quot;Das Audimax der Uni Freiburg ist besetzt. Die M\u00e4dels von der PH sind da und kochen. #<a href=\"http:\/\/search.twitter.com\/search?q=%23Freiburg\" class=\"aktt_hashtag\">Freiburg<\/a> #<a href=\"http:\/\/search.twitter.com\/search?q=%23unibrennt\" class=\"aktt_hashtag\">unibrennt<\/a> #<a href=\"http:\/\/search.twitter.com\/search?q=%23besetzt\" class=\"aktt_hashtag\">besetzt<\/a>&quot; <a href=\"http:\/\/twitter.com\/spaass\/statuses\/5774376527\" class=\"aktt_tweet_reply\">in reply to spaass<\/a> <a href=\"http:\/\/twitter.com\/konstantin_frbg\/statuses\/5774448237\" class=\"aktt_tweet_time\">#<\/a><\/li>\n<li>RT @stadtreporter: Kritik am Motto &quot;#freiburgbrennt&quot;, sagt eine Studentin mit Blick auf den Bombenangriff am 27.Nov 1944 <a href=\"http:\/\/twitter.com\/konstantin_frbg\/statuses\/5773124468\" class=\"aktt_tweet_time\">#<\/a><\/li>\n<li>aha, erste Sofas werden hereingetragen. Sieht nach Fachschaftenraum KG4 aus. #<a href=\"http:\/\/search.twitter.com\/search?q=%23freiburgbrennt\" class=\"aktt_hashtag\">freiburgbrennt<\/a> <a href=\"http:\/\/twitter.com\/konstantin_frbg\/statuses\/5773111586\" class=\"aktt_tweet_time\">#<\/a><\/li>\n<li>Die #<a href=\"http:\/\/search.twitter.com\/search?q=%23Besetzung\" class=\"aktt_hashtag\">Besetzung<\/a> des #<a href=\"http:\/\/search.twitter.com\/search?q=%23Audimax\" class=\"aktt_hashtag\">Audimax<\/a> in #<a href=\"http:\/\/search.twitter.com\/search?q=%23Freiburg\" class=\"aktt_hashtag\">Freiburg<\/a> twittert auch selbst: @<a href=\"http:\/\/twitter.com\/freiburgbrennt\" class=\"aktt_username\">freiburgbrennt<\/a> #<a href=\"http:\/\/search.twitter.com\/search?q=%23freiburgbrennt\" class=\"aktt_hashtag\">freiburgbrennt<\/a> <a href=\"http:\/\/twitter.com\/konstantin_frbg\/statuses\/5773039023\" class=\"aktt_tweet_time\">#<\/a><\/li>\n<li>so, der erste einkaufswagen mit bier wird ins #<a href=\"http:\/\/search.twitter.com\/search?q=%23audimax\" class=\"aktt_hashtag\">audimax<\/a> #<a href=\"http:\/\/search.twitter.com\/search?q=%23freiburg\" class=\"aktt_hashtag\">freiburg<\/a> gefahren. na dann prost! #<a href=\"http:\/\/search.twitter.com\/search?q=%23freiburgbrennt\" class=\"aktt_hashtag\">freiburgbrennt<\/a> <a href=\"http:\/\/twitter.com\/konstantin_frbg\/statuses\/5772537535\" class=\"aktt_tweet_time\">#<\/a><\/li>\n<li>BesetzerInnenplenum beschlie\u00dft, im #<a href=\"http:\/\/search.twitter.com\/search?q=%23Audimax\" class=\"aktt_hashtag\">Audimax<\/a> #<a href=\"http:\/\/search.twitter.com\/search?q=%23Freiburg\" class=\"aktt_hashtag\">Freiburg<\/a> zu bleiben. #<a href=\"http:\/\/search.twitter.com\/search?q=%23freiburgbrennt\" class=\"aktt_hashtag\">freiburgbrennt<\/a> <a href=\"http:\/\/twitter.com\/konstantin_frbg\/statuses\/5772410290\" class=\"aktt_tweet_time\">#<\/a><\/li>\n<li>morgen fr\u00fch um 10 ist \u00fcbrigens nicht nur #<a href=\"http:\/\/search.twitter.com\/search?q=%23Demo\" class=\"aktt_hashtag\">Demo<\/a> in #<a href=\"http:\/\/search.twitter.com\/search?q=%23Freiburg\" class=\"aktt_hashtag\">Freiburg<\/a> sondern auch sch\u00fclerInnenbegr\u00fc\u00dfung im #<a href=\"http:\/\/search.twitter.com\/search?q=%23Audimax\" class=\"aktt_hashtag\">Audimax<\/a>. ganz schwierig. #<a href=\"http:\/\/search.twitter.com\/search?q=%23freiburgbrennt\" class=\"aktt_hashtag\">freiburgbrennt<\/a> <a href=\"http:\/\/twitter.com\/konstantin_frbg\/statuses\/5772121837\" class=\"aktt_tweet_time\">#<\/a><\/li>\n<li>#freiburgbrennt jetzt schon in der hiesigen Lokalzeitung: <a href=\"http:\/\/bit.ly\/4qLdav\" rel=\"nofollow\">http:\/\/bit.ly\/4qLdav<\/a> <a href=\"http:\/\/twitter.com\/konstantin_frbg\/statuses\/5772044984\" class=\"aktt_tweet_time\">#<\/a><\/li>\n<li>neuer #<a href=\"http:\/\/search.twitter.com\/search?q=%23hashtag\" class=\"aktt_hashtag\">hashtag<\/a>: <a href=\"http:\/\/twitpic.com\/pruli\" rel=\"nofollow\">http:\/\/twitpic.com\/pruli<\/a> #<a href=\"http:\/\/search.twitter.com\/search?q=%23freiburgbrennt\" class=\"aktt_hashtag\">freiburgbrennt<\/a>. #<a href=\"http:\/\/search.twitter.com\/search?q=%23audimax\" class=\"aktt_hashtag\">audimax<\/a> in #<a href=\"http:\/\/search.twitter.com\/search?q=%23freiburg\" class=\"aktt_hashtag\">freiburg<\/a> besetzt. #<a href=\"http:\/\/search.twitter.com\/search?q=%23bildungsstreik\" class=\"aktt_hashtag\">bildungsstreik<\/a> #<a href=\"http:\/\/search.twitter.com\/search?q=%23unibrennt\" class=\"aktt_hashtag\">unibrennt<\/a>. <a href=\"http:\/\/twitter.com\/konstantin_frbg\/statuses\/5771813247\" class=\"aktt_tweet_time\">#<\/a><\/li>\n<li>#Audimax der #<a href=\"http:\/\/search.twitter.com\/search?q=%23Uni\" class=\"aktt_hashtag\">Uni<\/a> #<a href=\"http:\/\/search.twitter.com\/search?q=%23Freiburg\" class=\"aktt_hashtag\">Freiburg<\/a> #<a href=\"http:\/\/search.twitter.com\/search?q=%23besetzt\" class=\"aktt_hashtag\">besetzt<\/a>. #<a href=\"http:\/\/search.twitter.com\/search?q=%23Bildungsstreik\" class=\"aktt_hashtag\">Bildungsstreik<\/a> #<a href=\"http:\/\/search.twitter.com\/search?q=%23unibrennt\" class=\"aktt_hashtag\">unibrennt<\/a> <a href=\"http:\/\/twitter.com\/konstantin_frbg\/statuses\/5771632450\" class=\"aktt_tweet_time\">#<\/a><\/li>\n<li>Ganz knappe Mehrheit f\u00fcr Ende der #<a href=\"http:\/\/search.twitter.com\/search?q=%23VVFR\" class=\"aktt_hashtag\">VVFR<\/a>. @<a href=\"http:\/\/twitter.com\/JW_Fr\" class=\"aktt_username\">JW_Fr<\/a> &quot;Wir besetzen das Ding hier jetzt.&quot; <a href=\"http:\/\/twitter.com\/konstantin_frbg\/statuses\/5771582571\" class=\"aktt_tweet_time\">#<\/a><\/li>\n<li>Empfehlung von @<a href=\"http:\/\/twitter.com\/potsdambesetzt\" class=\"aktt_username\">potsdambesetzt<\/a> live via skype ins #<a href=\"http:\/\/search.twitter.com\/search?q=%23audimax\" class=\"aktt_hashtag\">audimax<\/a> #<a href=\"http:\/\/search.twitter.com\/search?q=%23freiburg\" class=\"aktt_hashtag\">freiburg<\/a>: #<a href=\"http:\/\/search.twitter.com\/search?q=%23besetzung\" class=\"aktt_hashtag\">besetzung<\/a>! antrag: #<a href=\"http:\/\/search.twitter.com\/search?q=%23VVFR\" class=\"aktt_hashtag\">VVFR<\/a> beenden, BesetzerInnenplenum beginnen. <a href=\"http:\/\/twitter.com\/konstantin_frbg\/statuses\/5771519975\" class=\"aktt_tweet_time\">#<\/a><\/li>\n<li>k\u00e4mpferische Rede eines Bildungsstreikenden, wird aber durch Gel\u00e4chter wg Skype-Chat im Hintergrund unterbrochen. St\u00fcrmischer Applaus. #<a href=\"http:\/\/search.twitter.com\/search?q=%23VVFR\" class=\"aktt_hashtag\">VVFR<\/a> <a href=\"http:\/\/twitter.com\/konstantin_frbg\/statuses\/5771437185\" class=\"aktt_tweet_time\">#<\/a><\/li>\n<li>live\u00fcbertragung aus #<a href=\"http:\/\/search.twitter.com\/search?q=%23potsdam\" class=\"aktt_hashtag\">potsdam<\/a> ins #<a href=\"http:\/\/search.twitter.com\/search?q=%23audimax\" class=\"aktt_hashtag\">audimax<\/a> #<a href=\"http:\/\/search.twitter.com\/search?q=%23freiburg\" class=\"aktt_hashtag\">freiburg<\/a> <a href=\"http:\/\/twitpic.com\/prshl\" rel=\"nofollow\">http:\/\/twitpic.com\/prshl<\/a> #<a href=\"http:\/\/search.twitter.com\/search?q=%23unsereuni\" class=\"aktt_hashtag\">unsereuni<\/a> #<a href=\"http:\/\/search.twitter.com\/search?q=%23unibrennt\" class=\"aktt_hashtag\">unibrennt<\/a> #<a href=\"http:\/\/search.twitter.com\/search?q=%23vvfr\" class=\"aktt_hashtag\">vvfr<\/a> #<a href=\"http:\/\/search.twitter.com\/search?q=%23bildungsstreik\" class=\"aktt_hashtag\">bildungsstreik<\/a> <a href=\"http:\/\/twitter.com\/konstantin_frbg\/statuses\/5771352249\" class=\"aktt_tweet_time\">#<\/a><\/li>\n<li>Ank\u00fcndigung des TOP &quot;#Bildungsstreik&quot; l\u00f6st spontanen Beifall aus. Aha. #<a href=\"http:\/\/search.twitter.com\/search?q=%23VVFR\" class=\"aktt_hashtag\">VVFR<\/a> <a href=\"http:\/\/twitter.com\/konstantin_frbg\/statuses\/5771092312\" class=\"aktt_tweet_time\">#<\/a><\/li>\n<li>nahezu voll besetztes #<a href=\"http:\/\/search.twitter.com\/search?q=%23Audimax\" class=\"aktt_hashtag\">Audimax<\/a> in #<a href=\"http:\/\/search.twitter.com\/search?q=%23Freiburg\" class=\"aktt_hashtag\">Freiburg<\/a> <a href=\"http:\/\/twitpic.com\/prq26\" rel=\"nofollow\">http:\/\/twitpic.com\/prq26<\/a> #<a href=\"http:\/\/search.twitter.com\/search?q=%23VVFR\" class=\"aktt_hashtag\">VVFR<\/a> #<a href=\"http:\/\/search.twitter.com\/search?q=%23Bildungsstreik\" class=\"aktt_hashtag\">Bildungsstreik<\/a> #<a href=\"http:\/\/search.twitter.com\/search?q=%23usw\" class=\"aktt_hashtag\">usw<\/a>. <a href=\"http:\/\/twitter.com\/konstantin_frbg\/statuses\/5770862932\" class=\"aktt_tweet_time\">#<\/a><\/li>\n<li>TOP 0 (Solidarisierung St. Luitgard und Gegendemo Dresden, beide angenommen), jetzt TOP 1: Vorstellung des u-asta. #<a href=\"http:\/\/search.twitter.com\/search?q=%23VVFR\" class=\"aktt_hashtag\">VVFR<\/a> <a href=\"http:\/\/twitter.com\/konstantin_frbg\/statuses\/5770723758\" class=\"aktt_tweet_time\">#<\/a><\/li>\n<li>Soeben Prof. E\u00dfbach im Auditorium gesichtet. Kein Wunder, da\u00df ihn das hier interessiert :-) #<a href=\"http:\/\/search.twitter.com\/search?q=%23VVFR\" class=\"aktt_hashtag\">VVFR<\/a> <a href=\"http:\/\/twitter.com\/konstantin_frbg\/statuses\/5770491139\" class=\"aktt_tweet_time\">#<\/a><\/li>\n<li>RT @esther_87: ist auf einer beeindruckend gutbesuchten vollversammlung. wo sollen die nur alle \u00fcbernachten? #<a href=\"http:\/\/search.twitter.com\/search?q=%23VVFR\" class=\"aktt_hashtag\">VVFR<\/a> <a href=\"http:\/\/twitter.com\/konstantin_frbg\/statuses\/5770427749\" class=\"aktt_tweet_time\">#<\/a><\/li>\n<li>RT @JW_Fr: Twittern vom Redepult der Vollversammlung der Uni Freiburg, als Redeleitung, mal schauen, ob das klappt :-) #<a href=\"http:\/\/search.twitter.com\/search?q=%23vvfr\" class=\"aktt_hashtag\">vvfr<\/a> <a href=\"http:\/\/twitter.com\/konstantin_frbg\/statuses\/5770416445\" class=\"aktt_tweet_time\">#<\/a><\/li>\n<li>Videokonferenz mit #<a href=\"http:\/\/search.twitter.com\/search?q=%23unsereunipotsda\" class=\"aktt_hashtag\">unsereunipotsda<\/a>m via #<a href=\"http:\/\/search.twitter.com\/search?q=%23skype\" class=\"aktt_hashtag\">skype<\/a> wird grad vorbereitet. die #<a href=\"http:\/\/search.twitter.com\/search?q=%23unibrennt\" class=\"aktt_hashtag\">unibrennt<\/a>, aber das wlan funktioniert &#8230; #<a href=\"http:\/\/search.twitter.com\/search?q=%23VVFR\" class=\"aktt_hashtag\">VVFR<\/a> <a href=\"http:\/\/twitter.com\/konstantin_frbg\/statuses\/5770181163\" class=\"aktt_tweet_time\">#<\/a><\/li>\n<li>Das #<a href=\"http:\/\/search.twitter.com\/search?q=%23Audimax\" class=\"aktt_hashtag\">Audimax<\/a> in #<a href=\"http:\/\/search.twitter.com\/search?q=%23Freiburg\" class=\"aktt_hashtag\">Freiburg<\/a> f\u00fcllt sich zusehends. Die Fachschaft Geschichte hat sicherheitshalber Gl\u00fchwein dabei&#8230; #<a href=\"http:\/\/search.twitter.com\/search?q=%23VVFR\" class=\"aktt_hashtag\">VVFR<\/a> #<a href=\"http:\/\/search.twitter.com\/search?q=%23Bildungsstreik\" class=\"aktt_hashtag\">Bildungsstreik<\/a> <a href=\"http:\/\/twitter.com\/konstantin_frbg\/statuses\/5770129872\" class=\"aktt_tweet_time\">#<\/a><\/li>\n<li>#Vollversammlung an der #<a href=\"http:\/\/search.twitter.com\/search?q=%23Uni\" class=\"aktt_hashtag\">Uni<\/a> #<a href=\"http:\/\/search.twitter.com\/search?q=%23Freiburg\" class=\"aktt_hashtag\">Freiburg<\/a> im #<a href=\"http:\/\/search.twitter.com\/search?q=%23Audimax\" class=\"aktt_hashtag\">Audimax<\/a> wegen #<a href=\"http:\/\/search.twitter.com\/search?q=%23Bildungsstreik\" class=\"aktt_hashtag\">Bildungsstreik<\/a> usw. schonmal deutlich beschlu\u00dff\u00e4hig. Gleich geht&#39;s los. <a href=\"http:\/\/twitter.com\/konstantin_frbg\/statuses\/5770067666\" class=\"aktt_tweet_time\">#<\/a><\/li>\n<li>Morgen ist \u00fcbrigens nicht nur #<a href=\"http:\/\/search.twitter.com\/search?q=%23Bildungsstreik\" class=\"aktt_hashtag\">Bildungsstreik<\/a>-Demo, sondern auch Tag der offenen T\u00fcr (f\u00fcr Sch\u00fclerInnen) an der #<a href=\"http:\/\/search.twitter.com\/search?q=%23Uni\" class=\"aktt_hashtag\">Uni<\/a> #<a href=\"http:\/\/search.twitter.com\/search?q=%23Freiburg\" class=\"aktt_hashtag\">Freiburg<\/a>. <a href=\"http:\/\/twitter.com\/konstantin_frbg\/statuses\/5768488331\" class=\"aktt_tweet_time\">#<\/a><\/li>\n<li>Daf\u00fcr <a href=\"http:\/\/twitpic.com\/pr935\" rel=\"nofollow\">http:\/\/twitpic.com\/pr935<\/a> ist das Ger\u00fcst also da! #<a href=\"http:\/\/search.twitter.com\/search?q=%23uni\" class=\"aktt_hashtag\">uni<\/a> #<a href=\"http:\/\/search.twitter.com\/search?q=%23freiburg\" class=\"aktt_hashtag\">freiburg<\/a> #<a href=\"http:\/\/search.twitter.com\/search?q=%23bildungsstreik\" class=\"aktt_hashtag\">bildungsstreik<\/a> #<a href=\"http:\/\/search.twitter.com\/search?q=%23vvfr\" class=\"aktt_hashtag\">vvfr<\/a> #<a href=\"http:\/\/search.twitter.com\/search?q=%23konjunkturpaket\" class=\"aktt_hashtag\">konjunkturpaket<\/a> <a href=\"http:\/\/twitter.com\/konstantin_frbg\/statuses\/5767103529\" class=\"aktt_tweet_time\">#<\/a><\/li>\n<li>Schminktipps &amp; Karrieretipps: die heut verteilten Erstit\u00fcten (Werbem\u00fcll) gab es offenbar wieder in m\u00e4nnl. u. weibl. Variante. #<a href=\"http:\/\/search.twitter.com\/search?q=%23Uni\" class=\"aktt_hashtag\">Uni<\/a> #<a href=\"http:\/\/search.twitter.com\/search?q=%23Freiburg\" class=\"aktt_hashtag\">Freiburg<\/a> <a href=\"http:\/\/twitter.com\/konstantin_frbg\/statuses\/5764602430\" class=\"aktt_tweet_time\">#<\/a><\/li>\n<li>RT @DVaulont: Ach, es ist doch immer wieder sch\u00f6n, wenn Studenten meinen in Urteilen des BGH L\u00fccken entdeckt zu haben. #<a href=\"http:\/\/search.twitter.com\/search?q=%23ichwei\" class=\"aktt_hashtag\">ichwei<\/a>\u00dfesbesser <a href=\"http:\/\/twitter.com\/konstantin_frbg\/statuses\/5764428161\" class=\"aktt_tweet_time\">#<\/a><\/li>\n<li>hab ein vereinzeltes Vollversammlungsplakat entdeckt: tats\u00e4chlich, 18 Uhr, Audimax. #<a href=\"http:\/\/search.twitter.com\/search?q=%23VVFR\" class=\"aktt_hashtag\">VVFR<\/a> #<a href=\"http:\/\/search.twitter.com\/search?q=%23Uni\" class=\"aktt_hashtag\">Uni<\/a> #<a href=\"http:\/\/search.twitter.com\/search?q=%23Freiburg\" class=\"aktt_hashtag\">Freiburg<\/a> #<a href=\"http:\/\/search.twitter.com\/search?q=%23Bildungsstreik\" class=\"aktt_hashtag\">Bildungsstreik<\/a> <a href=\"http:\/\/twitter.com\/konstantin_frbg\/statuses\/5764309168\" class=\"aktt_tweet_time\">#<\/a><\/li>\n<li>Prof. E\u00dfbach: Darf als Beamter nicht streiken, nimmt morgen daher 1 Tag Sonderurlaub (wg. 40 Dienstjahren). #<a href=\"http:\/\/search.twitter.com\/search?q=%23Uni\" class=\"aktt_hashtag\">Uni<\/a> #<a href=\"http:\/\/search.twitter.com\/search?q=%23Freiburg\" class=\"aktt_hashtag\">Freiburg<\/a> #<a href=\"http:\/\/search.twitter.com\/search?q=%23Bildungsstreik\" class=\"aktt_hashtag\">Bildungsstreik<\/a> <a href=\"http:\/\/twitter.com\/konstantin_frbg\/statuses\/5764076479\" class=\"aktt_tweet_time\">#<\/a><\/li>\n<li>KG4-Kaffee: heute nicht, Foyer ist verwaist. FS Politik hat&#39;s wohl verschlafen. #<a href=\"http:\/\/search.twitter.com\/search?q=%23uni\" class=\"aktt_hashtag\">uni<\/a> #<a href=\"http:\/\/search.twitter.com\/search?q=%23freiburg\" class=\"aktt_hashtag\">freiburg<\/a> #<a href=\"http:\/\/search.twitter.com\/search?q=%23fail\" class=\"aktt_hashtag\">fail<\/a> <a href=\"http:\/\/twitter.com\/konstantin_frbg\/statuses\/5763993588\" class=\"aktt_tweet_time\">#<\/a><\/li>\n<li>.@<a href=\"http:\/\/twitter.com\/DreisamPirat\" class=\"aktt_username\">DreisamPirat<\/a> also zeitgleich zur #<a href=\"http:\/\/search.twitter.com\/search?q=%23VVFR\" class=\"aktt_hashtag\">VVFR<\/a>. klug. #<a href=\"http:\/\/search.twitter.com\/search?q=%23uni\" class=\"aktt_hashtag\">uni<\/a> #<a href=\"http:\/\/search.twitter.com\/search?q=%23freiburg\" class=\"aktt_hashtag\">freiburg<\/a> #<a href=\"http:\/\/search.twitter.com\/search?q=%23vollversammlung\" class=\"aktt_hashtag\">vollversammlung<\/a> <a href=\"http:\/\/twitter.com\/DreisamPirat\/statuses\/5761561111\" class=\"aktt_tweet_reply\">in reply to DreisamPirat<\/a> <a href=\"http:\/\/twitter.com\/konstantin_frbg\/statuses\/5761610811\" class=\"aktt_tweet_time\">#<\/a><\/li>\n<li>.@<a href=\"http:\/\/twitter.com\/DreisamPirat\" class=\"aktt_username\">DreisamPirat<\/a> einzige quelle: u-asta.de, da steht 18h. in meinem kalender stand 16h. #<a href=\"http:\/\/search.twitter.com\/search?q=%23bildungsstreik\" class=\"aktt_hashtag\">bildungsstreik<\/a> will sich wohl mehrheit sichern. #<a href=\"http:\/\/search.twitter.com\/search?q=%23vvfr\" class=\"aktt_hashtag\">vvfr<\/a> <a href=\"http:\/\/twitter.com\/DreisamPirat\/statuses\/5761245726\" class=\"aktt_tweet_reply\">in reply to DreisamPirat<\/a> <a href=\"http:\/\/twitter.com\/konstantin_frbg\/statuses\/5761534992\" class=\"aktt_tweet_time\">#<\/a><\/li>\n<li>Ger\u00fcchteweise ist heute Vollversammlung der Studierenden an der #<a href=\"http:\/\/search.twitter.com\/search?q=%23Uni\" class=\"aktt_hashtag\">Uni<\/a> #<a href=\"http:\/\/search.twitter.com\/search?q=%23Freiburg\" class=\"aktt_hashtag\">Freiburg<\/a> (18h, Audimax), wird aber (online) kaum beworben. Warum wohl? <a href=\"http:\/\/twitter.com\/konstantin_frbg\/statuses\/5760664162\" class=\"aktt_tweet_time\">#<\/a><\/li>\n<\/ul>\n","protected":false},"excerpt":{"rendered":"<p>RT @udovetter: Es gibt Menschen, die schalten vor der geschlossenen Bahnschranke nicht den Motor aus. # Gedeck als U. Meinhof, V. Ferres als H.-M. Schleyer, H. R\u00fchmann als Vater v. G. Ensslin. @bov \u00fcber Baader-Meinhof-Komplex http:\/\/tr.im\/Fv8UM # wo ich bin ist das chaos: erneut s-bahn in #berlin entgleist (beim rangieren in gr\u00fcnau): http:\/\/tr.im\/FuWU #SPON # &#8230; <\/p>\n<p class=\"read-more-container\"><a title=\"Die vergangene Woche bei Twitter. (2009-11-23)\" class=\"read-more button\" href=\"https:\/\/www.konstantin-goerlich.de\/wordpress\/2009\/11\/23\/die-vergangene-woche-bei-twitter-2009-11-23\/#more-574\" aria-label=\"Mehr Informationen \u00fcber Die vergangene Woche bei Twitter. (2009-11-23)\">weiterlesen<\/a><\/p>\n","protected":false},"author":1,"featured_media":0,"comment_status":"open","ping_status":"open","sticky":false,"template":"","format":"standard","meta":{"footnotes":""},"categories":[1],"tags":[],"_links":{"self":[{"href":"https:\/\/www.konstantin-goerlich.de\/wordpress\/wp-json\/wp\/v2\/posts\/574"}],"collection":[{"href":"https:\/\/www.konstantin-goerlich.de\/wordpress\/wp-json\/wp\/v2\/posts"}],"about":[{"href":"https:\/\/www.konstantin-goerlich.de\/wordpress\/wp-json\/wp\/v2\/types\/post"}],"author":[{"embeddable":true,"href":"https:\/\/www.konstantin-goerlich.de\/wordpress\/wp-json\/wp\/v2\/users\/1"}],"replies":[{"embeddable":true,"href":"https:\/\/www.konstantin-goerlich.de\/wordpress\/wp-json\/wp\/v2\/comments?post=574"}],"version-history":[{"count":0,"href":"https:\/\/www.konstantin-goerlich.de\/wordpress\/wp-json\/wp\/v2\/posts\/574\/revisions"}],"wp:attachment":[{"href":"https:\/\/www.konstantin-goerlich.de\/wordpress\/wp-json\/wp\/v2\/media?parent=574"}],"wp:term":[{"taxonomy":"category","embeddable":true,"href":"https:\/\/www.konstantin-goerlich.de\/wordpress\/wp-json\/wp\/v2\/categories?post=574"},{"taxonomy":"post_tag","embeddable":true,"href":"https:\/\/www.konstantin-goerlich.de\/wordpress\/wp-json\/wp\/v2\/tags?post=574"}],"curies":[{"name":"wp","href":"https:\/\/api.w.org\/{rel}","templated":true}]}}