{"id":573,"date":"2009-11-16T08:00:00","date_gmt":"2009-11-16T07:00:00","guid":{"rendered":"http:\/\/www.konstantin-goerlich.de\/wordpress\/2009\/11\/16\/die-vergangene-woche-bei-twitter-2009-11-16\/"},"modified":"2009-11-16T08:00:00","modified_gmt":"2009-11-16T07:00:00","slug":"die-vergangene-woche-bei-twitter-2009-11-16","status":"publish","type":"post","link":"https:\/\/www.konstantin-goerlich.de\/wordpress\/2009\/11\/16\/die-vergangene-woche-bei-twitter-2009-11-16\/","title":{"rendered":"Die vergangene Woche bei Twitter. (2009-11-16)"},"content":{"rendered":"<ul class=\"aktt_tweet_digest\">\n<li>Salomon 2010 &#8211; Keine Experimente! <a href=\"http:\/\/tr.im\/F0tC\" rel=\"nofollow\">http:\/\/tr.im\/F0tC<\/a> #<a href=\"http:\/\/search.twitter.com\/search?q=%23Freiburg\" class=\"aktt_hashtag\">Freiburg<\/a> <a href=\"http:\/\/twitter.com\/konstantin_frbg\/statuses\/5738462354\" class=\"aktt_tweet_time\">#<\/a><\/li>\n<li>RT @der_martin: Alles Gute @<a href=\"http:\/\/twitter.com\/rebelreflex\" class=\"aktt_username\">rebelreflex<\/a> <a href=\"http:\/\/twitter.com\/konstantin_frbg\/statuses\/5733372510\" class=\"aktt_tweet_time\">#<\/a><\/li>\n<li>.@<a href=\"http:\/\/twitter.com\/lifereport\" class=\"aktt_username\">lifereport<\/a> ob&#39;s wohl an den gleichzeitigen Demos (gegen Bahnl\u00e4rm (Rathausplatz) und gegen Nazis (Schwabentor)) liegt? #<a href=\"http:\/\/search.twitter.com\/search?q=%23Freiburg\" class=\"aktt_hashtag\">Freiburg<\/a> <a href=\"http:\/\/twitter.com\/lifereport\/statuses\/5708130854\" class=\"aktt_tweet_reply\">in reply to lifereport<\/a> <a href=\"http:\/\/twitter.com\/konstantin_frbg\/statuses\/5708413205\" class=\"aktt_tweet_time\">#<\/a><\/li>\n<li>*g\u00e4hn* schon wieder diese Fr\u00fchjahrsm\u00fcdigkeit. <a href=\"http:\/\/twitter.com\/konstantin_frbg\/statuses\/5686482451\" class=\"aktt_tweet_time\">#<\/a><\/li>\n<li>RT @JW_Fr: Wenn @<a href=\"http:\/\/twitter.com\/jw_fr\" class=\"aktt_username\">jw_fr<\/a> im #<a href=\"http:\/\/search.twitter.com\/search?q=%23Bundestag\" class=\"aktt_hashtag\">Bundestag<\/a> w\u00e4r, w\u00fcrd er gern gr\u00fcner Sprecher f\u00fcr #<a href=\"http:\/\/search.twitter.com\/search?q=%23Au\" class=\"aktt_hashtag\">Au<\/a>\u00dfenkulturpolitik der #<a href=\"http:\/\/search.twitter.com\/search?q=%23EU\" class=\"aktt_hashtag\">EU<\/a> oder f\u00fcr die s\u00fcdl. Weltmeere sein ;-) <a href=\"http:\/\/twitter.com\/konstantin_frbg\/statuses\/5678651452\" class=\"aktt_tweet_time\">#<\/a><\/li>\n<li>\u00fcberall immer die selben leute: mein fahrrad teilt sich mit dem selben fahrrad wie gestern abend wieder die selbe laterne vor der uni. <a href=\"http:\/\/twitter.com\/konstantin_frbg\/statuses\/5653973176\" class=\"aktt_tweet_time\">#<\/a><\/li>\n<li>Checking out my TweetStats! <a href=\"http:\/\/bit.ly\/3TBTLT\" rel=\"nofollow\">http:\/\/bit.ly\/3TBTLT<\/a> <a href=\"http:\/\/twitter.com\/konstantin_frbg\/statuses\/5648994071\" class=\"aktt_tweet_time\">#<\/a><\/li>\n<li>Verteidigungsminister zu Guttenberg erl\u00e4utert die Exit-Strategie f\u00fcr Afghanistan: <a href=\"http:\/\/tr.im\/EO6N\" rel=\"nofollow\">http:\/\/tr.im\/EO6N<\/a> <a href=\"http:\/\/twitter.com\/konstantin_frbg\/statuses\/5647488211\" class=\"aktt_tweet_time\">#<\/a><\/li>\n<li>In der Gem\u00fcsekiste: Eine riesengro\u00dfe Petersilienwurzel. Auf dem Lieferschein: eine Pastinake. Sehen aber auch verdammt \u00e4hnlich aus. #<a href=\"http:\/\/search.twitter.com\/search?q=%23fail\" class=\"aktt_hashtag\">fail<\/a> <a href=\"http:\/\/twitter.com\/konstantin_frbg\/statuses\/5647262443\" class=\"aktt_tweet_time\">#<\/a><\/li>\n<li>RT @filterblog: &quot;SPD-Parteitag beginnt am Freitag, dem 13. und endet am Volkstrauertag&quot; Z\u00f6llner, CSU #<a href=\"http:\/\/search.twitter.com\/search?q=%23bundestag\" class=\"aktt_hashtag\">bundestag<\/a> <a href=\"http:\/\/twitter.com\/konstantin_frbg\/statuses\/5644569215\" class=\"aktt_tweet_time\">#<\/a><\/li>\n<li>ui, swr3 spricht (wg. R\u00e4umung H\u00f6rsaal T\u00fcbingen) von Studierenden (und nicht nur von Studenten) <a href=\"http:\/\/twitter.com\/konstantin_frbg\/statuses\/5644136644\" class=\"aktt_tweet_time\">#<\/a><\/li>\n<li>stimmt, @DreisamPirat, geht auch: putting the sauf in fasnetsauftakt &#8230; <a href=\"http:\/\/twitter.com\/konstantin_frbg\/statuses\/5630522029\" class=\"aktt_tweet_time\">#<\/a><\/li>\n<li>putting the sauf in karnevalsauftakt <a href=\"http:\/\/twitter.com\/konstantin_frbg\/statuses\/5630360073\" class=\"aktt_tweet_time\">#<\/a><\/li>\n<li>unverantwortlich: schwer hustend trotzdem zur uni gehn &amp; im feucht-warmen, schlecht bel\u00fcfteten seminarraum infektionsatmosph\u00e4re herstellen. <a href=\"http:\/\/twitter.com\/konstantin_frbg\/statuses\/5623570275\" class=\"aktt_tweet_time\">#<\/a><\/li>\n<li>Abteilung M beim Verfassungsschutz: &quot;Wir m\u00fcssen es machen wie die DDR, nur besser.&quot; Post-Zensur in der BRD der 50er\/60er. <a href=\"http:\/\/tr.im\/EJwm\" rel=\"nofollow\">http:\/\/tr.im\/EJwm<\/a> <a href=\"http:\/\/twitter.com\/konstantin_frbg\/statuses\/5616424862\" class=\"aktt_tweet_time\">#<\/a><\/li>\n<li>RT @_tillwe_: Erst jetzt gesehen: taz-Titel von gestern (in der Druckfassung noch sch\u00f6ner: <a href=\"http:\/\/tinyurl.com\/ycs3jvm\" rel=\"nofollow\">http:\/\/tinyurl.com\/ycs3jvm<\/a> ). Grandios! <a href=\"http:\/\/twitter.com\/konstantin_frbg\/statuses\/5616274042\" class=\"aktt_tweet_time\">#<\/a><\/li>\n<li>schon ein sehr geniales #<a href=\"http:\/\/search.twitter.com\/search?q=%23brettspiel\" class=\"aktt_hashtag\">brettspiel<\/a>, aber halt auch wahnsinnig komplex <a href=\"http:\/\/twitpic.com\/p1t2p\" rel=\"nofollow\">http:\/\/twitpic.com\/p1t2p<\/a> #<a href=\"http:\/\/search.twitter.com\/search?q=%23agricola\" class=\"aktt_hashtag\">agricola<\/a> #<a href=\"http:\/\/search.twitter.com\/search?q=%23spieleabend\" class=\"aktt_hashtag\">spieleabend<\/a> <a href=\"http:\/\/twitter.com\/konstantin_frbg\/statuses\/5603762000\" class=\"aktt_tweet_time\">#<\/a><\/li>\n<li>gehe grad hoffnungslos unter beim #<a href=\"http:\/\/search.twitter.com\/search?q=%23spieleabend\" class=\"aktt_hashtag\">spieleabend<\/a>: das erste mal #<a href=\"http:\/\/search.twitter.com\/search?q=%23agricola\" class=\"aktt_hashtag\">agricola<\/a> in der &quot;vollversion&quot;, noch kein \u00fcberblick &amp; viel k\u00e4se gezogen. <a href=\"http:\/\/twitter.com\/konstantin_frbg\/statuses\/5602498653\" class=\"aktt_tweet_time\">#<\/a><\/li>\n<li>sitze seit ner halben stunde am computer und erst jetzt f\u00e4llt mir die vor mir liegende schoki ein. <a href=\"http:\/\/twitter.com\/konstantin_frbg\/statuses\/5589878196\" class=\"aktt_tweet_time\">#<\/a><\/li>\n<li>hmm &#8230; #<a href=\"http:\/\/search.twitter.com\/search?q=%23fail\" class=\"aktt_hashtag\">fail<\/a>? &#8230; RT @DreisamPirat: wie ist den der offizielle #<a href=\"http:\/\/search.twitter.com\/search?q=%23hashtag\" class=\"aktt_hashtag\">hashtag<\/a> zum  #<a href=\"http:\/\/search.twitter.com\/search?q=%23Bildungsstreik0\" class=\"aktt_hashtag\">Bildungsstreik0<\/a>9 in #<a href=\"http:\/\/search.twitter.com\/search?q=%23Freiburg\" class=\"aktt_hashtag\">Freiburg<\/a>? <a href=\"http:\/\/twitter.com\/konstantin_frbg\/statuses\/5589701265\" class=\"aktt_tweet_time\">#<\/a><\/li>\n<li>die komplette schabowski-pressekonferenz online beim deutschen rundfunkarchiv: <a href=\"http:\/\/tr.im\/EEIe\" rel=\"nofollow\">http:\/\/tr.im\/EEIe<\/a> (leider nicht archivierbar&#8230;) <a href=\"http:\/\/twitter.com\/konstantin_frbg\/statuses\/5584386734\" class=\"aktt_tweet_time\">#<\/a><\/li>\n<li>RT @Brainvibes: &quot;Sollte die W\u00e4sche in der Maschine partout nicht wei\u00df werden, k\u00f6nnte es sich um Buntw\u00e4sche handeln. #<a href=\"http:\/\/search.twitter.com\/search?q=%23Haushaltstipp\" class=\"aktt_hashtag\">Haushaltstipp<\/a>&quot; <a href=\"http:\/\/twitter.com\/Brainvibes\/statuses\/5567130144\" class=\"aktt_tweet_reply\">in reply to Brainvibes<\/a> <a href=\"http:\/\/twitter.com\/konstantin_frbg\/statuses\/5567173043\" class=\"aktt_tweet_time\">#<\/a><\/li>\n<li>nix gegen bon jovi, aber hatte udo lindenberg keine zeit? #<a href=\"http:\/\/search.twitter.com\/search?q=%23berlin\" class=\"aktt_hashtag\">berlin<\/a> <a href=\"http:\/\/twitter.com\/konstantin_frbg\/statuses\/5567146764\" class=\"aktt_tweet_time\">#<\/a><\/li>\n<li>den bundespr\u00e4sidenten direkt w\u00e4hlen wollen ist ja ok &#8211; aber wer sucht eigentlich die redenschreiber aus? #<a href=\"http:\/\/search.twitter.com\/search?q=%23k\" class=\"aktt_hashtag\">k<\/a>\u00f6hler #<a href=\"http:\/\/search.twitter.com\/search?q=%23empfang\" class=\"aktt_hashtag\">empfang<\/a> #<a href=\"http:\/\/search.twitter.com\/search?q=%2308fuffzehn\" class=\"aktt_hashtag\">08fuffzehn<\/a> <a href=\"http:\/\/twitter.com\/konstantin_frbg\/statuses\/5564615458\" class=\"aktt_tweet_time\">#<\/a><\/li>\n<li>RT @SPIEGEL_live: Heute vor 20 Jahren: 18.06 Uhr &#8211; DDR-Opposition: &quot;Frage der Wiedervereinigung stellt sich nicht&quot; <a href=\"http:\/\/bit.ly\/1LKnW3\" rel=\"nofollow\">http:\/\/bit.ly\/1LKnW3<\/a> <a href=\"http:\/\/twitter.com\/konstantin_frbg\/statuses\/5563477865\" class=\"aktt_tweet_time\">#<\/a><\/li>\n<li>RT @saschalobo: &quot;&quot;Die DDR verliert gerade massiv Follower!&quot; #<a href=\"http:\/\/search.twitter.com\/search?q=%23twitterlikeits1\" class=\"aktt_hashtag\">twitterlikeits1<\/a>989&quot; <a href=\"http:\/\/twitter.com\/saschalobo\/statuses\/5556730202\" class=\"aktt_tweet_reply\">in reply to saschalobo<\/a> <a href=\"http:\/\/twitter.com\/konstantin_frbg\/statuses\/5556812804\" class=\"aktt_tweet_time\">#<\/a><\/li>\n<li>Genau mein Jahrgang: &quot;Es war nicht alles schlecht in der DDR? Doch. Nur als Kind merkte ich das nicht.&quot; <a href=\"http:\/\/tr.im\/EAKB\" rel=\"nofollow\">http:\/\/tr.im\/EAKB<\/a> <a href=\"http:\/\/twitter.com\/konstantin_frbg\/statuses\/5555724072\" class=\"aktt_tweet_time\">#<\/a><\/li>\n<li>RT @SteffiLemke: wachstumsbeschleunigungsgesetz klingt wie bl\u00fchende landschaften &#8211; tolle sache das! <a href=\"http:\/\/twitter.com\/konstantin_frbg\/statuses\/5554459022\" class=\"aktt_tweet_time\">#<\/a><\/li>\n<\/ul>\n","protected":false},"excerpt":{"rendered":"<p>Salomon 2010 &#8211; Keine Experimente! http:\/\/tr.im\/F0tC #Freiburg # RT @der_martin: Alles Gute @rebelreflex # .@lifereport ob&#39;s wohl an den gleichzeitigen Demos (gegen Bahnl\u00e4rm (Rathausplatz) und gegen Nazis (Schwabentor)) liegt? #Freiburg in reply to lifereport # *g\u00e4hn* schon wieder diese Fr\u00fchjahrsm\u00fcdigkeit. # RT @JW_Fr: Wenn @jw_fr im #Bundestag w\u00e4r, w\u00fcrd er gern gr\u00fcner Sprecher f\u00fcr #Au\u00dfenkulturpolitik &#8230; <\/p>\n<p class=\"read-more-container\"><a title=\"Die vergangene Woche bei Twitter. (2009-11-16)\" class=\"read-more button\" href=\"https:\/\/www.konstantin-goerlich.de\/wordpress\/2009\/11\/16\/die-vergangene-woche-bei-twitter-2009-11-16\/#more-573\" aria-label=\"Mehr Informationen \u00fcber Die vergangene Woche bei Twitter. (2009-11-16)\">weiterlesen<\/a><\/p>\n","protected":false},"author":1,"featured_media":0,"comment_status":"open","ping_status":"open","sticky":false,"template":"","format":"standard","meta":{"footnotes":""},"categories":[1],"tags":[],"_links":{"self":[{"href":"https:\/\/www.konstantin-goerlich.de\/wordpress\/wp-json\/wp\/v2\/posts\/573"}],"collection":[{"href":"https:\/\/www.konstantin-goerlich.de\/wordpress\/wp-json\/wp\/v2\/posts"}],"about":[{"href":"https:\/\/www.konstantin-goerlich.de\/wordpress\/wp-json\/wp\/v2\/types\/post"}],"author":[{"embeddable":true,"href":"https:\/\/www.konstantin-goerlich.de\/wordpress\/wp-json\/wp\/v2\/users\/1"}],"replies":[{"embeddable":true,"href":"https:\/\/www.konstantin-goerlich.de\/wordpress\/wp-json\/wp\/v2\/comments?post=573"}],"version-history":[{"count":0,"href":"https:\/\/www.konstantin-goerlich.de\/wordpress\/wp-json\/wp\/v2\/posts\/573\/revisions"}],"wp:attachment":[{"href":"https:\/\/www.konstantin-goerlich.de\/wordpress\/wp-json\/wp\/v2\/media?parent=573"}],"wp:term":[{"taxonomy":"category","embeddable":true,"href":"https:\/\/www.konstantin-goerlich.de\/wordpress\/wp-json\/wp\/v2\/categories?post=573"},{"taxonomy":"post_tag","embeddable":true,"href":"https:\/\/www.konstantin-goerlich.de\/wordpress\/wp-json\/wp\/v2\/tags?post=573"}],"curies":[{"name":"wp","href":"https:\/\/api.w.org\/{rel}","templated":true}]}}