{"id":572,"date":"2009-11-09T08:00:00","date_gmt":"2009-11-09T07:00:00","guid":{"rendered":"http:\/\/www.konstantin-goerlich.de\/wordpress\/2009\/11\/09\/die-vergangene-woche-bei-twitter-2009-11-09\/"},"modified":"2009-11-09T08:00:00","modified_gmt":"2009-11-09T07:00:00","slug":"die-vergangene-woche-bei-twitter-2009-11-09","status":"publish","type":"post","link":"https:\/\/www.konstantin-goerlich.de\/wordpress\/2009\/11\/09\/die-vergangene-woche-bei-twitter-2009-11-09\/","title":{"rendered":"Die vergangene Woche bei Twitter. (2009-11-09)"},"content":{"rendered":"<ul class=\"aktt_tweet_digest\">\n<li>ein abschied von vielen. aber haut-, hirn- &amp; herznah dokumentiert. taschent\u00fccher bereithalten. zukunftsangst abschalten. <a href=\"http:\/\/is.gd\/4Qbec\" rel=\"nofollow\">http:\/\/is.gd\/4Qbec<\/a> <a href=\"http:\/\/twitter.com\/konstantin_frbg\/statuses\/5533520828\" class=\"aktt_tweet_time\">#<\/a><\/li>\n<li>so ber\u00fchrend *seufz* da\u00df es einem den halben sonntag versauen kann:  &quot;Geboren am 9. November&quot; &#8211; Jochen Schmidt in der #<a href=\"http:\/\/search.twitter.com\/search?q=%23taz\" class=\"aktt_hashtag\">taz<\/a> <a href=\"http:\/\/tr.im\/Ew6U\" rel=\"nofollow\">http:\/\/tr.im\/Ew6U<\/a> <a href=\"http:\/\/twitter.com\/konstantin_frbg\/statuses\/5531497514\" class=\"aktt_tweet_time\">#<\/a><\/li>\n<li>mal wieder am axis&amp;allies zocken, wieder als ami. gleich pazifikkampf + landung in afrika :-) <a href=\"http:\/\/twitpic.com\/omy2j\" rel=\"nofollow\">http:\/\/twitpic.com\/omy2j<\/a> #<a href=\"http:\/\/search.twitter.com\/search?q=%23killerspielspie\" class=\"aktt_hashtag\">killerspielspie<\/a>ler <a href=\"http:\/\/twitter.com\/konstantin_frbg\/statuses\/5511685265\" class=\"aktt_tweet_time\">#<\/a><\/li>\n<li>BZ \u00e4tzt gegen linkes OB-Kandidierenden-Findungs-B\u00fcndnis: Die \u00fcblichen ganz linken Verd\u00e4chtigen. Soso. <a href=\"http:\/\/tr.im\/Eqhl\" rel=\"nofollow\">http:\/\/tr.im\/Eqhl<\/a> <a href=\"http:\/\/twitter.com\/konstantin_frbg\/statuses\/5504153563\" class=\"aktt_tweet_time\">#<\/a><\/li>\n<li>gratis papierstreifen: <a href=\"http:\/\/bit.ly\/1w8EdW\" rel=\"nofollow\">http:\/\/bit.ly\/1w8EdW<\/a> <a href=\"http:\/\/twitter.com\/konstantin_frbg\/statuses\/5488965923\" class=\"aktt_tweet_time\">#<\/a><\/li>\n<li>hmm, was k\u00f6nnte man heut #<a href=\"http:\/\/search.twitter.com\/search?q=%23abend\" class=\"aktt_hashtag\">abend<\/a> in #<a href=\"http:\/\/search.twitter.com\/search?q=%23freiburg\" class=\"aktt_hashtag\">freiburg<\/a> mal machen? <a href=\"http:\/\/twitter.com\/konstantin_frbg\/statuses\/5485605462\" class=\"aktt_tweet_time\">#<\/a><\/li>\n<li>fertig: eine stunde lang das neue schnurlose festnetztelefon verkabelt. #<a href=\"http:\/\/search.twitter.com\/search?q=%23paradox\" class=\"aktt_hashtag\">paradox<\/a> <a href=\"http:\/\/twitter.com\/konstantin_frbg\/statuses\/5482754329\" class=\"aktt_tweet_time\">#<\/a><\/li>\n<li>RT @pixeljunkie: Der K&amp;U B\u00e4cker am Ende der Lorettostrasse verschenkt Eis! #<a href=\"http:\/\/search.twitter.com\/search?q=%23Freiburg\" class=\"aktt_hashtag\">Freiburg<\/a> #<a href=\"http:\/\/search.twitter.com\/search?q=%23MagnumMandel\" class=\"aktt_hashtag\">MagnumMandel<\/a> <a href=\"http:\/\/twitter.com\/konstantin_frbg\/statuses\/5477657902\" class=\"aktt_tweet_time\">#<\/a><\/li>\n<li>f\u00fcr radfahrer ohne licht am rad gibt es grad auf der blauen br\u00fccke in #<a href=\"http:\/\/search.twitter.com\/search?q=%23freiburg\" class=\"aktt_hashtag\">freiburg<\/a>: keinen lebkuchen. f\u00fcr alle andern schon :-) <a href=\"http:\/\/twitter.com\/konstantin_frbg\/statuses\/5453810681\" class=\"aktt_tweet_time\">#<\/a><\/li>\n<li>RT @blackspear: &quot;Bei einem RT reicht die Angabe des Orginalautors V\u00d6LLLIG. Ehrlich.&quot; <a href=\"http:\/\/twitter.com\/blackspear\/statuses\/5445939681\" class=\"aktt_tweet_reply\">in reply to blackspear<\/a> <a href=\"http:\/\/twitter.com\/konstantin_frbg\/statuses\/5446037568\" class=\"aktt_tweet_time\">#<\/a><\/li>\n<li>Wenn Verbote nicht mehr wirken: &quot;Beim Verzehr mitgebrachter Speisen und Getr\u00e4nke erheben wir 5\u20ac Geb\u00fchr.&quot; <a href=\"http:\/\/twitter.com\/konstantin_frbg\/statuses\/5446025974\" class=\"aktt_tweet_time\">#<\/a><\/li>\n<li>ganz dumme idee: den rest aus einer gro\u00dfen flasche trinkend durch eine niedrige t\u00fcr gehen. ist aber knapp nix passiert. #<a href=\"http:\/\/search.twitter.com\/search?q=%23zahnfee\" class=\"aktt_hashtag\">zahnfee<\/a> #<a href=\"http:\/\/search.twitter.com\/search?q=%23fail\" class=\"aktt_hashtag\">fail<\/a> <a href=\"http:\/\/twitter.com\/konstantin_frbg\/statuses\/5445299545\" class=\"aktt_tweet_time\">#<\/a><\/li>\n<li>#schwarzgelb ist doch nur ein scherz. die #<a href=\"http:\/\/search.twitter.com\/search?q=%23MAZ\" class=\"aktt_hashtag\">MAZ<\/a> deckt auf: &quot;&#8230; Pl\u00e4ne der neuen sozial-liberalen Regierung &#8230;&quot; <a href=\"http:\/\/tr.im\/Ecsj\" rel=\"nofollow\">http:\/\/tr.im\/Ecsj<\/a> <a href=\"http:\/\/twitter.com\/konstantin_frbg\/statuses\/5445131102\" class=\"aktt_tweet_time\">#<\/a><\/li>\n<li>seminar vorbei, #<a href=\"http:\/\/search.twitter.com\/search?q=%23vvfr\" class=\"aktt_hashtag\">vvfr<\/a> auch, jetzt noch kurz zum #<a href=\"http:\/\/search.twitter.com\/search?q=%23akj\" class=\"aktt_hashtag\">akj<\/a> stammtisch in die goldene krone. <a href=\"http:\/\/twitter.com\/konstantin_frbg\/statuses\/5427364669\" class=\"aktt_tweet_time\">#<\/a><\/li>\n<li>volles Redeliste, spannende Diskussion &#8211; und ich muss weg. erstmal. weiter live von der #<a href=\"http:\/\/search.twitter.com\/search?q=%23VVFR\" class=\"aktt_hashtag\">VVFR<\/a> geht es bei @tahobii. <a href=\"http:\/\/twitter.com\/konstantin_frbg\/statuses\/5424960597\" class=\"aktt_tweet_time\">#<\/a><\/li>\n<li>nach 5min Fragerunde werden jetzt die Schanz&#39;schen Thesen lebhaft diskutiert &amp; scharf kritisiert. nach 90min wirds endlich dynamisch. #<a href=\"http:\/\/search.twitter.com\/search?q=%23VVFR\" class=\"aktt_hashtag\">VVFR<\/a> <a href=\"http:\/\/twitter.com\/konstantin_frbg\/statuses\/5424787075\" class=\"aktt_tweet_time\">#<\/a><\/li>\n<li>7 Thesen von Prorektor Schanz: alles nicht so schlimm mit BA\/MA, Studiengeb\u00fchren usw., der Saal lauscht and\u00e4chtig den vielen Zahlen. #<a href=\"http:\/\/search.twitter.com\/search?q=%23VVFR\" class=\"aktt_hashtag\">VVFR<\/a> <a href=\"http:\/\/twitter.com\/konstantin_frbg\/statuses\/5424259959\" class=\"aktt_tweet_time\">#<\/a><\/li>\n<li>Prorektor Schanz trifft soeben ein. Derweil haben es allerlei Meinungssammlungsplakate nach vorn geschafft. #<a href=\"http:\/\/search.twitter.com\/search?q=%23VVFR\" class=\"aktt_hashtag\">VVFR<\/a> <a href=\"http:\/\/twitter.com\/konstantin_frbg\/statuses\/5422966113\" class=\"aktt_tweet_time\">#<\/a><\/li>\n<li>Vorschlag von @JW_fr: Ein Moderationskoffer f\u00fcr Clemens zum Geburtstag. Find ich gemein. Ich finde n\u00e4mlich, da\u00df er das gut macht. #<a href=\"http:\/\/search.twitter.com\/search?q=%23VVFR\" class=\"aktt_hashtag\">VVFR<\/a> <a href=\"http:\/\/twitter.com\/konstantin_frbg\/statuses\/5422909987\" class=\"aktt_tweet_time\">#<\/a><\/li>\n<li>kommunikatives Konzept (rote, gr\u00fcne &amp; wei\u00dfe Zettel: was findest Du an der #<a href=\"http:\/\/search.twitter.com\/search?q=%23Uni\" class=\"aktt_hashtag\">Uni<\/a> #<a href=\"http:\/\/search.twitter.com\/search?q=%23Freiburg\" class=\"aktt_hashtag\">Freiburg<\/a> gut, was doof?) sorgt f\u00fcr Erheiterung. Naja. #<a href=\"http:\/\/search.twitter.com\/search?q=%23VVFR\" class=\"aktt_hashtag\">VVFR<\/a> <a href=\"http:\/\/twitter.com\/konstantin_frbg\/statuses\/5422840645\" class=\"aktt_tweet_time\">#<\/a><\/li>\n<li>Streichung des TOPs mit Schanz abgelehnt. #<a href=\"http:\/\/search.twitter.com\/search?q=%23VVFR\" class=\"aktt_hashtag\">VVFR<\/a> <a href=\"http:\/\/twitter.com\/konstantin_frbg\/statuses\/5422597312\" class=\"aktt_tweet_time\">#<\/a><\/li>\n<li>geht schon los: Antrag, den TOP mit Pro-Rektor Schanz zu streichen. Habe mit \/studentischer\/ #<a href=\"http:\/\/search.twitter.com\/search?q=%23Vollversammlung\" class=\"aktt_hashtag\">Vollversammlung<\/a> nix zu tun. #<a href=\"http:\/\/search.twitter.com\/search?q=%23VVFR\" class=\"aktt_hashtag\">VVFR<\/a> <a href=\"http:\/\/twitter.com\/konstantin_frbg\/statuses\/5422512583\" class=\"aktt_tweet_time\">#<\/a><\/li>\n<li>#Vollversammlung an der #<a href=\"http:\/\/search.twitter.com\/search?q=%23Uni\" class=\"aktt_hashtag\">Uni<\/a> #<a href=\"http:\/\/search.twitter.com\/search?q=%23Freiburg\" class=\"aktt_hashtag\">Freiburg<\/a> f\u00e4ngt gleich an, sieht aber (noch?) nicht beschlu\u00dff\u00e4hig aus. #<a href=\"http:\/\/search.twitter.com\/search?q=%23VVFR\" class=\"aktt_hashtag\">VVFR<\/a> Wird der Bildungsstreik bestreikt? <a href=\"http:\/\/twitter.com\/konstantin_frbg\/statuses\/5422346094\" class=\"aktt_tweet_time\">#<\/a><\/li>\n<li>RT @JW_Fr: Ba-W\u00fc-Innenminister Rech: &quot;Ich glaube nicht, dass man Menschen mit Verboten \u00e4ndern kann.&quot; Trotzdem: <a href=\"http:\/\/tr.im\/E7jx\" rel=\"nofollow\">http:\/\/tr.im\/E7jx<\/a> <a href=\"http:\/\/twitter.com\/konstantin_frbg\/statuses\/5421047877\" class=\"aktt_tweet_time\">#<\/a><\/li>\n<li>&quot;Kein @<a href=\"http:\/\/twitter.com\/saschalobo\" class=\"aktt_username\">saschalobo<\/a> dieser Welt wird jemals in einem gedruckten Lexikon und keinem Geschichtsbuch erw\u00e4hnt werden&#8230;&quot; <a href=\"http:\/\/tr.im\/E77D\" rel=\"nofollow\">http:\/\/tr.im\/E77D<\/a> <a href=\"http:\/\/twitter.com\/konstantin_frbg\/statuses\/5419462522\" class=\"aktt_tweet_time\">#<\/a><\/li>\n<li>Besetzungen an den Unis #<a href=\"http:\/\/search.twitter.com\/search?q=%23Heidelberg\" class=\"aktt_hashtag\">Heidelberg<\/a> und #<a href=\"http:\/\/search.twitter.com\/search?q=%23M\" class=\"aktt_hashtag\">M<\/a>\u00fcnster. Heute \u00fcbrigens Studi-Vollversammlung an der #<a href=\"http:\/\/search.twitter.com\/search?q=%23Uni\" class=\"aktt_hashtag\">Uni<\/a> #<a href=\"http:\/\/search.twitter.com\/search?q=%23Freiburg\" class=\"aktt_hashtag\">Freiburg<\/a>. Nennen wir sie einfach #<a href=\"http:\/\/search.twitter.com\/search?q=%23VVFR\" class=\"aktt_hashtag\">VVFR<\/a> <a href=\"http:\/\/twitter.com\/konstantin_frbg\/statuses\/5419274687\" class=\"aktt_tweet_time\">#<\/a><\/li>\n<li>Urteile rechtskr\u00e4ftig: Stadt #<a href=\"http:\/\/search.twitter.com\/search?q=%23Freiburg\" class=\"aktt_hashtag\">Freiburg<\/a> versucht nicht, in Revision zu gehen. <a href=\"http:\/\/tr.im\/E6Kk\" rel=\"nofollow\">http:\/\/tr.im\/E6Kk<\/a> #<a href=\"http:\/\/search.twitter.com\/search?q=%23akj\" class=\"aktt_hashtag\">akj<\/a> #<a href=\"http:\/\/search.twitter.com\/search?q=%23Alkoholverbot\" class=\"aktt_hashtag\">Alkoholverbot<\/a> <a href=\"http:\/\/twitter.com\/konstantin_frbg\/statuses\/5418184958\" class=\"aktt_tweet_time\">#<\/a><\/li>\n<li>Demonstrationen in #<a href=\"http:\/\/search.twitter.com\/search?q=%23Teheran\" class=\"aktt_hashtag\">Teheran<\/a>, Polizei schie\u00dft auf Regimegegner: <a href=\"http:\/\/bit.ly\/2rJWxZ\" rel=\"nofollow\">http:\/\/bit.ly\/2rJWxZ<\/a> <a href=\"http:\/\/twitter.com\/konstantin_frbg\/statuses\/5416660508\" class=\"aktt_tweet_time\">#<\/a><\/li>\n<li>#GM will #<a href=\"http:\/\/search.twitter.com\/search?q=%23Opel\" class=\"aktt_hashtag\">Opel<\/a> nun doch behalten. Kann denen mal jemand sagen, da\u00df &quot;Opelretter&quot; zu #<a href=\"http:\/\/search.twitter.com\/search?q=%23Guttenberg\" class=\"aktt_hashtag\">Guttenberg<\/a> jetzt Verteidigungsminister ist? <a href=\"http:\/\/twitter.com\/konstantin_frbg\/statuses\/5416630622\" class=\"aktt_tweet_time\">#<\/a><\/li>\n<li>Alles f\u00fcr die Katz: RT @OpheliaWinter: Was schenke ich meinem Kater zu #<a href=\"http:\/\/search.twitter.com\/search?q=%23Weihnachten\" class=\"aktt_hashtag\">Weihnachten<\/a>? <a href=\"http:\/\/bit.ly\/2VPH6D\" rel=\"nofollow\">http:\/\/bit.ly\/2VPH6D<\/a> <a href=\"http:\/\/twitter.com\/konstantin_frbg\/statuses\/5416568796\" class=\"aktt_tweet_time\">#<\/a><\/li>\n<li>&quot;Du hast 2 Tacker?&quot; &quot;Einer ist kaputt.&quot; &quot;Schade, ich dacht schon, ich k\u00f6nnt Dir einen wegnehmen.&quot; &quot;Du kannst den kaputten haben.&quot; <a href=\"http:\/\/twitter.com\/konstantin_frbg\/statuses\/5416548105\" class=\"aktt_tweet_time\">#<\/a><\/li>\n<li>heute ist \u00fcbrigens um 16 uhr #<a href=\"http:\/\/search.twitter.com\/search?q=%23vollversammlung\" class=\"aktt_hashtag\">vollversammlung<\/a> der studierenden an der #<a href=\"http:\/\/search.twitter.com\/search?q=%23uni\" class=\"aktt_hashtag\">uni<\/a> #<a href=\"http:\/\/search.twitter.com\/search?q=%23freiburg\" class=\"aktt_hashtag\">freiburg<\/a>, im #<a href=\"http:\/\/search.twitter.com\/search?q=%23audimax\" class=\"aktt_hashtag\">audimax<\/a>. <a href=\"http:\/\/twitter.com\/konstantin_frbg\/statuses\/5416436620\" class=\"aktt_tweet_time\">#<\/a><\/li>\n<li>RT @DreisamPirat: Kurz nach 3 Uhr  f\u00e4llt mir auf, dass ich heute noch gar nichts zur #<a href=\"http:\/\/search.twitter.com\/search?q=%23Schweinegrippe\" class=\"aktt_hashtag\">Schweinegrippe<\/a> gesagt habe. Also sage ich nichts! <a href=\"http:\/\/twitter.com\/konstantin_frbg\/statuses\/5416400651\" class=\"aktt_tweet_time\">#<\/a><\/li>\n<li>seltsamen geschmack festgestellt: zitronenlimo (aus sirup) schmeckt zu s\u00fc\u00df. blick auf flasche verr\u00e4t: es ist grapefruit. auch lecker. <a href=\"http:\/\/twitter.com\/konstantin_frbg\/statuses\/5404919407\" class=\"aktt_tweet_time\">#<\/a><\/li>\n<li>RT @andreafilou: mein Dad hats noch gesagt, nach der #<a href=\"http:\/\/search.twitter.com\/search?q=%23btw09\" class=\"aktt_hashtag\">btw09<\/a> wird es nichts mit #<a href=\"http:\/\/search.twitter.com\/search?q=%23Magna\" class=\"aktt_hashtag\">Magna<\/a> und er soll wohl recht behalten. #<a href=\"http:\/\/search.twitter.com\/search?q=%23unfassbar\" class=\"aktt_hashtag\">unfassbar<\/a> #<a href=\"http:\/\/search.twitter.com\/search?q=%23opel\" class=\"aktt_hashtag\">opel<\/a> #<a href=\"http:\/\/search.twitter.com\/search?q=%23gm\" class=\"aktt_hashtag\">gm<\/a> <a href=\"http:\/\/twitter.com\/konstantin_frbg\/statuses\/5404147230\" class=\"aktt_tweet_time\">#<\/a><\/li>\n<li>wie ich soeben erfahren gibt es am 25.11. wieder ersti-t\u00fcten. praktisch f\u00fcr die entsorgungsplanung. #<a href=\"http:\/\/search.twitter.com\/search?q=%23uni\" class=\"aktt_hashtag\">uni<\/a> #<a href=\"http:\/\/search.twitter.com\/search?q=%23freiburg\" class=\"aktt_hashtag\">freiburg<\/a> <a href=\"http:\/\/twitter.com\/konstantin_frbg\/statuses\/5391280458\" class=\"aktt_tweet_time\">#<\/a><\/li>\n<li>die teilw. zerfahrene laubmatschansammlung auf den radwegen ist wie jedes jahr mal wieder sauglatt. #<a href=\"http:\/\/search.twitter.com\/search?q=%23uiuiui\" class=\"aktt_hashtag\">uiuiui<\/a> #<a href=\"http:\/\/search.twitter.com\/search?q=%23fahrradstadt\" class=\"aktt_hashtag\">fahrradstadt<\/a> #<a href=\"http:\/\/search.twitter.com\/search?q=%23freiburg\" class=\"aktt_hashtag\">freiburg<\/a> <a href=\"http:\/\/twitter.com\/konstantin_frbg\/statuses\/5367067634\" class=\"aktt_tweet_time\">#<\/a><\/li>\n<li>RT @misscaro: und dieses zusammenzucken jedes mal, wenn in den nachrichten vom &quot;au\u00dfenminister westerwelle&quot; gesprochen wird. <a href=\"http:\/\/twitter.com\/konstantin_frbg\/statuses\/5362415307\" class=\"aktt_tweet_time\">#<\/a><\/li>\n<li>seniorenstudierende im h\u00f6rsaal: immer zuerst da, immer am gang, nie aufr\u00fcckwillig, oft grimmig. #<a href=\"http:\/\/search.twitter.com\/search?q=%23generationenkon\" class=\"aktt_hashtag\">generationenkon<\/a>flikt #<a href=\"http:\/\/search.twitter.com\/search?q=%23uni\" class=\"aktt_hashtag\">uni<\/a> #<a href=\"http:\/\/search.twitter.com\/search?q=%23freiburg\" class=\"aktt_hashtag\">freiburg<\/a> <a href=\"http:\/\/twitter.com\/konstantin_frbg\/statuses\/5361237974\" class=\"aktt_tweet_time\">#<\/a><\/li>\n<li>RT @fxneumann: Gebloggt: Kritik am Freiburger Uni-R\u00e4tesystem <a href=\"http:\/\/bit.ly\/2OvwlK\" rel=\"nofollow\">http:\/\/bit.ly\/2OvwlK<\/a> \u00dcber das R\u00e4tesystem des #<a href=\"http:\/\/search.twitter.com\/search?q=%23u\" class=\"aktt_hashtag\">u<\/a>-asta der #<a href=\"http:\/\/search.twitter.com\/search?q=%23Uni\" class=\"aktt_hashtag\">Uni<\/a> #<a href=\"http:\/\/search.twitter.com\/search?q=%23Freiburg\" class=\"aktt_hashtag\">Freiburg<\/a> <a href=\"http:\/\/twitter.com\/konstantin_frbg\/statuses\/5359396142\" class=\"aktt_tweet_time\">#<\/a><\/li>\n<li>herbstliche flurbeleuchtung: habe die am langsamsten startende lampe der welt entdeckt. startzeit = doppelte flurdurchquerungszeit. #<a href=\"http:\/\/search.twitter.com\/search?q=%23fail\" class=\"aktt_hashtag\">fail<\/a> <a href=\"http:\/\/twitter.com\/konstantin_frbg\/statuses\/5359205514\" class=\"aktt_tweet_time\">#<\/a><\/li>\n<\/ul>\n","protected":false},"excerpt":{"rendered":"<p>ein abschied von vielen. aber haut-, hirn- &amp; herznah dokumentiert. taschent\u00fccher bereithalten. zukunftsangst abschalten. http:\/\/is.gd\/4Qbec # so ber\u00fchrend *seufz* da\u00df es einem den halben sonntag versauen kann: &quot;Geboren am 9. November&quot; &#8211; Jochen Schmidt in der #taz http:\/\/tr.im\/Ew6U # mal wieder am axis&amp;allies zocken, wieder als ami. gleich pazifikkampf + landung in afrika :-) http:\/\/twitpic.com\/omy2j &#8230; <\/p>\n<p class=\"read-more-container\"><a title=\"Die vergangene Woche bei Twitter. (2009-11-09)\" class=\"read-more button\" href=\"https:\/\/www.konstantin-goerlich.de\/wordpress\/2009\/11\/09\/die-vergangene-woche-bei-twitter-2009-11-09\/#more-572\" aria-label=\"Mehr Informationen \u00fcber Die vergangene Woche bei Twitter. (2009-11-09)\">weiterlesen<\/a><\/p>\n","protected":false},"author":1,"featured_media":0,"comment_status":"open","ping_status":"open","sticky":false,"template":"","format":"standard","meta":{"footnotes":""},"categories":[1],"tags":[],"_links":{"self":[{"href":"https:\/\/www.konstantin-goerlich.de\/wordpress\/wp-json\/wp\/v2\/posts\/572"}],"collection":[{"href":"https:\/\/www.konstantin-goerlich.de\/wordpress\/wp-json\/wp\/v2\/posts"}],"about":[{"href":"https:\/\/www.konstantin-goerlich.de\/wordpress\/wp-json\/wp\/v2\/types\/post"}],"author":[{"embeddable":true,"href":"https:\/\/www.konstantin-goerlich.de\/wordpress\/wp-json\/wp\/v2\/users\/1"}],"replies":[{"embeddable":true,"href":"https:\/\/www.konstantin-goerlich.de\/wordpress\/wp-json\/wp\/v2\/comments?post=572"}],"version-history":[{"count":0,"href":"https:\/\/www.konstantin-goerlich.de\/wordpress\/wp-json\/wp\/v2\/posts\/572\/revisions"}],"wp:attachment":[{"href":"https:\/\/www.konstantin-goerlich.de\/wordpress\/wp-json\/wp\/v2\/media?parent=572"}],"wp:term":[{"taxonomy":"category","embeddable":true,"href":"https:\/\/www.konstantin-goerlich.de\/wordpress\/wp-json\/wp\/v2\/categories?post=572"},{"taxonomy":"post_tag","embeddable":true,"href":"https:\/\/www.konstantin-goerlich.de\/wordpress\/wp-json\/wp\/v2\/tags?post=572"}],"curies":[{"name":"wp","href":"https:\/\/api.w.org\/{rel}","templated":true}]}}