{"id":562,"date":"2009-10-26T07:00:00","date_gmt":"2009-10-26T06:00:00","guid":{"rendered":"http:\/\/www.konstantin-goerlich.de\/wordpress\/2009\/10\/26\/die-vergangene-woche-bei-twitter-2009-10-26\/"},"modified":"2009-10-26T07:00:00","modified_gmt":"2009-10-26T06:00:00","slug":"die-vergangene-woche-bei-twitter-2009-10-26","status":"publish","type":"post","link":"https:\/\/www.konstantin-goerlich.de\/wordpress\/2009\/10\/26\/die-vergangene-woche-bei-twitter-2009-10-26\/","title":{"rendered":"Die vergangene Woche bei Twitter. (2009-10-26)"},"content":{"rendered":"<ul class=\"aktt_tweet_digest\">\n<li>@<a href=\"http:\/\/twitter.com\/blackspear\" class=\"aktt_username\">blackspear<\/a> so eine art unfollow monday f\u00fcrs real life, ja? <a href=\"http:\/\/twitter.com\/blackspear\/statuses\/4986279301\" class=\"aktt_tweet_reply\">in reply to blackspear<\/a> <a href=\"http:\/\/twitter.com\/konstantin_frbg\/statuses\/4986368773\" class=\"aktt_tweet_time\">#<\/a><\/li>\n<li>RT @lifereport: &quot;#Uni #<a href=\"http:\/\/search.twitter.com\/search?q=%23Freiburg\" class=\"aktt_hashtag\">Freiburg<\/a> hat bei &quot;Exzellenter Lehre&quot; gewonnen. Muahaha.&quot; <a href=\"http:\/\/twitter.com\/konstantin_frbg\/statuses\/4991671958\" class=\"aktt_tweet_time\">#<\/a><\/li>\n<li>@<a href=\"http:\/\/twitter.com\/OpheliaWinter\" class=\"aktt_username\">OpheliaWinter<\/a> na dann mal herzlich willkommen an der #<a href=\"http:\/\/search.twitter.com\/search?q=%23uni\" class=\"aktt_hashtag\">uni<\/a> und in #<a href=\"http:\/\/search.twitter.com\/search?q=%23freiburg\" class=\"aktt_hashtag\">freiburg<\/a> :-) <a href=\"http:\/\/twitter.com\/OpheliaWinter\/statuses\/4991873579\" class=\"aktt_tweet_reply\">in reply to OpheliaWinter<\/a> <a href=\"http:\/\/twitter.com\/konstantin_frbg\/statuses\/4991902876\" class=\"aktt_tweet_time\">#<\/a><\/li>\n<li>RT @JW_Fr: Uni Freiburg gewinnt 1 Mio \u20ac im Wettbewerb f. exz. Lehre. Leider kommt das wohl kaum beim Durchschnittsstudi an <a href=\"http:\/\/tr.im\/CiK1\" rel=\"nofollow\">http:\/\/tr.im\/CiK1<\/a> <a href=\"http:\/\/twitter.com\/konstantin_frbg\/statuses\/4991954223\" class=\"aktt_tweet_time\">#<\/a><\/li>\n<li>Also 1 Mio \u20ac f\u00fcr die #<a href=\"http:\/\/search.twitter.com\/search?q=%23Uni\" class=\"aktt_hashtag\">Uni<\/a> #<a href=\"http:\/\/search.twitter.com\/search?q=%23Freiburg\" class=\"aktt_hashtag\">Freiburg<\/a> f\u00fcr &quot;Windows for Higher Education&quot;. Ich empfehle f\u00fcr Higher Education ja Mac OS X oder Linux &#8230; <a href=\"http:\/\/twitter.com\/konstantin_frbg\/statuses\/4991992092\" class=\"aktt_tweet_time\">#<\/a><\/li>\n<li>RT @lifereport: lachhaft: #<a href=\"http:\/\/search.twitter.com\/search?q=%23Uni\" class=\"aktt_hashtag\">Uni<\/a> #<a href=\"http:\/\/search.twitter.com\/search?q=%23Freiburg\" class=\"aktt_hashtag\">Freiburg<\/a> erh\u00e4lt Lehrpreis f\u00fcr exzellente Leere. Und wir sitzen auf dem Fu\u00dfboden und den Treppen. Tolle Lehre <a href=\"http:\/\/twitter.com\/konstantin_frbg\/statuses\/4997358195\" class=\"aktt_tweet_time\">#<\/a><\/li>\n<li>@<a href=\"http:\/\/twitter.com\/ferociousfern\" class=\"aktt_username\">ferociousfern<\/a> na dann mal auch dir ein herzliches willkommen an der #<a href=\"http:\/\/search.twitter.com\/search?q=%23uni\" class=\"aktt_hashtag\">uni<\/a> und in #<a href=\"http:\/\/search.twitter.com\/search?q=%23freiburg\" class=\"aktt_hashtag\">freiburg<\/a> :-) <a href=\"http:\/\/twitter.com\/ferociousfern\/statuses\/4999701864\" class=\"aktt_tweet_reply\">in reply to ferociousfern<\/a> <a href=\"http:\/\/twitter.com\/konstantin_frbg\/statuses\/5002921858\" class=\"aktt_tweet_time\">#<\/a><\/li>\n<li>bin mal wieder im u-asta, bei der fsk und das endlich mal als zuschauer. mein nachfolger macht das echt gut, ist erst seine ca. 3. sitzung. <a href=\"http:\/\/twitter.com\/konstantin_frbg\/statuses\/5022255663\" class=\"aktt_tweet_time\">#<\/a><\/li>\n<li>RT @_cd_: Das Ordnungsamt #<a href=\"http:\/\/search.twitter.com\/search?q=%23Freiburg\" class=\"aktt_hashtag\">Freiburg<\/a> l\u00e4sst mal wieder Radfahrer am #<a href=\"http:\/\/search.twitter.com\/search?q=%23Bertoldsbrunnen\" class=\"aktt_hashtag\">Bertoldsbrunnen<\/a> absteigen. <a href=\"http:\/\/twitpic.com\/mc0fn\" rel=\"nofollow\">http:\/\/twitpic.com\/mc0fn<\/a> #<a href=\"http:\/\/search.twitter.com\/search?q=%23Fahrradstadt\" class=\"aktt_hashtag\">Fahrradstadt<\/a> <a href=\"http:\/\/twitter.com\/konstantin_frbg\/statuses\/5038924136\" class=\"aktt_tweet_time\">#<\/a><\/li>\n<li>Neue Nutzungsregeln: Rektorat verunm\u00f6glicht Parties im Peterhofkeller. uErstiparty jetzt im Kamikaze. Termin&amp;Bands bleiben gleich. #<a href=\"http:\/\/search.twitter.com\/search?q=%23Freiburg\" class=\"aktt_hashtag\">Freiburg<\/a> <a href=\"http:\/\/twitter.com\/konstantin_frbg\/statuses\/5045218646\" class=\"aktt_tweet_time\">#<\/a><\/li>\n<li>@<a href=\"http:\/\/twitter.com\/DreisamPirat\" class=\"aktt_username\">DreisamPirat<\/a> am 29.10. <a href=\"http:\/\/twitter.com\/konstantin_frbg\/statuses\/5045650629\" class=\"aktt_tweet_time\">#<\/a><\/li>\n<li>#Wohnraumpolitikfail: RT @stadtreporter: Studienanf\u00e4nger-Boom in Freiburg. Notlager um Matratzenraum erweitert. <a href=\"http:\/\/tinyurl.com\/yj77z3y\" rel=\"nofollow\">http:\/\/tinyurl.com\/yj77z3y<\/a> <a href=\"http:\/\/twitter.com\/konstantin_frbg\/statuses\/5045839411\" class=\"aktt_tweet_time\">#<\/a><\/li>\n<li>Gesellschaft ver\u00e4ndern? There&#39;s an app for that! <a href=\"http:\/\/twitter.com\/konstantin_frbg\/statuses\/5046795608\" class=\"aktt_tweet_time\">#<\/a><\/li>\n<li>&quot;Kursname darf nicht verwendet werden&quot;: #<a href=\"http:\/\/search.twitter.com\/search?q=%23studivz\" class=\"aktt_hashtag\">studivz<\/a> erlaubt mein Seminar &quot;Ver\u00e4ndert das iPhone die Gesellschaft&quot; nicht als Lehrveranst. #<a href=\"http:\/\/search.twitter.com\/search?q=%23fail\" class=\"aktt_hashtag\">fail<\/a> <a href=\"http:\/\/twitter.com\/konstantin_frbg\/statuses\/5048597764\" class=\"aktt_tweet_time\">#<\/a><\/li>\n<li>Geht wohl um Studiengeb\u00fchren: RT @fsgfreiburg: Verl\u00e4ngerung der Befreiungsantragsfristen f\u00fcr Erstsemester <a href=\"http:\/\/url4.eu\/dj9L\" rel=\"nofollow\">http:\/\/url4.eu\/dj9L<\/a> #<a href=\"http:\/\/search.twitter.com\/search?q=%23Uni\" class=\"aktt_hashtag\">Uni<\/a> #<a href=\"http:\/\/search.twitter.com\/search?q=%23Freiburg\" class=\"aktt_hashtag\">Freiburg<\/a> <a href=\"http:\/\/twitter.com\/konstantin_frbg\/statuses\/5048615965\" class=\"aktt_tweet_time\">#<\/a><\/li>\n<li>noch ein wenig beim akj-erstistammtisch. lauter nette jura-ersties :-) #<a href=\"http:\/\/search.twitter.com\/search?q=%23uni\" class=\"aktt_hashtag\">uni<\/a> #<a href=\"http:\/\/search.twitter.com\/search?q=%23freiburg\" class=\"aktt_hashtag\">freiburg<\/a> <a href=\"http:\/\/twitter.com\/konstantin_frbg\/statuses\/5051190835\" class=\"aktt_tweet_time\">#<\/a><\/li>\n<li>RT @maatc: Heute morgen ein Nagetier mit Schaum vorm Mund gesehen. Wahrscheinlich eine Ratte Macchiato. <a href=\"http:\/\/twitter.com\/konstantin_frbg\/statuses\/5063856107\" class=\"aktt_tweet_time\">#<\/a><\/li>\n<li>Man mu\u00df sich nur zu helfen wissen: 16j\u00e4hriger frisiert 25 km\/h Mofa auf 92 km\/h und l\u00e4\u00dft Kennzeichen rotieren (!) <a href=\"http:\/\/tr.im\/CFCg\" rel=\"nofollow\">http:\/\/tr.im\/CFCg<\/a> <a href=\"http:\/\/twitter.com\/konstantin_frbg\/statuses\/5072039618\" class=\"aktt_tweet_time\">#<\/a><\/li>\n<li>@<a href=\"http:\/\/twitter.com\/DreisamPirat\" class=\"aktt_username\">DreisamPirat<\/a> in Kunstpelz? <a href=\"http:\/\/twitter.com\/DreisamPirat\/statuses\/5071876711\" class=\"aktt_tweet_reply\">in reply to DreisamPirat<\/a> <a href=\"http:\/\/twitter.com\/konstantin_frbg\/statuses\/5072055361\" class=\"aktt_tweet_time\">#<\/a><\/li>\n<li>RT @zeitrafferin: lustige randnotiz: die webseite <a href=\"http:\/\/www.derfreiburgerkreis.de\/\" rel=\"nofollow\">http:\/\/www.derfreiburgerkreis.de\/<\/a> (linksliberale in der fdp) funktioniert nicht mehr. <a href=\"http:\/\/twitter.com\/konstantin_frbg\/statuses\/5118601382\" class=\"aktt_tweet_time\">#<\/a><\/li>\n<li>Ich fordere dringend mehr Transparenz in der Wetterpolitik! #<a href=\"http:\/\/search.twitter.com\/search?q=%23Nebel\" class=\"aktt_hashtag\">Nebel<\/a> #<a href=\"http:\/\/search.twitter.com\/search?q=%23Freiburg\" class=\"aktt_hashtag\">Freiburg<\/a> <a href=\"http:\/\/twitter.com\/konstantin_frbg\/statuses\/5118628130\" class=\"aktt_tweet_time\">#<\/a><\/li>\n<li>apropos Sirenenprobe in #<a href=\"http:\/\/search.twitter.com\/search?q=%23Freiburg\" class=\"aktt_hashtag\">Freiburg<\/a>: Gibt es hier eigentlich auch Evakuierungsrouten f\u00fcr Fahrr\u00e4der? #<a href=\"http:\/\/search.twitter.com\/search?q=%23Fahrradstadt\" class=\"aktt_hashtag\">Fahrradstadt<\/a> <a href=\"http:\/\/twitter.com\/konstantin_frbg\/statuses\/5118900722\" class=\"aktt_tweet_time\">#<\/a><\/li>\n<li>andererseits: Gibt es in und um #<a href=\"http:\/\/search.twitter.com\/search?q=%23Freiburg\" class=\"aktt_hashtag\">Freiburg<\/a> _\u00fcberhaupt_ Evakuierungsrouten? Falls #<a href=\"http:\/\/search.twitter.com\/search?q=%23Fessenheim\" class=\"aktt_hashtag\">Fessenheim<\/a> #<a href=\"http:\/\/search.twitter.com\/search?q=%23fail\" class=\"aktt_hashtag\">fail<\/a>, und so&#8230; <a href=\"http:\/\/twitter.com\/konstantin_frbg\/statuses\/5119017556\" class=\"aktt_tweet_time\">#<\/a><\/li>\n<li>@<a href=\"http:\/\/twitter.com\/misscaro\" class=\"aktt_username\">misscaro<\/a> mir radio fritz hab ich ja meine jugend verbracht :-) cool, das mal irgendwo erw\u00e4hnt zu finden. <a href=\"http:\/\/twitter.com\/misscaro\/statuses\/5126679925\" class=\"aktt_tweet_reply\">in reply to misscaro<\/a> <a href=\"http:\/\/twitter.com\/konstantin_frbg\/statuses\/5129768213\" class=\"aktt_tweet_time\">#<\/a><\/li>\n<li>die Fensterbohrer (<a href=\"http:\/\/tr.im\/CYjk\" rel=\"nofollow\">http:\/\/tr.im\/CYjk<\/a>) schlafen nicht: Heut Nacht waren sie am Rande Merzhausens unterwegs. Leute, passt auf! <a href=\"http:\/\/twitter.com\/konstantin_frbg\/statuses\/5143828760\" class=\"aktt_tweet_time\">#<\/a><\/li>\n<li>touRISSmus: grad in staufen, rathaus gucken. ganz schlimm :-( ob&#39;s in einem jahr wohl noch steht? <a href=\"http:\/\/twitter.com\/konstantin_frbg\/statuses\/5144935795\" class=\"aktt_tweet_time\">#<\/a><\/li>\n<\/ul>\n","protected":false},"excerpt":{"rendered":"<p>@blackspear so eine art unfollow monday f\u00fcrs real life, ja? in reply to blackspear # RT @lifereport: &quot;#Uni #Freiburg hat bei &quot;Exzellenter Lehre&quot; gewonnen. Muahaha.&quot; # @OpheliaWinter na dann mal herzlich willkommen an der #uni und in #freiburg :-) in reply to OpheliaWinter # RT @JW_Fr: Uni Freiburg gewinnt 1 Mio \u20ac im Wettbewerb f. &#8230; <\/p>\n<p class=\"read-more-container\"><a title=\"Die vergangene Woche bei Twitter. (2009-10-26)\" class=\"read-more button\" href=\"https:\/\/www.konstantin-goerlich.de\/wordpress\/2009\/10\/26\/die-vergangene-woche-bei-twitter-2009-10-26\/#more-562\" aria-label=\"Mehr Informationen \u00fcber Die vergangene Woche bei Twitter. (2009-10-26)\">weiterlesen<\/a><\/p>\n","protected":false},"author":1,"featured_media":0,"comment_status":"open","ping_status":"open","sticky":false,"template":"","format":"standard","meta":{"footnotes":""},"categories":[1],"tags":[],"_links":{"self":[{"href":"https:\/\/www.konstantin-goerlich.de\/wordpress\/wp-json\/wp\/v2\/posts\/562"}],"collection":[{"href":"https:\/\/www.konstantin-goerlich.de\/wordpress\/wp-json\/wp\/v2\/posts"}],"about":[{"href":"https:\/\/www.konstantin-goerlich.de\/wordpress\/wp-json\/wp\/v2\/types\/post"}],"author":[{"embeddable":true,"href":"https:\/\/www.konstantin-goerlich.de\/wordpress\/wp-json\/wp\/v2\/users\/1"}],"replies":[{"embeddable":true,"href":"https:\/\/www.konstantin-goerlich.de\/wordpress\/wp-json\/wp\/v2\/comments?post=562"}],"version-history":[{"count":0,"href":"https:\/\/www.konstantin-goerlich.de\/wordpress\/wp-json\/wp\/v2\/posts\/562\/revisions"}],"wp:attachment":[{"href":"https:\/\/www.konstantin-goerlich.de\/wordpress\/wp-json\/wp\/v2\/media?parent=562"}],"wp:term":[{"taxonomy":"category","embeddable":true,"href":"https:\/\/www.konstantin-goerlich.de\/wordpress\/wp-json\/wp\/v2\/categories?post=562"},{"taxonomy":"post_tag","embeddable":true,"href":"https:\/\/www.konstantin-goerlich.de\/wordpress\/wp-json\/wp\/v2\/tags?post=562"}],"curies":[{"name":"wp","href":"https:\/\/api.w.org\/{rel}","templated":true}]}}