{"id":557,"date":"2009-10-19T08:00:00","date_gmt":"2009-10-19T07:00:00","guid":{"rendered":"http:\/\/www.konstantin-goerlich.de\/wordpress\/2009\/10\/19\/die-vergangene-woche-bei-twitter-2009-10-19\/"},"modified":"2009-10-19T08:00:00","modified_gmt":"2009-10-19T07:00:00","slug":"die-vergangene-woche-bei-twitter-2009-10-19","status":"publish","type":"post","link":"https:\/\/www.konstantin-goerlich.de\/wordpress\/2009\/10\/19\/die-vergangene-woche-bei-twitter-2009-10-19\/","title":{"rendered":"Die vergangene Woche bei Twitter. (2009-10-19)"},"content":{"rendered":"<ul class=\"aktt_tweet_digest\">\n<li>&quot;&#8230;und zum Mittelalter geht&#39;s hier die Treppe hoch.&quot; Ich glaub es geht los: Die erste Ersti-Gruppe wird durch die KG4-Bibliothek gef\u00fchrt. <a href=\"http:\/\/twitter.com\/konstantin_frbg\/statuses\/4804753662\" class=\"aktt_tweet_time\">#<\/a><\/li>\n<li>RT @badischezeitung: Gasalarm an der Unibibliothek #<a href=\"http:\/\/search.twitter.com\/search?q=%23freiburg\" class=\"aktt_hashtag\">freiburg<\/a> <a href=\"http:\/\/bit.ly\/W1QAN\" rel=\"nofollow\">http:\/\/bit.ly\/W1QAN<\/a> <a href=\"http:\/\/twitter.com\/konstantin_frbg\/statuses\/4830595177\" class=\"aktt_tweet_time\">#<\/a><\/li>\n<li>kalt, nass und grau: die Zeit ist reif f\u00fcr einen New Herbst! <a href=\"http:\/\/twitter.com\/konstantin_frbg\/statuses\/4831749664\" class=\"aktt_tweet_time\">#<\/a><\/li>\n<li>RT @maatc: Ich mache hiermit von meinem\n<p>S<br \/>\ne<br \/>\nn<br \/>\nk<br \/>\nr<br \/>\ne<br \/>\nc<br \/>\nh<br \/>\nt<\/p>\n<p>gebrauch! <a href=\"http:\/\/twitter.com\/konstantin_frbg\/statuses\/4833485303\" class=\"aktt_tweet_time\">#<\/a><\/li>\n<li>@<a href=\"http:\/\/twitter.com\/udovetter\" class=\"aktt_username\">udovetter<\/a> &#8230; falls die SPD dann noch an Wahlen teilnimmt &#8230; <a href=\"http:\/\/twitter.com\/udovetter\/statuses\/4836911986\" class=\"aktt_tweet_reply\">in reply to udovetter<\/a> <a href=\"http:\/\/twitter.com\/konstantin_frbg\/statuses\/4837021368\" class=\"aktt_tweet_time\">#<\/a><\/li>\n<li>Oh, was haben wir denn da? Eine amtliche Warnung vor Nachtfrost um die -2\u00b0C. Na dann guten Rutsch! <a href=\"http:\/\/twitter.com\/konstantin_frbg\/statuses\/4841708842\" class=\"aktt_tweet_time\">#<\/a><\/li>\n<li>Ersties, \u00fcberall Ersties :-) Alle Jahre wieder. Ach, sind die klein ^^<br \/>\nImmerhin, ich werde in der Bibliothek nicht gleich mit erkl\u00e4rt &#8230; <a href=\"http:\/\/twitter.com\/konstantin_frbg\/statuses\/4857698279\" class=\"aktt_tweet_time\">#<\/a><\/li>\n<li>probiere jetzt aus, ob die #<a href=\"http:\/\/search.twitter.com\/search?q=%23mensa\" class=\"aktt_hashtag\">mensa<\/a> hirschragout kann. #<a href=\"http:\/\/search.twitter.com\/search?q=%23failerwartung\" class=\"aktt_hashtag\">failerwartung<\/a> #<a href=\"http:\/\/search.twitter.com\/search?q=%23freiburg\" class=\"aktt_hashtag\">freiburg<\/a> <a href=\"http:\/\/twitter.com\/konstantin_frbg\/statuses\/4858800261\" class=\"aktt_tweet_time\">#<\/a><\/li>\n<li>jawoll, die #<a href=\"http:\/\/search.twitter.com\/search?q=%23mensa\" class=\"aktt_hashtag\">mensa<\/a> kann hirschragout. zart und lecker. sp\u00e4tzle auch gut, rotkraut etwas weich, aber schmackhaft. #<a href=\"http:\/\/search.twitter.com\/search?q=%23freiburg\" class=\"aktt_hashtag\">freiburg<\/a> <a href=\"http:\/\/twitter.com\/konstantin_frbg\/statuses\/4859247086\" class=\"aktt_tweet_time\">#<\/a><\/li>\n<li>Provinzposse im Herbstloch: RT @badischezeitung: Offline: Polizei l\u00e4sst Freiburger Antifa-Website abschalten  <a href=\"http:\/\/n8wym.tk\" rel=\"nofollow\">http:\/\/n8wym.tk<\/a> <a href=\"http:\/\/twitter.com\/konstantin_frbg\/statuses\/4883911810\" class=\"aktt_tweet_time\">#<\/a><\/li>\n<li>ist das da drau\u00dfen jetzt eigentlich schon diese soziale k\u00e4lte? wegen schwarz-gelb und so. #<a href=\"http:\/\/search.twitter.com\/search?q=%23brrr\" class=\"aktt_hashtag\">brrr<\/a> <a href=\"http:\/\/twitter.com\/konstantin_frbg\/statuses\/4884242145\" class=\"aktt_tweet_time\">#<\/a><\/li>\n<li>RT @th_d: Frisch gebloggt (GruenesFreiburg): Strafverfahren gegen Vorst\u00e4nde des KTS-Tr\u00e4gervereins eingestellt &#8211; <a href=\"http:\/\/tinyurl.com\/ykf5yka\" rel=\"nofollow\">http:\/\/tinyurl.com\/ykf5yka<\/a> <a href=\"http:\/\/twitter.com\/konstantin_frbg\/statuses\/4892689224\" class=\"aktt_tweet_time\">#<\/a><\/li>\n<li>@<a href=\"http:\/\/twitter.com\/stadtreporter\" class=\"aktt_username\">stadtreporter<\/a> und @JW_Fr: Die Ersties sind heutzutage auch das eine oder andere J\u00e4hrchen j\u00fcnger und kommen oft direkt von der Schule. <a href=\"http:\/\/twitter.com\/konstantin_frbg\/statuses\/4892740239\" class=\"aktt_tweet_time\">#<\/a><\/li>\n<li>sch\u00e4uble gestoppt, #<a href=\"http:\/\/search.twitter.com\/search?q=%23zensursula\" class=\"aktt_hashtag\">zensursula<\/a> auch: #<a href=\"http:\/\/search.twitter.com\/search?q=%23FDP\" class=\"aktt_hashtag\">FDP<\/a>+ stoppt Internetsperren: <a href=\"http:\/\/tr.im\/BUFg\" rel=\"nofollow\">http:\/\/tr.im\/BUFg<\/a> #<a href=\"http:\/\/search.twitter.com\/search?q=%23SPON\" class=\"aktt_hashtag\">SPON<\/a> <a href=\"http:\/\/twitter.com\/konstantin_frbg\/statuses\/4895905579\" class=\"aktt_tweet_time\">#<\/a><\/li>\n<li>Will ich wissen, welche HellseherInnen das fordern? RT @zeitrafferin: &quot;Vorratsdatenspeicherung auf schwere F\u00e4lle begrenzen&quot; \u00e4h bitte &#8211; WTF? <a href=\"http:\/\/twitter.com\/konstantin_frbg\/statuses\/4910543524\" class=\"aktt_tweet_time\">#<\/a><\/li>\n<li>Unterwegs in abenteuerlicher Mission. Operativ. <a href=\"http:\/\/twitter.com\/konstantin_frbg\/statuses\/4910898614\" class=\"aktt_tweet_time\">#<\/a><\/li>\n<li>den operativen erfordernissen entsprechend mit plan\u00fcbererf\u00fcllung gegl\u00e4nzt und seit 10:34 Uhr zwischenpr\u00fcfung in allen f\u00e4chern :-) <a href=\"http:\/\/twitter.com\/konstantin_frbg\/statuses\/4911990644\" class=\"aktt_tweet_time\">#<\/a><\/li>\n<li>Atomkraft einfach aufessen: Am Gr\u00fcne HSG Stand beim Markt der M\u00f6glichkeiten gibt&#39;s wieder leckere Kraftwerke: <a href=\"http:\/\/twitpic.com\/lq4nx\" rel=\"nofollow\">http:\/\/twitpic.com\/lq4nx<\/a> <a href=\"http:\/\/twitter.com\/konstantin_frbg\/statuses\/4914490154\" class=\"aktt_tweet_time\">#<\/a><\/li>\n<li>Gleich geht&#39;s los: Bodo Wartke im Paulussaal #<a href=\"http:\/\/search.twitter.com\/search?q=%23Freiburg\" class=\"aktt_hashtag\">Freiburg<\/a> :-) Trotz freiem Platzwahlkampf in der 4. Reihe gelandet. <a href=\"http:\/\/twitter.com\/konstantin_frbg\/statuses\/4920924565\" class=\"aktt_tweet_time\">#<\/a><\/li>\n<li>Selten ein so begeistert durchdrehendes Publikum erlebt wie bei Bodo Wartke heute in #<a href=\"http:\/\/search.twitter.com\/search?q=%23Freiburg\" class=\"aktt_hashtag\">Freiburg<\/a>. Er war einfach spektakul\u00e4r virtous :-) <a href=\"http:\/\/twitter.com\/konstantin_frbg\/statuses\/4926392964\" class=\"aktt_tweet_time\">#<\/a><\/li>\n<li>#Freiburg hat heute gegen #<a href=\"http:\/\/search.twitter.com\/search?q=%23Bayern\" class=\"aktt_hashtag\">Bayern<\/a> gespielt? Wu\u00dfte gar nicht, da\u00df die Bayern in der zweiten Liga sind &#8230; <a href=\"http:\/\/twitter.com\/konstantin_frbg\/statuses\/4947373309\" class=\"aktt_tweet_time\">#<\/a><\/li>\n<li>Wie man es auch dreht und wendet &#8230; RT @HeikoR: Prospekt Apple Logo #<a href=\"http:\/\/search.twitter.com\/search?q=%23fail\" class=\"aktt_hashtag\">fail<\/a> <a href=\"http:\/\/yfrog.com\/5nearoj\" rel=\"nofollow\">http:\/\/yfrog.com\/5nearoj<\/a> #<a href=\"http:\/\/search.twitter.com\/search?q=%23h\" class=\"aktt_hashtag\">h<\/a>\u00f6ffner <a href=\"http:\/\/twitter.com\/konstantin_frbg\/statuses\/4947503152\" class=\"aktt_tweet_time\">#<\/a><\/li>\n<li>@<a href=\"http:\/\/twitter.com\/udovetter\" class=\"aktt_username\">udovetter<\/a> empfehle zuerst den ausgiebigen test im shop: webbrowser, responsivit\u00e4t und verarbeitung \u00fcberzeugten mich nicht. #<a href=\"http:\/\/search.twitter.com\/search?q=%23palm\" class=\"aktt_hashtag\">palm<\/a> #<a href=\"http:\/\/search.twitter.com\/search?q=%23pre\" class=\"aktt_hashtag\">pre<\/a> #<a href=\"http:\/\/search.twitter.com\/search?q=%23fail\" class=\"aktt_hashtag\">fail<\/a> <a href=\"http:\/\/twitter.com\/udovetter\/statuses\/4949439689\" class=\"aktt_tweet_reply\">in reply to udovetter<\/a> <a href=\"http:\/\/twitter.com\/konstantin_frbg\/statuses\/4949569433\" class=\"aktt_tweet_time\">#<\/a><\/li>\n<li>RT @sixtus: Wenn von der Leyen wirklich Gesundheitsministerin werden sollte, werden Viren k\u00fcnftig mit Stoppschildern abgeschreckt. <a href=\"http:\/\/twitter.com\/konstantin_frbg\/statuses\/4949862765\" class=\"aktt_tweet_time\">#<\/a><\/li>\n<\/ul>\n","protected":false},"excerpt":{"rendered":"<p>&quot;&#8230;und zum Mittelalter geht&#39;s hier die Treppe hoch.&quot; Ich glaub es geht los: Die erste Ersti-Gruppe wird durch die KG4-Bibliothek gef\u00fchrt. # RT @badischezeitung: Gasalarm an der Unibibliothek #freiburg http:\/\/bit.ly\/W1QAN # kalt, nass und grau: die Zeit ist reif f\u00fcr einen New Herbst! # RT @maatc: Ich mache hiermit von meinem S e n k &#8230; <\/p>\n<p class=\"read-more-container\"><a title=\"Die vergangene Woche bei Twitter. (2009-10-19)\" class=\"read-more button\" href=\"https:\/\/www.konstantin-goerlich.de\/wordpress\/2009\/10\/19\/die-vergangene-woche-bei-twitter-2009-10-19\/#more-557\" aria-label=\"Mehr Informationen \u00fcber Die vergangene Woche bei Twitter. (2009-10-19)\">weiterlesen<\/a><\/p>\n","protected":false},"author":1,"featured_media":0,"comment_status":"open","ping_status":"open","sticky":false,"template":"","format":"standard","meta":{"footnotes":""},"categories":[1],"tags":[],"_links":{"self":[{"href":"https:\/\/www.konstantin-goerlich.de\/wordpress\/wp-json\/wp\/v2\/posts\/557"}],"collection":[{"href":"https:\/\/www.konstantin-goerlich.de\/wordpress\/wp-json\/wp\/v2\/posts"}],"about":[{"href":"https:\/\/www.konstantin-goerlich.de\/wordpress\/wp-json\/wp\/v2\/types\/post"}],"author":[{"embeddable":true,"href":"https:\/\/www.konstantin-goerlich.de\/wordpress\/wp-json\/wp\/v2\/users\/1"}],"replies":[{"embeddable":true,"href":"https:\/\/www.konstantin-goerlich.de\/wordpress\/wp-json\/wp\/v2\/comments?post=557"}],"version-history":[{"count":0,"href":"https:\/\/www.konstantin-goerlich.de\/wordpress\/wp-json\/wp\/v2\/posts\/557\/revisions"}],"wp:attachment":[{"href":"https:\/\/www.konstantin-goerlich.de\/wordpress\/wp-json\/wp\/v2\/media?parent=557"}],"wp:term":[{"taxonomy":"category","embeddable":true,"href":"https:\/\/www.konstantin-goerlich.de\/wordpress\/wp-json\/wp\/v2\/categories?post=557"},{"taxonomy":"post_tag","embeddable":true,"href":"https:\/\/www.konstantin-goerlich.de\/wordpress\/wp-json\/wp\/v2\/tags?post=557"}],"curies":[{"name":"wp","href":"https:\/\/api.w.org\/{rel}","templated":true}]}}