{"id":556,"date":"2009-10-12T08:00:00","date_gmt":"2009-10-12T07:00:00","guid":{"rendered":"http:\/\/www.konstantin-goerlich.de\/wordpress\/2009\/10\/12\/die-vergangene-woche-bei-twitter-2009-10-12\/"},"modified":"2009-10-12T08:00:00","modified_gmt":"2009-10-12T07:00:00","slug":"die-vergangene-woche-bei-twitter-2009-10-12","status":"publish","type":"post","link":"https:\/\/www.konstantin-goerlich.de\/wordpress\/2009\/10\/12\/die-vergangene-woche-bei-twitter-2009-10-12\/","title":{"rendered":"Die vergangene Woche bei Twitter. (2009-10-12)"},"content":{"rendered":"<ul class=\"aktt_tweet_digest\">\n<li>gew\u00f6hne mich gerade an meine neue maus :-) wei\u00df nur noch nicht so recht wohin mit dem kleinen finger. der hat keine taste abbekommen &#8230; <a href=\"http:\/\/twitter.com\/konstantin_frbg\/statuses\/4626952798\" class=\"aktt_tweet_time\">#<\/a><\/li>\n<li>Hohe \u00dcbereinstimmung mit Rathausspitze: RT @badischezeitung: OB-Wahl in #<a href=\"http:\/\/search.twitter.com\/search?q=%23Freiburg\" class=\"aktt_hashtag\">Freiburg<\/a>: CDU schickt keinen Kandidaten ins Rennen <a href=\"http:\/\/qmfgi.tk\" rel=\"nofollow\">http:\/\/qmfgi.tk<\/a> <a href=\"http:\/\/twitter.com\/konstantin_frbg\/statuses\/4650494745\" class=\"aktt_tweet_time\">#<\/a><\/li>\n<li>ich auch: RT @_tillwe_: Ich w\u00fcrde mich ja \u00fcber einen gr\u00fcnen OB, der von SPD und Linksalternativen unterst\u00fctzt wird, deutlich mehr freuen. <a href=\"http:\/\/twitter.com\/konstantin_frbg\/statuses\/4651560650\" class=\"aktt_tweet_time\">#<\/a><\/li>\n<li>unterwegs in offizieller mission <a href=\"http:\/\/twitter.com\/konstantin_frbg\/statuses\/4656260815\" class=\"aktt_tweet_time\">#<\/a><\/li>\n<li>Bin jetzt bei der Sitzung des Projektbeirates zur Umgestaltung des Rotteckringes. #<a href=\"http:\/\/search.twitter.com\/search?q=%23einmalwiesander\" class=\"aktt_hashtag\">einmalwiesander<\/a>twittern <a href=\"http:\/\/twitter.com\/konstantin_frbg\/statuses\/4656690297\" class=\"aktt_tweet_time\">#<\/a><\/li>\n<li>im o2-shop \u00fcber palm pre informiert. verk\u00e4ufer zeigt mir fotos davon zwecks gr\u00f6\u00dfenvergleich. auf seinem iphone. *seufz* <a href=\"http:\/\/twitter.com\/konstantin_frbg\/statuses\/4660464517\" class=\"aktt_tweet_time\">#<\/a><\/li>\n<li>RT @helmutschmidt: So lange geschwiegen. So lange wortlos? Mitnichten! Ich t\u00fcftle, wer die SPD noch retten kann\u2026 <a href=\"http:\/\/twitter.com\/konstantin_frbg\/statuses\/4680376413\" class=\"aktt_tweet_time\">#<\/a><\/li>\n<li>das vielsagendste kommt am ende: RT @zeitrafferin: Jetzt erst goutiert: Danke, liebe Bildergalerien-Fraktion <a href=\"http:\/\/u.nu\/7chg3\" rel=\"nofollow\">http:\/\/u.nu\/7chg3<\/a> bei taz.de! <a href=\"http:\/\/twitter.com\/konstantin_frbg\/statuses\/4703990508\" class=\"aktt_tweet_time\">#<\/a><\/li>\n<li>grad erstmals seit langem beim lernen eingeschlafen. aber gewi\u00df nicht wegen eines langweiligen themas. hab vergessen(!), kaffee zu trinken.. <a href=\"http:\/\/twitter.com\/konstantin_frbg\/statuses\/4711005972\" class=\"aktt_tweet_time\">#<\/a><\/li>\n<li>Wilde Horden aus dem Osten: Nebelschwaben ziehen \u00fcber #<a href=\"http:\/\/search.twitter.com\/search?q=%23Freiburg\" class=\"aktt_hashtag\">Freiburg<\/a>. <a href=\"http:\/\/twitter.com\/konstantin_frbg\/statuses\/4728931010\" class=\"aktt_tweet_time\">#<\/a><\/li>\n<li>finde die neue aufteilung der @<a href=\"http:\/\/twitter.com\/badischezeitung\" class=\"aktt_username\">badischezeitung<\/a> f\u00fcr #<a href=\"http:\/\/search.twitter.com\/search?q=%23freiburg\" class=\"aktt_hashtag\">freiburg<\/a> ziemlich un\u00fcbersichtlich. alle artikel mit teaser war besser. <a href=\"http:\/\/tr.im\/Bb7f\" rel=\"nofollow\">http:\/\/tr.im\/Bb7f<\/a> <a href=\"http:\/\/twitter.com\/konstantin_frbg\/statuses\/4729643232\" class=\"aktt_tweet_time\">#<\/a><\/li>\n<li>H\u00e4tt nicht O.b.Laden d. #<a href=\"http:\/\/search.twitter.com\/search?q=%23Friedensnobelpr\" class=\"aktt_hashtag\">Friedensnobelpr<\/a>eis bekommen m\u00fcssen? Er ist noch mehr nicht George W. Bush als Obama nicht George W. Bush ist. #<a href=\"http:\/\/search.twitter.com\/search?q=%23fail\" class=\"aktt_hashtag\">fail<\/a> <a href=\"http:\/\/twitter.com\/konstantin_frbg\/statuses\/4731543541\" class=\"aktt_tweet_time\">#<\/a><\/li>\n<li>RT @Brainvibes: wundert sich \u00fcber die #<a href=\"http:\/\/search.twitter.com\/search?q=%23Piraten\" class=\"aktt_hashtag\">Piraten<\/a> die immer \u00f6fter Mailinglisten geschlossen haben wollen. #<a href=\"http:\/\/search.twitter.com\/search?q=%23Transparenz\" class=\"aktt_hashtag\">Transparenz<\/a> #<a href=\"http:\/\/search.twitter.com\/search?q=%23fail\" class=\"aktt_hashtag\">fail<\/a> <a href=\"http:\/\/twitter.com\/konstantin_frbg\/statuses\/4757348959\" class=\"aktt_tweet_time\">#<\/a><\/li>\n<li>obama auch nur ein weiterer frieden versprechender, aber gleichzeitig krieg f\u00fchrender tr\u00e4ger des #<a href=\"http:\/\/search.twitter.com\/search?q=%23freidensnobelpr\" class=\"aktt_hashtag\">freidensnobelpr<\/a>eis: <a href=\"http:\/\/tr.im\/Bmz1\" rel=\"nofollow\">http:\/\/tr.im\/Bmz1<\/a> <a href=\"http:\/\/twitter.com\/konstantin_frbg\/statuses\/4769611255\" class=\"aktt_tweet_time\">#<\/a><\/li>\n<li>ich habe #<a href=\"http:\/\/search.twitter.com\/search?q=%23tazpresso\" class=\"aktt_hashtag\">tazpresso<\/a> :-) <a href=\"http:\/\/twitter.com\/konstantin_frbg\/statuses\/4782590906\" class=\"aktt_tweet_time\">#<\/a><\/li>\n<li>RT @sixtus: Hihi! Da haben die Gr\u00fcnen dem Lafontaine sein Saar-Comback ja h\u00fcbsch versaut. #<a href=\"http:\/\/search.twitter.com\/search?q=%23jamaika\" class=\"aktt_hashtag\">jamaika<\/a> #<a href=\"http:\/\/search.twitter.com\/search?q=%23saarland\" class=\"aktt_hashtag\">saarland<\/a> <a href=\"http:\/\/twitter.com\/konstantin_frbg\/statuses\/4783127074\" class=\"aktt_tweet_time\">#<\/a><\/li>\n<li>RT @bov: Was ist das eigentlich f\u00fcr eine supergeheime Riesenschweinerei, mit der die CDU Gr\u00fcne und SPD erpresst? #<a href=\"http:\/\/search.twitter.com\/search?q=%23saarland\" class=\"aktt_hashtag\">saarland<\/a> #<a href=\"http:\/\/search.twitter.com\/search?q=%23thueringen\" class=\"aktt_hashtag\">thueringen<\/a> <a href=\"http:\/\/twitter.com\/konstantin_frbg\/statuses\/4786233869\" class=\"aktt_tweet_time\">#<\/a><\/li>\n<li>beim #<a href=\"http:\/\/search.twitter.com\/search?q=%23spieleabend\" class=\"aktt_hashtag\">spieleabend<\/a> einen kl\u00e4glichen und mit abstand letzten platz bei #<a href=\"http:\/\/search.twitter.com\/search?q=%23kingsburg\" class=\"aktt_hashtag\">kingsburg<\/a> mit erweiterung errungen. #<a href=\"http:\/\/search.twitter.com\/search?q=%23fail\" class=\"aktt_hashtag\">fail<\/a> <a href=\"http:\/\/twitter.com\/konstantin_frbg\/statuses\/4792276374\" class=\"aktt_tweet_time\">#<\/a><\/li>\n<\/ul>\n","protected":false},"excerpt":{"rendered":"<p>gew\u00f6hne mich gerade an meine neue maus :-) wei\u00df nur noch nicht so recht wohin mit dem kleinen finger. der hat keine taste abbekommen &#8230; # Hohe \u00dcbereinstimmung mit Rathausspitze: RT @badischezeitung: OB-Wahl in #Freiburg: CDU schickt keinen Kandidaten ins Rennen http:\/\/qmfgi.tk # ich auch: RT @_tillwe_: Ich w\u00fcrde mich ja \u00fcber einen gr\u00fcnen OB, &#8230; <\/p>\n<p class=\"read-more-container\"><a title=\"Die vergangene Woche bei Twitter. (2009-10-12)\" class=\"read-more button\" href=\"https:\/\/www.konstantin-goerlich.de\/wordpress\/2009\/10\/12\/die-vergangene-woche-bei-twitter-2009-10-12\/#more-556\" aria-label=\"Mehr Informationen \u00fcber Die vergangene Woche bei Twitter. (2009-10-12)\">weiterlesen<\/a><\/p>\n","protected":false},"author":1,"featured_media":0,"comment_status":"open","ping_status":"open","sticky":false,"template":"","format":"standard","meta":{"footnotes":""},"categories":[1],"tags":[],"_links":{"self":[{"href":"https:\/\/www.konstantin-goerlich.de\/wordpress\/wp-json\/wp\/v2\/posts\/556"}],"collection":[{"href":"https:\/\/www.konstantin-goerlich.de\/wordpress\/wp-json\/wp\/v2\/posts"}],"about":[{"href":"https:\/\/www.konstantin-goerlich.de\/wordpress\/wp-json\/wp\/v2\/types\/post"}],"author":[{"embeddable":true,"href":"https:\/\/www.konstantin-goerlich.de\/wordpress\/wp-json\/wp\/v2\/users\/1"}],"replies":[{"embeddable":true,"href":"https:\/\/www.konstantin-goerlich.de\/wordpress\/wp-json\/wp\/v2\/comments?post=556"}],"version-history":[{"count":0,"href":"https:\/\/www.konstantin-goerlich.de\/wordpress\/wp-json\/wp\/v2\/posts\/556\/revisions"}],"wp:attachment":[{"href":"https:\/\/www.konstantin-goerlich.de\/wordpress\/wp-json\/wp\/v2\/media?parent=556"}],"wp:term":[{"taxonomy":"category","embeddable":true,"href":"https:\/\/www.konstantin-goerlich.de\/wordpress\/wp-json\/wp\/v2\/categories?post=556"},{"taxonomy":"post_tag","embeddable":true,"href":"https:\/\/www.konstantin-goerlich.de\/wordpress\/wp-json\/wp\/v2\/tags?post=556"}],"curies":[{"name":"wp","href":"https:\/\/api.w.org\/{rel}","templated":true}]}}