{"id":555,"date":"2009-10-05T08:00:00","date_gmt":"2009-10-05T07:00:00","guid":{"rendered":"http:\/\/www.konstantin-goerlich.de\/wordpress\/2009\/10\/05\/die-vergangene-woche-bei-twitter-2009-10-05\/"},"modified":"2009-10-05T08:00:00","modified_gmt":"2009-10-05T07:00:00","slug":"die-vergangene-woche-bei-twitter-2009-10-05","status":"publish","type":"post","link":"https:\/\/www.konstantin-goerlich.de\/wordpress\/2009\/10\/05\/die-vergangene-woche-bei-twitter-2009-10-05\/","title":{"rendered":"Die vergangene Woche bei Twitter. (2009-10-05)"},"content":{"rendered":"<ul class=\"aktt_tweet_digest\">\n<li>oh leute, ich hab getr\u00e4umt, schwarz-gelb h\u00e4tte gewonnen &#8230; hmm &#8230; achso &#8230; mist. <a href=\"http:\/\/twitter.com\/konstantin_frbg\/statuses\/4438084075\" class=\"aktt_tweet_time\">#<\/a><\/li>\n<li>schwerh\u00f6riger nachbar gg\u00fc. telefoniert auf balkon \u00fcber freisprech mit ebenfalls schwerh\u00f6rigem kumpel. geht um CDU. und zweitakt-rasenm\u00e4her. <a href=\"http:\/\/twitter.com\/konstantin_frbg\/statuses\/4443338911\" class=\"aktt_tweet_time\">#<\/a><\/li>\n<li>RT @saschalobo: Praxis: &quot;Vor 2010 kein Termin&quot; Ich: &quot;Privatvers.&quot; &quot;K\u00f6nnen Sie in 1h da sein?&quot;<br \/>\nSchwarzgelb wird toll. Nur eben nicht f\u00fcr alle <a href=\"http:\/\/twitter.com\/konstantin_frbg\/statuses\/4445285428\" class=\"aktt_tweet_time\">#<\/a><\/li>\n<li>RT @der_martin: Habe nie verstanden, was Polizisten mit Maschinenpistolen bei erh\u00f6hter Terrorgefahr au\u00dfer Verunsicherung bringen sollen. <a href=\"http:\/\/twitter.com\/konstantin_frbg\/statuses\/4465469145\" class=\"aktt_tweet_time\">#<\/a><\/li>\n<li>RT @voisard: Ich mach mir keine Sorgen um Frauen in F\u00fchrungspos., ich mach mir Sorgen um Idioten in F\u00fchrungspos. Geschlecht dabei egal. <a href=\"http:\/\/twitter.com\/konstantin_frbg\/statuses\/4468067262\" class=\"aktt_tweet_time\">#<\/a><\/li>\n<li>RT @sixtus: &quot;Westerwelle geh\u00f6rt zu den dt. Politikern, die immer noch am Koordinatenkreuz der alten Bundesrepublik tragen&quot; <a href=\"http:\/\/u.nu\/4p7d3\" rel=\"nofollow\">http:\/\/u.nu\/4p7d3<\/a> <a href=\"http:\/\/twitter.com\/konstantin_frbg\/statuses\/4471754570\" class=\"aktt_tweet_time\">#<\/a><\/li>\n<li>Netter Anblick: das KG1 der #<a href=\"http:\/\/search.twitter.com\/search?q=%23uni\" class=\"aktt_hashtag\">uni<\/a> #<a href=\"http:\/\/search.twitter.com\/search?q=%23Freiburg\" class=\"aktt_hashtag\">Freiburg<\/a> ohne die #<a href=\"http:\/\/search.twitter.com\/search?q=%23Br\" class=\"aktt_hashtag\">Br<\/a>\u00fccke der #<a href=\"http:\/\/search.twitter.com\/search?q=%23Bibliothek\" class=\"aktt_hashtag\">Bibliothek<\/a> davor <a href=\"http:\/\/twitpic.com\/jpfs8\" rel=\"nofollow\">http:\/\/twitpic.com\/jpfs8<\/a> <a href=\"http:\/\/twitter.com\/konstantin_frbg\/statuses\/4495305900\" class=\"aktt_tweet_time\">#<\/a><\/li>\n<li>RT @zeitrafferin: &quot;Westerwelle ist der neue L\u00fcbke!&quot; <a href=\"http:\/\/twitter.com\/zeitrafferin\/statuses\/4495445158\" class=\"aktt_tweet_reply\">in reply to zeitrafferin<\/a> <a href=\"http:\/\/twitter.com\/konstantin_frbg\/statuses\/4495758682\" class=\"aktt_tweet_time\">#<\/a><\/li>\n<li>@<a href=\"http:\/\/twitter.com\/blackspear\" class=\"aktt_username\">blackspear<\/a> wie kommst denn dadrauf? ich hab nen uralten o2 xda mit windows mobile 5. noch. <a href=\"http:\/\/twitter.com\/blackspear\/statuses\/4495817014\" class=\"aktt_tweet_reply\">in reply to blackspear<\/a> <a href=\"http:\/\/twitter.com\/konstantin_frbg\/statuses\/4496032394\" class=\"aktt_tweet_time\">#<\/a><\/li>\n<li>@<a href=\"http:\/\/twitter.com\/blackspear\" class=\"aktt_username\">blackspear<\/a> np, aber eine frage hab ich noch: wo kann man gucken, was ich f\u00fcr ein mobiltelefon hab? #\u00fcberwachungsstaat <a href=\"http:\/\/twitter.com\/blackspear\/statuses\/4496075593\" class=\"aktt_tweet_reply\">in reply to blackspear<\/a> <a href=\"http:\/\/twitter.com\/konstantin_frbg\/statuses\/4496133276\" class=\"aktt_tweet_time\">#<\/a><\/li>\n<li>@<a href=\"http:\/\/twitter.com\/blackspear\" class=\"aktt_username\">blackspear<\/a> ah, dann standst du wohl mal neben mir ^^ man kann sich in der tat irren, es ist n\u00e4mlich wei\u00df ;-) <a href=\"http:\/\/twitter.com\/blackspear\/statuses\/4496174896\" class=\"aktt_tweet_reply\">in reply to blackspear<\/a> <a href=\"http:\/\/twitter.com\/konstantin_frbg\/statuses\/4496397218\" class=\"aktt_tweet_time\">#<\/a><\/li>\n<li>Millimetergenau: neue Schilder f\u00fcr Briefkasten und Klingel gebastelt. In meinem neuen Lieblingsfont Didot. Und mit &amp; statt \/ zwi. den Namen. <a href=\"http:\/\/twitter.com\/konstantin_frbg\/statuses\/4498622056\" class=\"aktt_tweet_time\">#<\/a><\/li>\n<li>unterwegs in geheimer mission <a href=\"http:\/\/twitter.com\/konstantin_frbg\/statuses\/4502740709\" class=\"aktt_tweet_time\">#<\/a><\/li>\n<li>RT @ClubdtDichter: &quot;Ihr M\u00e4dchen seid wie die G\u00e4rten<br \/>\nam Abend im April:<br \/>\nFr\u00fchling auf vielen F\u00e4hrten,<br \/>\naber noch nirgends ein Ziel &#8211; Rilke&quot; <a href=\"http:\/\/twitter.com\/konstantin_frbg\/statuses\/4523190224\" class=\"aktt_tweet_time\">#<\/a><\/li>\n<li>RT @MschFr: Deutsche Zweiheit: <a href=\"http:\/\/bit.ly\/iUPGV\" rel=\"nofollow\">http:\/\/bit.ly\/iUPGV<\/a> <a href=\"http:\/\/twitter.com\/konstantin_frbg\/statuses\/4524608036\" class=\"aktt_tweet_time\">#<\/a><\/li>\n<li>Ich habe eine Mango :-) <a href=\"http:\/\/twitter.com\/konstantin_frbg\/statuses\/4532368733\" class=\"aktt_tweet_time\">#<\/a><\/li>\n<li>Bedenklich: RT @oberlalli: [&#8230;] Badische Zeitung will ihre freien Mitarbeiter dazu bringen, nebenher Abos zu verkaufen. <a href=\"http:\/\/arm.in\/6Nv\" rel=\"nofollow\">http:\/\/arm.in\/6Nv<\/a> <a href=\"http:\/\/twitter.com\/konstantin_frbg\/statuses\/4550072464\" class=\"aktt_tweet_time\">#<\/a><\/li>\n<li>nur EIN (!) feiertag: wird n\u00e4chste woche der sozialismus wieder eingef\u00fchrt oder warum pl\u00fcndert das volk grad die superm\u00e4rkte? #<a href=\"http:\/\/search.twitter.com\/search?q=%23b\" class=\"aktt_hashtag\">b<\/a>\u00fcrgerkrieg <a href=\"http:\/\/twitter.com\/konstantin_frbg\/statuses\/4559427881\" class=\"aktt_tweet_time\">#<\/a><\/li>\n<li>#SPON: #<a href=\"http:\/\/search.twitter.com\/search?q=%23Ackermann\" class=\"aktt_hashtag\">Ackermann<\/a> warnt vor zu strenger Bankenregulierung. <a href=\"http:\/\/tr.im\/Ax5t\" rel=\"nofollow\">http:\/\/tr.im\/Ax5t<\/a> Jawoll, und Raucher warnen vor zu strengen Rauchverboten. #<a href=\"http:\/\/search.twitter.com\/search?q=%23fail\" class=\"aktt_hashtag\">fail<\/a> <a href=\"http:\/\/twitter.com\/konstantin_frbg\/statuses\/4577441726\" class=\"aktt_tweet_time\">#<\/a><\/li>\n<li>Jetzt mitzeichnen! ePetition gegen Atomstromsubvention und f\u00fcr Entsorgungskosten\u00fcbernahme durch Kraftwerksbetreiber. <a href=\"http:\/\/tr.im\/Axzh\" rel=\"nofollow\">http:\/\/tr.im\/Axzh<\/a> <a href=\"http:\/\/twitter.com\/konstantin_frbg\/statuses\/4578941229\" class=\"aktt_tweet_time\">#<\/a><\/li>\n<li>minibackofen vom rumstehen kaputtgegangen, grad gemerkt. #<a href=\"http:\/\/search.twitter.com\/search?q=%23fail\" class=\"aktt_hashtag\">fail<\/a> wird der braten halt .. gebraten. verdammt. <a href=\"http:\/\/twitter.com\/konstantin_frbg\/statuses\/4599883212\" class=\"aktt_tweet_time\">#<\/a><\/li>\n<li>@<a href=\"http:\/\/twitter.com\/blackspear\" class=\"aktt_username\">blackspear<\/a> was genau kann man sich denn darunter vorstellen? <a href=\"http:\/\/twitter.com\/blackspear\/statuses\/4601878976\" class=\"aktt_tweet_reply\">in reply to blackspear<\/a> <a href=\"http:\/\/twitter.com\/konstantin_frbg\/statuses\/4602278556\" class=\"aktt_tweet_time\">#<\/a><\/li>\n<\/ul>\n","protected":false},"excerpt":{"rendered":"<p>oh leute, ich hab getr\u00e4umt, schwarz-gelb h\u00e4tte gewonnen &#8230; hmm &#8230; achso &#8230; mist. # schwerh\u00f6riger nachbar gg\u00fc. telefoniert auf balkon \u00fcber freisprech mit ebenfalls schwerh\u00f6rigem kumpel. geht um CDU. und zweitakt-rasenm\u00e4her. # RT @saschalobo: Praxis: &quot;Vor 2010 kein Termin&quot; Ich: &quot;Privatvers.&quot; &quot;K\u00f6nnen Sie in 1h da sein?&quot; Schwarzgelb wird toll. Nur eben nicht f\u00fcr &#8230; <\/p>\n<p class=\"read-more-container\"><a title=\"Die vergangene Woche bei Twitter. (2009-10-05)\" class=\"read-more button\" href=\"https:\/\/www.konstantin-goerlich.de\/wordpress\/2009\/10\/05\/die-vergangene-woche-bei-twitter-2009-10-05\/#more-555\" aria-label=\"Mehr Informationen \u00fcber Die vergangene Woche bei Twitter. (2009-10-05)\">weiterlesen<\/a><\/p>\n","protected":false},"author":1,"featured_media":0,"comment_status":"open","ping_status":"open","sticky":false,"template":"","format":"standard","meta":{"footnotes":""},"categories":[1],"tags":[],"_links":{"self":[{"href":"https:\/\/www.konstantin-goerlich.de\/wordpress\/wp-json\/wp\/v2\/posts\/555"}],"collection":[{"href":"https:\/\/www.konstantin-goerlich.de\/wordpress\/wp-json\/wp\/v2\/posts"}],"about":[{"href":"https:\/\/www.konstantin-goerlich.de\/wordpress\/wp-json\/wp\/v2\/types\/post"}],"author":[{"embeddable":true,"href":"https:\/\/www.konstantin-goerlich.de\/wordpress\/wp-json\/wp\/v2\/users\/1"}],"replies":[{"embeddable":true,"href":"https:\/\/www.konstantin-goerlich.de\/wordpress\/wp-json\/wp\/v2\/comments?post=555"}],"version-history":[{"count":0,"href":"https:\/\/www.konstantin-goerlich.de\/wordpress\/wp-json\/wp\/v2\/posts\/555\/revisions"}],"wp:attachment":[{"href":"https:\/\/www.konstantin-goerlich.de\/wordpress\/wp-json\/wp\/v2\/media?parent=555"}],"wp:term":[{"taxonomy":"category","embeddable":true,"href":"https:\/\/www.konstantin-goerlich.de\/wordpress\/wp-json\/wp\/v2\/categories?post=555"},{"taxonomy":"post_tag","embeddable":true,"href":"https:\/\/www.konstantin-goerlich.de\/wordpress\/wp-json\/wp\/v2\/tags?post=555"}],"curies":[{"name":"wp","href":"https:\/\/api.w.org\/{rel}","templated":true}]}}