{"id":554,"date":"2009-09-28T08:00:00","date_gmt":"2009-09-28T07:00:00","guid":{"rendered":"http:\/\/www.konstantin-goerlich.de\/wordpress\/2009\/09\/28\/die-vergangene-woche-bei-twitter-2009-09-28\/"},"modified":"2009-09-28T08:00:00","modified_gmt":"2009-09-28T07:00:00","slug":"die-vergangene-woche-bei-twitter-2009-09-28","status":"publish","type":"post","link":"https:\/\/www.konstantin-goerlich.de\/wordpress\/2009\/09\/28\/die-vergangene-woche-bei-twitter-2009-09-28\/","title":{"rendered":"Die vergangene Woche bei Twitter. (2009-09-28)"},"content":{"rendered":"<ul class=\"aktt_tweet_digest\">\n<li>RT @bov: Gr\u00fcne wollen mit CDU! Absolute Vorbedingung: max. 1 neues AKW pro gr\u00fcnem Ministerposten. <a href=\"http:\/\/twitter.com\/konstantin_frbg\/statuses\/4143090544\" class=\"aktt_tweet_time\">#<\/a><\/li>\n<li>jetzt geht&#39;s los, erste Ferien-FSK der letzten Jahre (?) geht los, einzelne Personalie, aber Spannung ^^ #<a href=\"http:\/\/search.twitter.com\/search?q=%23u\" class=\"aktt_hashtag\">u<\/a>-asta <a href=\"http:\/\/twitter.com\/konstantin_frbg\/statuses\/4149417094\" class=\"aktt_tweet_time\">#<\/a><\/li>\n<li>RT @DreisamPirat: stand d #<a href=\"http:\/\/search.twitter.com\/search?q=%23Piraten\" class=\"aktt_hashtag\">Piraten<\/a> #<a href=\"http:\/\/search.twitter.com\/search?q=%23Freiburg\" class=\"aktt_hashtag\">Freiburg<\/a> wird seit 2 Tagen von #<a href=\"http:\/\/search.twitter.com\/search?q=%23Polizei\" class=\"aktt_hashtag\">Polizei<\/a> bewacht! v d Polizei gibt keine Infos wieso &amp; warum sie da sind! <a href=\"http:\/\/twitter.com\/konstantin_frbg\/statuses\/4173940440\" class=\"aktt_tweet_time\">#<\/a><\/li>\n<li>RT @_tillwe_: Bei dieser SpOn-Umfrage zu Atomlaufzeiten geht noch was: <a href=\"http:\/\/bit.ly\/TS4vs\" rel=\"nofollow\">http:\/\/bit.ly\/TS4vs<\/a> <a href=\"http:\/\/twitter.com\/konstantin_frbg\/statuses\/4320565692\" class=\"aktt_tweet_time\">#<\/a><\/li>\n<li>\u201eStudierende buchen bereits Betten in den Notunterk\u00fcnften [&#8230;]. Die Situation ist bereits jetzt sehr, sehr angespannt.&quot; <a href=\"http:\/\/tr.im\/zAt4\" rel=\"nofollow\">http:\/\/tr.im\/zAt4<\/a> <a href=\"http:\/\/twitter.com\/konstantin_frbg\/statuses\/4337896978\" class=\"aktt_tweet_time\">#<\/a><\/li>\n<li><a href=\"http:\/\/tr.im\/zAK3\" rel=\"nofollow\">http:\/\/tr.im\/zAK3<\/a> und wenn dreieinhalb studis am bert demonstrieren, wirds wegen vorrang des verkehrs zu verbieten versucht. #<a href=\"http:\/\/search.twitter.com\/search?q=%23freiburg\" class=\"aktt_hashtag\">freiburg<\/a> #<a href=\"http:\/\/search.twitter.com\/search?q=%23fail\" class=\"aktt_hashtag\">fail<\/a> <a href=\"http:\/\/twitter.com\/konstantin_frbg\/statuses\/4338679585\" class=\"aktt_tweet_time\">#<\/a><\/li>\n<li>RT @sixtus: Dieses &quot;Raus aus Afghanistan&quot; h\u00e4tte Die Linke mal 1979 plakatieren sollen &#8211; in Ost-Berlin. <a href=\"http:\/\/twitter.com\/konstantin_frbg\/statuses\/4341114731\" class=\"aktt_tweet_time\">#<\/a><\/li>\n<li>abgrillen auf der sternwaldwiese anl\u00e4\u00dflich eines geburtstages. leckere angelegenheit :-) <a href=\"http:\/\/twitter.com\/konstantin_frbg\/statuses\/4346065619\" class=\"aktt_tweet_time\">#<\/a><\/li>\n<li>grill ist aus, feuerchen ist an: <a href=\"http:\/\/twitpic.com\/iyxww\" rel=\"nofollow\">http:\/\/twitpic.com\/iyxww<\/a> so ists aushaltbar :-) <a href=\"http:\/\/twitter.com\/konstantin_frbg\/statuses\/4349130504\" class=\"aktt_tweet_time\">#<\/a><\/li>\n<li>RT @der_martin: Email von Westerwelle erhalten. FDP hat wohl ein gro\u00dfes Paket beim Adressh\u00e4ndler Schober gekauft. Das soll mich \u00fcberzeugen? <a href=\"http:\/\/twitter.com\/konstantin_frbg\/statuses\/4363715511\" class=\"aktt_tweet_time\">#<\/a><\/li>\n<li>RT @zeitrafferin: DGAP-Media: Dresdner Bank: 44,6% der Mitarbeiter w\u00e4hlen die #<a href=\"http:\/\/search.twitter.com\/search?q=%23piraten\" class=\"aktt_hashtag\">piraten<\/a> <a href=\"http:\/\/u.nu\/5yeb3\" rel=\"nofollow\">http:\/\/u.nu\/5yeb3<\/a> <a href=\"http:\/\/twitter.com\/konstantin_frbg\/statuses\/4366222248\" class=\"aktt_tweet_time\">#<\/a><\/li>\n<li>RT @<a href=\"http:\/\/twitter.com\/danielmack\" class=\"aktt_username\">danielmack<\/a> #<a href=\"http:\/\/search.twitter.com\/search?q=%23piraten\" class=\"aktt_hashtag\">piraten<\/a> hier in der #<a href=\"http:\/\/search.twitter.com\/search?q=%23bahn\" class=\"aktt_hashtag\">bahn<\/a> sagen sie werden #<a href=\"http:\/\/search.twitter.com\/search?q=%23gruene\" class=\"aktt_hashtag\">gruene<\/a> w\u00e4hlen, da es keine spa\u00df- sondern eine bundestagswahl ist. ((gut so!)) <a href=\"http:\/\/twitter.com\/konstantin_frbg\/statuses\/4366840881\" class=\"aktt_tweet_time\">#<\/a><\/li>\n<li>@<a href=\"http:\/\/twitter.com\/JW_Fr\" class=\"aktt_username\">JW_Fr<\/a> tu ich das? hab neulich getr\u00e4umt, Andreae 28,5%, Erler 28,5%, Sander 29%. *grusel* <a href=\"http:\/\/twitter.com\/JW_Fr\/statuses\/4367981816\" class=\"aktt_tweet_reply\">in reply to JW_Fr<\/a> <a href=\"http:\/\/twitter.com\/konstantin_frbg\/statuses\/4368466386\" class=\"aktt_tweet_time\">#<\/a><\/li>\n<li>grad das erste mal wieder \u00fcber die blaue br\u00fccke in #<a href=\"http:\/\/search.twitter.com\/search?q=%23freiburg\" class=\"aktt_hashtag\">freiburg<\/a> gefahren. hat gehalten. jetzt #<a href=\"http:\/\/search.twitter.com\/search?q=%23st\" class=\"aktt_hashtag\">st<\/a>\u00fchlinger #<a href=\"http:\/\/search.twitter.com\/search?q=%23flohmarkt\" class=\"aktt_hashtag\">flohmarkt<\/a> abgrasen :-) <a href=\"http:\/\/twitter.com\/konstantin_frbg\/statuses\/4390612276\" class=\"aktt_tweet_time\">#<\/a><\/li>\n<li>eigentlich wollte ich mal reinschaun, aber eure kommentare sind viel besser und reichen v\u00f6llig. #<a href=\"http:\/\/search.twitter.com\/search?q=%23tvtotal\" class=\"aktt_hashtag\">tvtotal<\/a> #<a href=\"http:\/\/search.twitter.com\/search?q=%23raab\" class=\"aktt_hashtag\">raab<\/a> #<a href=\"http:\/\/search.twitter.com\/search?q=%23btw09\" class=\"aktt_hashtag\">btw09<\/a> <a href=\"http:\/\/twitter.com\/konstantin_frbg\/statuses\/4400273859\" class=\"aktt_tweet_time\">#<\/a><\/li>\n<li>&quot;Beim Hauptverd\u00e4chtigen soll es sich um einen Deutschen aus S\u00fcdbayern handeln&quot; Reicht das schon als Migrationshintergrund? <a href=\"http:\/\/tr.im\/zPIw\" rel=\"nofollow\">http:\/\/tr.im\/zPIw<\/a> <a href=\"http:\/\/twitter.com\/konstantin_frbg\/statuses\/4401094087\" class=\"aktt_tweet_time\">#<\/a><\/li>\n<li>guten morgen allerseits! hat mir jemand mal ein #<a href=\"http:\/\/search.twitter.com\/search?q=%23exitpoll\" class=\"aktt_hashtag\">exitpoll<\/a> zwischenergebnis? #<a href=\"http:\/\/search.twitter.com\/search?q=%23btw09\" class=\"aktt_hashtag\">btw09<\/a> <a href=\"http:\/\/twitter.com\/konstantin_frbg\/statuses\/4412811641\" class=\"aktt_tweet_time\">#<\/a><\/li>\n<li>Blick in den Spamfilter: &quot;Ihr Raten-Kredit&quot;. Was lese ich? &quot;Piraten-Kredit&quot;. <a href=\"http:\/\/twitter.com\/konstantin_frbg\/statuses\/4412892531\" class=\"aktt_tweet_time\">#<\/a><\/li>\n<li>ab ins wahllokal! aus der krise hilft nur &#8230; w\u00e4hlen! ^^ #<a href=\"http:\/\/search.twitter.com\/search?q=%23btw09\" class=\"aktt_hashtag\">btw09<\/a> <a href=\"http:\/\/twitter.com\/konstantin_frbg\/statuses\/4413136804\" class=\"aktt_tweet_time\">#<\/a><\/li>\n<li>ich finde ja immernoch, da\u00df es beim #<a href=\"http:\/\/search.twitter.com\/search?q=%23wahllokal\" class=\"aktt_hashtag\">wahllokal<\/a> im sttatlichen (!) weinbauinstitut anschlie\u00dfend wein geben sollte. #<a href=\"http:\/\/search.twitter.com\/search?q=%23btw09\" class=\"aktt_hashtag\">btw09<\/a> <a href=\"http:\/\/twitter.com\/konstantin_frbg\/statuses\/4413451287\" class=\"aktt_tweet_time\">#<\/a><\/li>\n<li>@<a href=\"http:\/\/twitter.com\/flecky1982\" class=\"aktt_username\">flecky1982<\/a> so ist es *gg* <a href=\"http:\/\/twitter.com\/flecky1982\/statuses\/4413568282\" class=\"aktt_tweet_reply\">in reply to flecky1982<\/a> <a href=\"http:\/\/twitter.com\/konstantin_frbg\/statuses\/4413606570\" class=\"aktt_tweet_time\">#<\/a><\/li>\n<li>@<a href=\"http:\/\/twitter.com\/flecky1982\" class=\"aktt_username\">flecky1982<\/a> ecke vorschriftsm\u00e4\u00dfig gegr\u00fc\u00dft ^^ <a href=\"http:\/\/twitter.com\/flecky1982\/statuses\/4413633139\" class=\"aktt_tweet_reply\">in reply to flecky1982<\/a> <a href=\"http:\/\/twitter.com\/konstantin_frbg\/statuses\/4413728580\" class=\"aktt_tweet_time\">#<\/a><\/li>\n<\/ul>\n","protected":false},"excerpt":{"rendered":"<p>RT @bov: Gr\u00fcne wollen mit CDU! Absolute Vorbedingung: max. 1 neues AKW pro gr\u00fcnem Ministerposten. # jetzt geht&#39;s los, erste Ferien-FSK der letzten Jahre (?) geht los, einzelne Personalie, aber Spannung ^^ #u-asta # RT @DreisamPirat: stand d #Piraten #Freiburg wird seit 2 Tagen von #Polizei bewacht! v d Polizei gibt keine Infos wieso &amp; &#8230; <\/p>\n<p class=\"read-more-container\"><a title=\"Die vergangene Woche bei Twitter. (2009-09-28)\" class=\"read-more button\" href=\"https:\/\/www.konstantin-goerlich.de\/wordpress\/2009\/09\/28\/die-vergangene-woche-bei-twitter-2009-09-28\/#more-554\" aria-label=\"Mehr Informationen \u00fcber Die vergangene Woche bei Twitter. (2009-09-28)\">weiterlesen<\/a><\/p>\n","protected":false},"author":1,"featured_media":0,"comment_status":"open","ping_status":"open","sticky":false,"template":"","format":"standard","meta":{"footnotes":""},"categories":[1],"tags":[],"_links":{"self":[{"href":"https:\/\/www.konstantin-goerlich.de\/wordpress\/wp-json\/wp\/v2\/posts\/554"}],"collection":[{"href":"https:\/\/www.konstantin-goerlich.de\/wordpress\/wp-json\/wp\/v2\/posts"}],"about":[{"href":"https:\/\/www.konstantin-goerlich.de\/wordpress\/wp-json\/wp\/v2\/types\/post"}],"author":[{"embeddable":true,"href":"https:\/\/www.konstantin-goerlich.de\/wordpress\/wp-json\/wp\/v2\/users\/1"}],"replies":[{"embeddable":true,"href":"https:\/\/www.konstantin-goerlich.de\/wordpress\/wp-json\/wp\/v2\/comments?post=554"}],"version-history":[{"count":0,"href":"https:\/\/www.konstantin-goerlich.de\/wordpress\/wp-json\/wp\/v2\/posts\/554\/revisions"}],"wp:attachment":[{"href":"https:\/\/www.konstantin-goerlich.de\/wordpress\/wp-json\/wp\/v2\/media?parent=554"}],"wp:term":[{"taxonomy":"category","embeddable":true,"href":"https:\/\/www.konstantin-goerlich.de\/wordpress\/wp-json\/wp\/v2\/categories?post=554"},{"taxonomy":"post_tag","embeddable":true,"href":"https:\/\/www.konstantin-goerlich.de\/wordpress\/wp-json\/wp\/v2\/tags?post=554"}],"curies":[{"name":"wp","href":"https:\/\/api.w.org\/{rel}","templated":true}]}}