{"id":552,"date":"2009-09-14T08:00:00","date_gmt":"2009-09-14T07:00:00","guid":{"rendered":"http:\/\/www.konstantin-goerlich.de\/wordpress\/2009\/09\/14\/die-vergangene-woche-bei-twitter-2009-09-14\/"},"modified":"2009-09-14T08:00:00","modified_gmt":"2009-09-14T07:00:00","slug":"die-vergangene-woche-bei-twitter-2009-09-14","status":"publish","type":"post","link":"https:\/\/www.konstantin-goerlich.de\/wordpress\/2009\/09\/14\/die-vergangene-woche-bei-twitter-2009-09-14\/","title":{"rendered":"Die vergangene Woche bei Twitter. (2009-09-14)"},"content":{"rendered":"<ul class=\"aktt_tweet_digest\">\n<li>Direktkandidaten-Check bei #<a href=\"http:\/\/search.twitter.com\/search?q=%23SPON\" class=\"aktt_hashtag\">SPON<\/a> f\u00fcr #<a href=\"http:\/\/search.twitter.com\/search?q=%23Freiburg\" class=\"aktt_hashtag\">Freiburg<\/a> ohne #<a href=\"http:\/\/search.twitter.com\/search?q=%23Sander\" class=\"aktt_hashtag\">Sander<\/a> (#CDU-) aber daf\u00fcr mit einem gewissen Trenkle (#REP-) <a href=\"http:\/\/tr.im\/y4xQ\" rel=\"nofollow\">http:\/\/tr.im\/y4xQ<\/a> #<a href=\"http:\/\/search.twitter.com\/search?q=%23fail\" class=\"aktt_hashtag\">fail<\/a> <a href=\"http:\/\/twitter.com\/konstantin_frbg\/statuses\/3816050147\" class=\"aktt_tweet_time\">#<\/a><\/li>\n<li>RT @_cd_: [&#8230;] Ordnungsamt #<a href=\"http:\/\/search.twitter.com\/search?q=%23Freiburg\" class=\"aktt_hashtag\">Freiburg<\/a> kontrolliert s\u00fcndige Radfahrer in der Freiburger Fu\u00dfg\u00e4ngerzone am Bertoldsbrunnen. #<a href=\"http:\/\/search.twitter.com\/search?q=%23Fahrradstadt\" class=\"aktt_hashtag\">Fahrradstadt<\/a> <a href=\"http:\/\/twitter.com\/konstantin_frbg\/statuses\/3836296638\" class=\"aktt_tweet_time\">#<\/a><\/li>\n<li>@<a href=\"http:\/\/twitter.com\/badischezeitung\" class=\"aktt_username\">badischezeitung<\/a> na da fehlt aber der zeitraffer vom august samt rotwerdendem toleranzpfosten. das wollten seither alle meine besucher sehen <a href=\"http:\/\/twitter.com\/badischezeitung\/statuses\/3838401276\" class=\"aktt_tweet_reply\">in reply to badischezeitung<\/a> <a href=\"http:\/\/twitter.com\/konstantin_frbg\/statuses\/3839189884\" class=\"aktt_tweet_time\">#<\/a><\/li>\n<li>RT @DVaulont: Deutsche Bestatter bieten erstmals Sargflatrate bei Wiedergeburt an <a href=\"http:\/\/tinyurl.com\/lk3ezr\" rel=\"nofollow\">http:\/\/tinyurl.com\/lk3ezr<\/a> #<a href=\"http:\/\/search.twitter.com\/search?q=%23shengfui\" class=\"aktt_hashtag\">shengfui<\/a> <a href=\"http:\/\/twitter.com\/konstantin_frbg\/statuses\/3841869862\" class=\"aktt_tweet_time\">#<\/a><\/li>\n<li>Einsturzgefahr ab Windst\u00e4rke 6: Stadt sichert Schuldecken mit Latten. <a href=\"http:\/\/tr.im\/yaGz\" rel=\"nofollow\">http:\/\/tr.im\/yaGz<\/a> #<a href=\"http:\/\/search.twitter.com\/search?q=%23Freiburg\" class=\"aktt_hashtag\">Freiburg<\/a> #<a href=\"http:\/\/search.twitter.com\/search?q=%23Schulsanierung\" class=\"aktt_hashtag\">Schulsanierung<\/a> #<a href=\"http:\/\/search.twitter.com\/search?q=%23fail\" class=\"aktt_hashtag\">fail<\/a> <a href=\"http:\/\/twitter.com\/konstantin_frbg\/statuses\/3843222590\" class=\"aktt_tweet_time\">#<\/a><\/li>\n<li>RT @stadtreporter: Brand an der KTS heut Nacht, Fenster zerborsten &#8211; Antifa vermutet Nazi-Attacke. Kripo ermittelt. <a href=\"http:\/\/twitpic.com\/h28iw\" rel=\"nofollow\">http:\/\/twitpic.com\/h28iw<\/a> <a href=\"http:\/\/twitter.com\/konstantin_frbg\/statuses\/3859577151\" class=\"aktt_tweet_time\">#<\/a><\/li>\n<li>ui, #<a href=\"http:\/\/search.twitter.com\/search?q=%23Westerwelle\" class=\"aktt_hashtag\">Westerwelle<\/a> im #<a href=\"http:\/\/search.twitter.com\/search?q=%23Konzerthaus\" class=\"aktt_hashtag\">Konzerthaus<\/a> in #<a href=\"http:\/\/search.twitter.com\/search?q=%23Freiburg\" class=\"aktt_hashtag\">Freiburg<\/a> spricht nicht nur frei sondern auch ohne Rednerpult. #<a href=\"http:\/\/search.twitter.com\/search?q=%23showman\" class=\"aktt_hashtag\">showman<\/a> <a href=\"http:\/\/twitter.com\/konstantin_frbg\/statuses\/3865192935\" class=\"aktt_tweet_time\">#<\/a><\/li>\n<li>pullover und windjacke reichen knapp: #<a href=\"http:\/\/search.twitter.com\/search?q=%23h\" class=\"aktt_hashtag\">h<\/a>\u00f6llent\u00e4ler hat den #<a href=\"http:\/\/search.twitter.com\/search?q=%23kastaniengarten\" class=\"aktt_hashtag\">kastaniengarten<\/a> in #<a href=\"http:\/\/search.twitter.com\/search?q=%23freiburg\" class=\"aktt_hashtag\">freiburg<\/a> geentert. wahrscheinlich auch bei den #<a href=\"http:\/\/search.twitter.com\/search?q=%23piraten\" class=\"aktt_hashtag\">piraten<\/a>+ ;-) <a href=\"http:\/\/twitter.com\/konstantin_frbg\/statuses\/3871083367\" class=\"aktt_tweet_time\">#<\/a><\/li>\n<li>RT @voisard: RT @netzpolitik: Grossartig: RT @cchristoph: <a href=\"http:\/\/twitpic.com\/h6vbw\" rel=\"nofollow\">http:\/\/twitpic.com\/h6vbw<\/a> #<a href=\"http:\/\/search.twitter.com\/search?q=%23cdu\" class=\"aktt_hashtag\">cdu<\/a>&#8211; w\u00e4hler wie du und ich <a href=\"http:\/\/twitter.com\/konstantin_frbg\/statuses\/3888761431\" class=\"aktt_tweet_time\">#<\/a><\/li>\n<li>@<a href=\"http:\/\/twitter.com\/pirinhaa\" class=\"aktt_username\">pirinhaa<\/a> na der B\u00fcndnisbeistandsmitmarschierfall nach Artikel 4 <a href=\"http:\/\/twitter.com\/pirinhaa\/statuses\/3909203175\" class=\"aktt_tweet_reply\">in reply to pirinhaa<\/a> <a href=\"http:\/\/twitter.com\/konstantin_frbg\/statuses\/3909403874\" class=\"aktt_tweet_time\">#<\/a><\/li>\n<li>.@<a href=\"http:\/\/twitter.com\/esther_87\" class=\"aktt_username\">esther_87<\/a> nur dort bekommt Sie nicht mit, wenn Mann mal ne pause macht. genau wie beim 2er kanu. <a href=\"http:\/\/twitter.com\/konstantin_frbg\/statuses\/3913654616\" class=\"aktt_tweet_time\">#<\/a><\/li>\n<li>@<a href=\"http:\/\/twitter.com\/HulaLena\" class=\"aktt_username\">HulaLena<\/a> na klar ist der mit bindestrich. darum nennt man ihn ja auch den Minuswalter ^^ <a href=\"http:\/\/twitter.com\/HulaLena\/statuses\/3915405631\" class=\"aktt_tweet_reply\">in reply to HulaLena<\/a> <a href=\"http:\/\/twitter.com\/konstantin_frbg\/statuses\/3915480450\" class=\"aktt_tweet_time\">#<\/a><\/li>\n<li>bin den ganzen tag schon fasziniert von #<a href=\"http:\/\/search.twitter.com\/search?q=%23genius\" class=\"aktt_hashtag\">genius<\/a>-mix im neuen #<a href=\"http:\/\/search.twitter.com\/search?q=%23itunes9\" class=\"aktt_hashtag\">itunes9<\/a> &#8230; magie, obwohl ja irgendwie klar ist, wie&#39;s funktioniert &#8230; <a href=\"http:\/\/twitter.com\/konstantin_frbg\/statuses\/3916386341\" class=\"aktt_tweet_time\">#<\/a><\/li>\n<li>#SPON Interview #<a href=\"http:\/\/search.twitter.com\/search?q=%23Elite\" class=\"aktt_hashtag\">Elite<\/a>-Unis: Seid kritisch! #<a href=\"http:\/\/search.twitter.com\/search?q=%23Exzellenz\" class=\"aktt_hashtag\">Exzellenz<\/a> = Eigenwerbung + wolkige Rhetorik, hat nix mit guter Lehre zu tun <a href=\"http:\/\/tr.im\/yuHj\" rel=\"nofollow\">http:\/\/tr.im\/yuHj<\/a> <a href=\"http:\/\/twitter.com\/konstantin_frbg\/statuses\/3930821084\" class=\"aktt_tweet_time\">#<\/a><\/li>\n<li>@<a href=\"http:\/\/twitter.com\/fxneumann\" class=\"aktt_username\">fxneumann<\/a> Teevolution ^^ <a href=\"http:\/\/twitter.com\/fxneumann\/statuses\/3930816477\" class=\"aktt_tweet_reply\">in reply to fxneumann<\/a> <a href=\"http:\/\/twitter.com\/konstantin_frbg\/statuses\/3930830912\" class=\"aktt_tweet_time\">#<\/a><\/li>\n<li>nach 5 minuten #<a href=\"http:\/\/search.twitter.com\/search?q=%23twitterriffic\" class=\"aktt_hashtag\">twitterriffic<\/a> beschlossen, da\u00df #<a href=\"http:\/\/search.twitter.com\/search?q=%23tweetie\" class=\"aktt_hashtag\">tweetie<\/a> doch die bessere \u00fcbergangsl\u00f6sung ist, bis es #<a href=\"http:\/\/search.twitter.com\/search?q=%23nambu\" class=\"aktt_hashtag\">nambu<\/a> f\u00fcr #<a href=\"http:\/\/search.twitter.com\/search?q=%23snowleopard\" class=\"aktt_hashtag\">snowleopard<\/a> gibt. <a href=\"http:\/\/twitter.com\/konstantin_frbg\/statuses\/3930846728\" class=\"aktt_tweet_time\">#<\/a><\/li>\n<li>so, jetzt ist es passiert: die katze ist (zuerst) eingeschlafen. #<a href=\"http:\/\/search.twitter.com\/search?q=%23tvduell\" class=\"aktt_hashtag\">tvduell<\/a> <a href=\"http:\/\/twitter.com\/konstantin_frbg\/statuses\/3959713063\" class=\"aktt_tweet_time\">#<\/a><\/li>\n<li>f\u00fcr welche partei kandidiert frau illner eigentlich? #<a href=\"http:\/\/search.twitter.com\/search?q=%23tvduell\" class=\"aktt_hashtag\">tvduell<\/a> <a href=\"http:\/\/twitter.com\/konstantin_frbg\/statuses\/3960306116\" class=\"aktt_tweet_time\">#<\/a><\/li>\n<li>heut wandern, jetzt blasen an fersen. linke blase erf\u00fcllte erwartungen 41%, rechte 39%, beide blieben hinter m\u00f6glichkeiten zur\u00fcck. #<a href=\"http:\/\/search.twitter.com\/search?q=%23tvduell\" class=\"aktt_hashtag\">tvduell<\/a> <a href=\"http:\/\/twitter.com\/konstantin_frbg\/statuses\/3962160783\" class=\"aktt_tweet_time\">#<\/a><\/li>\n<li>Umwelt, Bildung, B\u00fcrgerrechte fehlten im #<a href=\"http:\/\/search.twitter.com\/search?q=%23tvduell\" class=\"aktt_hashtag\">tvduell<\/a> <a href=\"http:\/\/tr.im\/yBpx\" rel=\"nofollow\">http:\/\/tr.im\/yBpx<\/a> (@<a href=\"http:\/\/twitter.com\/_tillwe_\" class=\"aktt_username\">_tillwe_<\/a>) Genau die mir wichtigen Themen. Sein Fazit: Gr\u00fcn. Aha. <a href=\"http:\/\/twitter.com\/konstantin_frbg\/statuses\/3962347297\" class=\"aktt_tweet_time\">#<\/a><\/li>\n<li>RT @DanielSanderCDU: &quot;Starke Kanzlerin, schwacher Kandidat! [&#8230;]&quot; &#8230; unter Juristen nennt man das Parallelwertung in der Laiensph\u00e4re. <a href=\"http:\/\/twitter.com\/konstantin_frbg\/statuses\/3962389187\" class=\"aktt_tweet_time\">#<\/a><\/li>\n<\/ul>\n","protected":false},"excerpt":{"rendered":"<p>Direktkandidaten-Check bei #SPON f\u00fcr #Freiburg ohne #Sander (#CDU-) aber daf\u00fcr mit einem gewissen Trenkle (#REP-) http:\/\/tr.im\/y4xQ #fail # RT @_cd_: [&#8230;] Ordnungsamt #Freiburg kontrolliert s\u00fcndige Radfahrer in der Freiburger Fu\u00dfg\u00e4ngerzone am Bertoldsbrunnen. #Fahrradstadt # @badischezeitung na da fehlt aber der zeitraffer vom august samt rotwerdendem toleranzpfosten. das wollten seither alle meine besucher sehen in reply &#8230; <\/p>\n<p class=\"read-more-container\"><a title=\"Die vergangene Woche bei Twitter. (2009-09-14)\" class=\"read-more button\" href=\"https:\/\/www.konstantin-goerlich.de\/wordpress\/2009\/09\/14\/die-vergangene-woche-bei-twitter-2009-09-14\/#more-552\" aria-label=\"Mehr Informationen \u00fcber Die vergangene Woche bei Twitter. (2009-09-14)\">weiterlesen<\/a><\/p>\n","protected":false},"author":1,"featured_media":0,"comment_status":"open","ping_status":"open","sticky":false,"template":"","format":"standard","meta":{"footnotes":""},"categories":[1],"tags":[],"_links":{"self":[{"href":"https:\/\/www.konstantin-goerlich.de\/wordpress\/wp-json\/wp\/v2\/posts\/552"}],"collection":[{"href":"https:\/\/www.konstantin-goerlich.de\/wordpress\/wp-json\/wp\/v2\/posts"}],"about":[{"href":"https:\/\/www.konstantin-goerlich.de\/wordpress\/wp-json\/wp\/v2\/types\/post"}],"author":[{"embeddable":true,"href":"https:\/\/www.konstantin-goerlich.de\/wordpress\/wp-json\/wp\/v2\/users\/1"}],"replies":[{"embeddable":true,"href":"https:\/\/www.konstantin-goerlich.de\/wordpress\/wp-json\/wp\/v2\/comments?post=552"}],"version-history":[{"count":0,"href":"https:\/\/www.konstantin-goerlich.de\/wordpress\/wp-json\/wp\/v2\/posts\/552\/revisions"}],"wp:attachment":[{"href":"https:\/\/www.konstantin-goerlich.de\/wordpress\/wp-json\/wp\/v2\/media?parent=552"}],"wp:term":[{"taxonomy":"category","embeddable":true,"href":"https:\/\/www.konstantin-goerlich.de\/wordpress\/wp-json\/wp\/v2\/categories?post=552"},{"taxonomy":"post_tag","embeddable":true,"href":"https:\/\/www.konstantin-goerlich.de\/wordpress\/wp-json\/wp\/v2\/tags?post=552"}],"curies":[{"name":"wp","href":"https:\/\/api.w.org\/{rel}","templated":true}]}}